{"id":115357,"date":"2025-01-13T10:11:59","date_gmt":"2025-01-13T15:11:59","guid":{"rendered":"https:\/\/futbolhoy.co\/?p=115357"},"modified":"2025-01-14T13:36:24","modified_gmt":"2025-01-14T18:36:24","slug":"goles-colombianos-en-el-exterior-4","status":"publish","type":"post","link":"https:\/\/futbolhoy.co\/index.php\/2025\/01\/13\/goles-colombianos-en-el-exterior-4\/","title":{"rendered":"Goles colombianos en el exterior"},"content":{"rendered":"<p style=\"text-align: justify;\"><span style=\"font-family: helvetica, arial, sans-serif;\">Con la reanudaci\u00f3n de gran parte de las ligas en el mundo, los colombianos volvieron a ser protagonistas con goles. Ese fue el caso de <strong>Gustavo Puerta, Jhon Sol\u00eds, Luis Su\u00e1rez y Mayra Ram\u00edrez,<\/strong> entre otros.<\/span><\/p>\n<p style=\"text-align: justify;\"><span style=\"font-family: helvetica, arial, sans-serif;\"><strong>&#8211; Gustavo Puerta<\/strong> convirti\u00f3 para <strong>Hull<\/strong>\u00a0City (2D) que igual\u00f3 1-1 con <strong>Doncaster Rovers<\/strong> (4D) en la<strong> FA Cup,<\/strong> despu\u00e9s de 120 minutos de partido. Primer tanto con el equipo ingl\u00e9s y segundo en Europa (marc\u00f3 con <strong>Bayer Leverkusen<\/strong> en septiembre de 2023).<\/span><\/p>\n<p style=\"text-align: justify;\"><span style=\"font-family: helvetica, arial, sans-serif;\"><strong>&#8211; Deiver Machado<\/strong> logr\u00f3 el tanto de la victoria de <strong>Lens<\/strong> 1-2 sobre<strong> Le Havre en Francia.<\/strong> Primero de la temporada.<\/span><\/p>\n<p style=\"text-align: justify;\"><span style=\"font-family: helvetica, arial, sans-serif;\"><strong>&#8211; Jhon Sol\u00eds<\/strong> le dio el triunfo a <strong>Girona<\/strong> 0-1 frente a <strong>Alav\u00e9s<\/strong> en <strong>Espa\u00f1a.<\/strong> Primer gol con el club.<\/span><\/p>\n<p style=\"text-align: justify;\"><span style=\"font-family: helvetica, arial, sans-serif;\"><strong>&#8211; Diber Cambindo<\/strong> logr\u00f3 el descuento de <strong>Necaxa<\/strong> que cay\u00f3 2-1 en su visita a <strong>Pumas<\/strong> en <strong>M\u00e9xico.<\/strong> Primero del a\u00f1o.<\/span><\/p>\n<p style=\"text-align: justify;\"><span style=\"font-family: helvetica, arial, sans-serif;\"><strong>&#8211; Hayen Palacios<\/strong> marc\u00f3 el tanto del triunfo de <strong>Athletico Paranaense,<\/strong> que se impuso 2-1 a <strong>Paran\u00e1<\/strong> en el inicio del <strong>Paranaense<\/strong> en <strong>Brasil.<\/strong> Primero del a\u00f1o.\u00a0<\/span><\/p>\n<p style=\"text-align: justify;\"><span style=\"font-family: helvetica, arial, sans-serif;\"><strong>&#8211; Ra\u00fal Z\u00fa\u00f1iga<\/strong> anot\u00f3 el primero de <strong>Tijuana<\/strong> en la derrota 2-4 frente a <strong>Toluca<\/strong> en <strong>M\u00e9xico.<\/strong> Primero del torneo.<\/span><\/p>\n<p style=\"text-align: justify;\"><span style=\"font-family: helvetica, arial, sans-serif;\"><strong>&#8211; Luis Javier Su\u00e1rez<\/strong>, de penalti el primer gol de Almer\u00eda en la goleada 3-0 sobre <strong>C\u00f3rdoba<\/strong> en la segunda divisi\u00f3n de <strong>Espa\u00f1a,<\/strong> donde es el m\u00e1ximo artillero con 17 anotaciones.<\/span><\/p>\n<p style=\"text-align: justify;\"><span style=\"font-family: helvetica, arial, sans-serif;\"><strong>&#8211; Elian Villalobo<\/strong>s logr\u00f3 uno en la victoria de <strong>North Distric<\/strong> 3-1 ante <strong>Kowloon City<\/strong> en la primera divisi\u00f3n de <strong>Hong Kong.<\/strong> Primero en ese pa\u00eds.<\/span><\/p>\n<p style=\"text-align: justify;\"><span style=\"font-family: helvetica, arial, sans-serif;\">&#8211; <strong>Mayra Ram\u00edrez<\/strong> abri\u00f3 la cuenta en la victoria de <strong>Chelsea<\/strong> 4-0 sobre <strong>Charlton<\/strong> en la <strong>FA Cup femenina de Inglaterra.<\/strong> Sexto en la temporada, primero en el torneo.<\/span><\/p>\n","protected":false},"excerpt":{"rendered":"<p>Con la reanudaci\u00f3n de gran parte de las ligas en el mundo, los colombianos volvieron a ser protagonistas con goles. Ese fue el caso de Gustavo Puerta, Jhon Sol\u00eds, Luis Su\u00e1rez y Mayra Ram\u00edrez, entre otros. &#8211; Gustavo Puerta convirti\u00f3 para Hull\u00a0City (2D) que igual\u00f3 1-1 con Doncaster Rovers (4D) en la FA Cup, despu\u00e9s [&hellip;]<\/p>\n","protected":false},"author":4,"featured_media":115358,"comment_status":"open","ping_status":"closed","sticky":false,"template":"","format":"standard","meta":{"_acf_changed":false,"footnotes":""},"categories":[418],"tags":[],"class_list":{"0":"post-115357","1":"post","2":"type-post","3":"status-publish","4":"format-standard","5":"has-post-thumbnail","7":"category-colombia"},"acf":[],"_links":{"self":[{"href":"https:\/\/futbolhoy.co\/index.php\/wp-json\/wp\/v2\/posts\/115357","targetHints":{"allow":["GET"]}}],"collection":[{"href":"https:\/\/futbolhoy.co\/index.php\/wp-json\/wp\/v2\/posts"}],"about":[{"href":"https:\/\/futbolhoy.co\/index.php\/wp-json\/wp\/v2\/types\/post"}],"author":[{"embeddable":true,"href":"https:\/\/futbolhoy.co\/index.php\/wp-json\/wp\/v2\/users\/4"}],"replies":[{"embeddable":true,"href":"https:\/\/futbolhoy.co\/index.php\/wp-json\/wp\/v2\/comments?post=115357"}],"version-history":[{"count":1,"href":"https:\/\/futbolhoy.co\/index.php\/wp-json\/wp\/v2\/posts\/115357\/revisions"}],"predecessor-version":[{"id":115359,"href":"https:\/\/futbolhoy.co\/index.php\/wp-json\/wp\/v2\/posts\/115357\/revisions\/115359"}],"wp:featuredmedia":[{"embeddable":true,"href":"https:\/\/futbolhoy.co\/index.php\/wp-json\/wp\/v2\/media\/115358"}],"wp:attachment":[{"href":"https:\/\/futbolhoy.co\/index.php\/wp-json\/wp\/v2\/media?parent=115357"}],"wp:term":[{"taxonomy":"category","embeddable":true,"href":"https:\/\/futbolhoy.co\/index.php\/wp-json\/wp\/v2\/categories?post=115357"},{"taxonomy":"post_tag","embeddable":true,"href":"https:\/\/futbolhoy.co\/index.php\/wp-json\/wp\/v2\/tags?post=115357"}],"curies":[{"name":"wp","href":"https:\/\/api.w.org\/{rel}","templated":true}]}}