{"id":115631,"date":"2025-01-23T12:25:14","date_gmt":"2025-01-23T17:25:14","guid":{"rendered":"https:\/\/futbolhoy.co\/?p=115631"},"modified":"2025-01-24T12:55:27","modified_gmt":"2025-01-24T17:55:27","slug":"johan-carbonero-es-nuevo-jugador-del-internacional-de-brasil","status":"publish","type":"post","link":"https:\/\/futbolhoy.co\/index.php\/2025\/01\/23\/johan-carbonero-es-nuevo-jugador-del-internacional-de-brasil\/","title":{"rendered":"Johan Carbonero es nuevo jugador del Internacional de Brasil"},"content":{"rendered":"<p style=\"text-align: justify;\"><span style=\"font-family: helvetica, arial, sans-serif;\"><span style=\"font-weight: 400;\">Otro colombiano llega al f\u00fatbol de Brasil. <\/span><b>Johan Carbonero fue anunciado este mi\u00e9rcoles como nuevo jugador del Internacional,<\/b><span style=\"font-weight: 400;\"> con contrato hasta diciembre de este a\u00f1o y con opci\u00f3n de compra.<\/span><\/span><\/p>\n<p style=\"text-align: justify;\"><span style=\"font-family: helvetica, arial, sans-serif;\"><span style=\"font-weight: 400;\">Con 25 a\u00f1os, Carbonero llega al equipo de Porto Alegre como pr\u00e9stamo tras su paso por <\/span><b>Racing de Argentina, donde jugaba desde 2022 <\/b><span style=\"font-weight: 400;\">y con el que tiene contrato hasta finales de 2026.<\/span><\/span><\/p>\n<p style=\"text-align: justify;\"><span style=\"font-family: helvetica, arial, sans-serif;\"><span style=\"font-weight: 400;\">Con Racing, el colombiano se coron\u00f3 campe\u00f3n del<\/span><b> Trofeo de Campeones 2022 y la Copa Sudamericana 2024,<\/b><span style=\"font-weight: 400;\"> junto a Juan Fernando Quintero y Roger Mart\u00ednez.<\/span><\/span><\/p>\n<p style=\"text-align: justify;\"><span style=\"font-family: helvetica, arial, sans-serif;\"><span style=\"font-weight: 400;\">Carbonero compartir\u00e1 equipo ahora con<\/span><b> su compatriota Rafael Santos Borr\u00e9.<\/b><\/span><\/p>\n","protected":false},"excerpt":{"rendered":"<p>Otro colombiano llega al f\u00fatbol de Brasil. Johan Carbonero fue anunciado este mi\u00e9rcoles como nuevo jugador del Internacional, con contrato hasta diciembre de este a\u00f1o y con opci\u00f3n de compra. Con 25 a\u00f1os, Carbonero llega al equipo de Porto Alegre como pr\u00e9stamo tras su paso por Racing de Argentina, donde jugaba desde 2022 y con [&hellip;]<\/p>\n","protected":false},"author":4,"featured_media":115632,"comment_status":"open","ping_status":"closed","sticky":false,"template":"","format":"standard","meta":{"_acf_changed":false,"footnotes":""},"categories":[152],"tags":[],"class_list":{"0":"post-115631","1":"post","2":"type-post","3":"status-publish","4":"format-standard","5":"has-post-thumbnail","7":"category-mundo-futbol"},"acf":[],"_links":{"self":[{"href":"https:\/\/futbolhoy.co\/index.php\/wp-json\/wp\/v2\/posts\/115631","targetHints":{"allow":["GET"]}}],"collection":[{"href":"https:\/\/futbolhoy.co\/index.php\/wp-json\/wp\/v2\/posts"}],"about":[{"href":"https:\/\/futbolhoy.co\/index.php\/wp-json\/wp\/v2\/types\/post"}],"author":[{"embeddable":true,"href":"https:\/\/futbolhoy.co\/index.php\/wp-json\/wp\/v2\/users\/4"}],"replies":[{"embeddable":true,"href":"https:\/\/futbolhoy.co\/index.php\/wp-json\/wp\/v2\/comments?post=115631"}],"version-history":[{"count":1,"href":"https:\/\/futbolhoy.co\/index.php\/wp-json\/wp\/v2\/posts\/115631\/revisions"}],"predecessor-version":[{"id":115633,"href":"https:\/\/futbolhoy.co\/index.php\/wp-json\/wp\/v2\/posts\/115631\/revisions\/115633"}],"wp:featuredmedia":[{"embeddable":true,"href":"https:\/\/futbolhoy.co\/index.php\/wp-json\/wp\/v2\/media\/115632"}],"wp:attachment":[{"href":"https:\/\/futbolhoy.co\/index.php\/wp-json\/wp\/v2\/media?parent=115631"}],"wp:term":[{"taxonomy":"category","embeddable":true,"href":"https:\/\/futbolhoy.co\/index.php\/wp-json\/wp\/v2\/categories?post=115631"},{"taxonomy":"post_tag","embeddable":true,"href":"https:\/\/futbolhoy.co\/index.php\/wp-json\/wp\/v2\/tags?post=115631"}],"curies":[{"name":"wp","href":"https:\/\/api.w.org\/{rel}","templated":true}]}}