{"id":115637,"date":"2025-01-23T21:11:04","date_gmt":"2025-01-24T02:11:04","guid":{"rendered":"https:\/\/futbolhoy.co\/?p=115637"},"modified":"2025-01-24T17:53:03","modified_gmt":"2025-01-24T22:53:03","slug":"chile-y-paraguay-inician-con-triunfo-el-sudamericano-sub-20","status":"publish","type":"post","link":"https:\/\/futbolhoy.co\/index.php\/2025\/01\/23\/chile-y-paraguay-inician-con-triunfo-el-sudamericano-sub-20\/","title":{"rendered":"Chile y Paraguay inician con triunfo el Sudamericano Sub-20"},"content":{"rendered":"<p style=\"text-align: justify;\"><span style=\"font-family: helvetica, arial, sans-serif;\">Comenz\u00f3 el <strong>Sudamericano Sub-20<\/strong> en Venezuela con el desarrollo del Grupo A.<strong> Paraguay y Per\u00fa<\/strong> fueron los que dieron inicio al certamen con el duelo en el<strong> Estadio Metropoiltano de Lara.<\/strong><\/span><\/p>\n<p style=\"text-align: justify;\"><span style=\"font-family: helvetica, arial, sans-serif;\">Comenz\u00f3 ganando Per\u00fa con gol de <strong>Juan Pablo Goicoechea<\/strong>, pero seis minutos m\u00e1s tarde (26\u2032)<strong> Luka Kmet<\/strong> lo empat\u00f3 de penal para los paraguayos. La anotaci\u00f3n del triunfo de los guaran\u00eds lo marc\u00f3 <strong>David Fern\u00e1ndez<\/strong> al 72\u2032 para llevarse los primeros tres puntos del campeonato.<\/span><\/p>\n<p style=\"text-align: justify;\"><span style=\"font-family: helvetica, arial, sans-serif;\">A segundo turno, se impuso Chile frente a Venezuela. El equipo chileno se impuso 1-2 con doblete de <strong>Juan Rossel,<\/strong> mientras que para los venezolanos convirti\u00f3<strong> Kervin Andrade.<\/strong><\/span><\/p>\n<p style=\"text-align: justify;\"><span style=\"font-family: helvetica, arial, sans-serif;\">En esta primera fecha,<strong> Uruguay<\/strong> descans\u00f3. El Grupo B tendr\u00e1 inicio este viernes.<\/span><\/p>\n","protected":false},"excerpt":{"rendered":"<p>Comenz\u00f3 el Sudamericano Sub-20 en Venezuela con el desarrollo del Grupo A. Paraguay y Per\u00fa fueron los que dieron inicio al certamen con el duelo en el Estadio Metropoiltano de Lara. Comenz\u00f3 ganando Per\u00fa con gol de Juan Pablo Goicoechea, pero seis minutos m\u00e1s tarde (26\u2032) Luka Kmet lo empat\u00f3 de penal para los paraguayos. [&hellip;]<\/p>\n","protected":false},"author":4,"featured_media":115638,"comment_status":"open","ping_status":"closed","sticky":false,"template":"","format":"standard","meta":{"_acf_changed":false,"footnotes":""},"categories":[152],"tags":[],"class_list":{"0":"post-115637","1":"post","2":"type-post","3":"status-publish","4":"format-standard","5":"has-post-thumbnail","7":"category-mundo-futbol"},"acf":[],"_links":{"self":[{"href":"https:\/\/futbolhoy.co\/index.php\/wp-json\/wp\/v2\/posts\/115637","targetHints":{"allow":["GET"]}}],"collection":[{"href":"https:\/\/futbolhoy.co\/index.php\/wp-json\/wp\/v2\/posts"}],"about":[{"href":"https:\/\/futbolhoy.co\/index.php\/wp-json\/wp\/v2\/types\/post"}],"author":[{"embeddable":true,"href":"https:\/\/futbolhoy.co\/index.php\/wp-json\/wp\/v2\/users\/4"}],"replies":[{"embeddable":true,"href":"https:\/\/futbolhoy.co\/index.php\/wp-json\/wp\/v2\/comments?post=115637"}],"version-history":[{"count":1,"href":"https:\/\/futbolhoy.co\/index.php\/wp-json\/wp\/v2\/posts\/115637\/revisions"}],"predecessor-version":[{"id":115639,"href":"https:\/\/futbolhoy.co\/index.php\/wp-json\/wp\/v2\/posts\/115637\/revisions\/115639"}],"wp:featuredmedia":[{"embeddable":true,"href":"https:\/\/futbolhoy.co\/index.php\/wp-json\/wp\/v2\/media\/115638"}],"wp:attachment":[{"href":"https:\/\/futbolhoy.co\/index.php\/wp-json\/wp\/v2\/media?parent=115637"}],"wp:term":[{"taxonomy":"category","embeddable":true,"href":"https:\/\/futbolhoy.co\/index.php\/wp-json\/wp\/v2\/categories?post=115637"},{"taxonomy":"post_tag","embeddable":true,"href":"https:\/\/futbolhoy.co\/index.php\/wp-json\/wp\/v2\/tags?post=115637"}],"curies":[{"name":"wp","href":"https:\/\/api.w.org\/{rel}","templated":true}]}}