{"id":115740,"date":"2025-01-26T17:36:40","date_gmt":"2025-01-26T22:36:40","guid":{"rendered":"https:\/\/futbolhoy.co\/?p=115740"},"modified":"2025-01-27T22:21:50","modified_gmt":"2025-01-28T03:21:50","slug":"santa-fe-inicia-con-pie-derecho-tras-vencer-a-pereira","status":"publish","type":"post","link":"https:\/\/futbolhoy.co\/index.php\/2025\/01\/26\/santa-fe-inicia-con-pie-derecho-tras-vencer-a-pereira\/","title":{"rendered":"Santa Fe inicia con pie derecho tras vencer a Pereira"},"content":{"rendered":"<p style=\"text-align: justify;\"><span style=\"font-family: helvetica, arial, sans-serif;\"><b>Santa Fe venci\u00f3 2-1 a Pereira<\/b> en el Estadio El Camp\u00edn y comenz\u00f3 con pie derecho su camino en la Liga BetPlay. Vale la pena mencionar que el cuadro bogotano tiene compromiso internacional con la fase previa de la Copa Libertadores ante Deportes Iquique.<\/span><\/p>\n<p style=\"text-align: justify;\"><span style=\"font-family: helvetica, arial, sans-serif;\"><b>El conjunto Cardenal inici\u00f3 pegando primero muy temprano <\/b>en el encuentro. Apenas en un minuto de juego, Jeison Angulo remat\u00f3 de pierna izquierda tras un centro desde la derecha de Santiago Mosquera.<\/span><\/p>\n<p style=\"text-align: justify;\"><span style=\"font-family: helvetica, arial, sans-serif;\">Los dirigidos por Pablo Peirano aumentaron la ventaja al 41 mediante Alexis Zapata, luego de un pase de Omar Fern\u00e1ndez. Para Pereira, descont\u00f3 <b>Yuberjen Qui\u00f1ones al 45+4.<\/b><\/span><\/p>\n<p style=\"text-align: justify;\"><span style=\"font-family: helvetica, arial, sans-serif;\"><b>El pr\u00f3ximo juego de Santa Fe ser\u00e1 ante Tolima e<\/b>l viernes 1 de enero en El Camp\u00edn. Por su parte, Pereira se medir\u00e1 ante Alianza el lunes 3 de febrero.<\/span><\/p>\n","protected":false},"excerpt":{"rendered":"<p>Santa Fe venci\u00f3 2-1 a Pereira en el Estadio El Camp\u00edn y comenz\u00f3 con pie derecho su camino en la Liga BetPlay. Vale la pena mencionar que el cuadro bogotano tiene compromiso internacional con la fase previa de la Copa Libertadores ante Deportes Iquique. El conjunto Cardenal inici\u00f3 pegando primero muy temprano en el encuentro. [&hellip;]<\/p>\n","protected":false},"author":4,"featured_media":115741,"comment_status":"open","ping_status":"closed","sticky":false,"template":"","format":"standard","meta":{"_acf_changed":false,"footnotes":""},"categories":[7],"tags":[],"class_list":{"0":"post-115740","1":"post","2":"type-post","3":"status-publish","4":"format-standard","5":"has-post-thumbnail","7":"category-liga-betplay"},"acf":[],"_links":{"self":[{"href":"https:\/\/futbolhoy.co\/index.php\/wp-json\/wp\/v2\/posts\/115740","targetHints":{"allow":["GET"]}}],"collection":[{"href":"https:\/\/futbolhoy.co\/index.php\/wp-json\/wp\/v2\/posts"}],"about":[{"href":"https:\/\/futbolhoy.co\/index.php\/wp-json\/wp\/v2\/types\/post"}],"author":[{"embeddable":true,"href":"https:\/\/futbolhoy.co\/index.php\/wp-json\/wp\/v2\/users\/4"}],"replies":[{"embeddable":true,"href":"https:\/\/futbolhoy.co\/index.php\/wp-json\/wp\/v2\/comments?post=115740"}],"version-history":[{"count":1,"href":"https:\/\/futbolhoy.co\/index.php\/wp-json\/wp\/v2\/posts\/115740\/revisions"}],"predecessor-version":[{"id":115742,"href":"https:\/\/futbolhoy.co\/index.php\/wp-json\/wp\/v2\/posts\/115740\/revisions\/115742"}],"wp:featuredmedia":[{"embeddable":true,"href":"https:\/\/futbolhoy.co\/index.php\/wp-json\/wp\/v2\/media\/115741"}],"wp:attachment":[{"href":"https:\/\/futbolhoy.co\/index.php\/wp-json\/wp\/v2\/media?parent=115740"}],"wp:term":[{"taxonomy":"category","embeddable":true,"href":"https:\/\/futbolhoy.co\/index.php\/wp-json\/wp\/v2\/categories?post=115740"},{"taxonomy":"post_tag","embeddable":true,"href":"https:\/\/futbolhoy.co\/index.php\/wp-json\/wp\/v2\/tags?post=115740"}],"curies":[{"name":"wp","href":"https:\/\/api.w.org\/{rel}","templated":true}]}}