{"id":115744,"date":"2025-01-26T20:46:07","date_gmt":"2025-01-27T01:46:07","guid":{"rendered":"https:\/\/futbolhoy.co\/?p=115744"},"modified":"2025-01-28T07:59:03","modified_gmt":"2025-01-28T12:59:03","slug":"colombia-empata-ante-argentina-en-su-estreno-por-el-sudamericano-sub-20","status":"publish","type":"post","link":"https:\/\/futbolhoy.co\/index.php\/2025\/01\/26\/colombia-empata-ante-argentina-en-su-estreno-por-el-sudamericano-sub-20\/","title":{"rendered":"Colombia empata ante Argentina en su estreno por el Sudamericano Sub-20"},"content":{"rendered":"<p style=\"text-align: justify;\"><span style=\"font-family: helvetica, arial, sans-serif;\">La <strong>Selecci\u00f3n Colombia debut\u00f3 en el Sudamericano Sub-20 con un empate 1-1,<\/strong> tras un gran planteamiento frente a la Selecci\u00f3n Argentina que ven\u00eda de golear a Brasil 6-0. El conjunto nacional no jug\u00f3 en la fecha uno, pues le correspondi\u00f3 descanso.<\/span><\/p>\n<p style=\"text-align: justify;\"><span style=\"font-family: helvetica, arial, sans-serif;\">El combinado<strong> Tricolor abri\u00f3 el marcador mediante una contra que lider\u00f3 Jordan Barrera<\/strong> y este cedi\u00f3 para \u00d3scar Perea, quien ingres\u00f3 al \u00e1rea y sac\u00f3 un remate cruzado a ras de piso que se meti\u00f3 sobre el palo derecho del arquero Barbi.<\/span><\/p>\n<p style=\"text-align: justify;\"><span style=\"font-family: helvetica, arial, sans-serif;\"><strong>Pero no dur\u00f3 mucho la alegr\u00eda en el equipo de C\u00e9sar Torres.<\/strong> Por izquierda desbord\u00f3 Santiago Andino y cedi\u00f3 para Claudio Echeverri, quien dispar\u00f3 de primera intenci\u00f3n y la desvi\u00f3 al palo contrario del portero sobre el 36\u2019.<\/span><\/p>\n<p style=\"text-align: justify;\"><span style=\"font-family: helvetica, arial, sans-serif;\">Tanto Colombia como <strong>Argentina tuvieron opciones para marcar el tanto de la diferencia<\/strong>, pero les falt\u00f3 efectividad y terminaron igualando en un atractivo encuentro.<\/span><\/p>\n<p style=\"text-align: justify;\"><span style=\"font-family: helvetica, arial, sans-serif;\">El pr\u00f3ximo partido de la Tricolor ser\u00e1 frente a Ecuador el martes 28 de enero.<strong> La Albiceleste, por su parte, se medir\u00e1 con Bolivia.<\/strong><\/span><\/p>\n","protected":false},"excerpt":{"rendered":"<p>La Selecci\u00f3n Colombia debut\u00f3 en el Sudamericano Sub-20 con un empate 1-1, tras un gran planteamiento frente a la Selecci\u00f3n Argentina que ven\u00eda de golear a Brasil 6-0. El conjunto nacional no jug\u00f3 en la fecha uno, pues le correspondi\u00f3 descanso. El combinado Tricolor abri\u00f3 el marcador mediante una contra que lider\u00f3 Jordan Barrera y [&hellip;]<\/p>\n","protected":false},"author":4,"featured_media":115745,"comment_status":"open","ping_status":"closed","sticky":false,"template":"","format":"standard","meta":{"_acf_changed":false,"footnotes":""},"categories":[418],"tags":[],"class_list":{"0":"post-115744","1":"post","2":"type-post","3":"status-publish","4":"format-standard","5":"has-post-thumbnail","7":"category-colombia"},"acf":[],"_links":{"self":[{"href":"https:\/\/futbolhoy.co\/index.php\/wp-json\/wp\/v2\/posts\/115744","targetHints":{"allow":["GET"]}}],"collection":[{"href":"https:\/\/futbolhoy.co\/index.php\/wp-json\/wp\/v2\/posts"}],"about":[{"href":"https:\/\/futbolhoy.co\/index.php\/wp-json\/wp\/v2\/types\/post"}],"author":[{"embeddable":true,"href":"https:\/\/futbolhoy.co\/index.php\/wp-json\/wp\/v2\/users\/4"}],"replies":[{"embeddable":true,"href":"https:\/\/futbolhoy.co\/index.php\/wp-json\/wp\/v2\/comments?post=115744"}],"version-history":[{"count":1,"href":"https:\/\/futbolhoy.co\/index.php\/wp-json\/wp\/v2\/posts\/115744\/revisions"}],"predecessor-version":[{"id":115746,"href":"https:\/\/futbolhoy.co\/index.php\/wp-json\/wp\/v2\/posts\/115744\/revisions\/115746"}],"wp:featuredmedia":[{"embeddable":true,"href":"https:\/\/futbolhoy.co\/index.php\/wp-json\/wp\/v2\/media\/115745"}],"wp:attachment":[{"href":"https:\/\/futbolhoy.co\/index.php\/wp-json\/wp\/v2\/media?parent=115744"}],"wp:term":[{"taxonomy":"category","embeddable":true,"href":"https:\/\/futbolhoy.co\/index.php\/wp-json\/wp\/v2\/categories?post=115744"},{"taxonomy":"post_tag","embeddable":true,"href":"https:\/\/futbolhoy.co\/index.php\/wp-json\/wp\/v2\/tags?post=115744"}],"curies":[{"name":"wp","href":"https:\/\/api.w.org\/{rel}","templated":true}]}}