{"id":11575,"date":"2017-12-27T07:00:38","date_gmt":"2017-12-27T12:00:38","guid":{"rendered":"http:\/\/futbolhoy.co\/?p=11575"},"modified":"2017-12-27T11:08:01","modified_gmt":"2017-12-27T16:08:01","slug":"tigres-de-mexico-confirmo-al-colombiano-arley-rodriguez","status":"publish","type":"post","link":"https:\/\/futbolhoy.co\/index.php\/2017\/12\/27\/tigres-de-mexico-confirmo-al-colombiano-arley-rodriguez\/","title":{"rendered":"Tigres de M\u00e9xico confirm\u00f3 al colombiano Arley Rodr\u00edguez"},"content":{"rendered":"<p>El delantero<strong> Arley Rodr\u00edguez<\/strong>, quien form\u00f3 parte de la selecci\u00f3n Colombia que particip\u00f3 en los <strong>Juegos Ol\u00edmpicos de R\u00edo de Janeiro,<\/strong> se convirti\u00f3 en nuevo jugador de los <strong>Tigres de la UANL<\/strong> del f\u00fatbol mexicano.<\/p>\n<p>Rodr\u00edguez, originario de San Andr\u00e9s, es un delantero de 24 a\u00f1os que debut\u00f3 como profesional en 2011 con el <strong>Atl\u00e9tico Nacional<\/strong> y despu\u00e9s paso por<strong> Atl\u00e9tico FC<\/strong>, <strong>Deportivo Rionegro y Alianza Petrolera.<\/strong><\/p>\n<p>En Tigres, Rodr\u00edguez deber\u00e1 crecer para ganarse el puesto de titular en un equipo con una s\u00f3lida l\u00ednea ofensiva encabezada por el franc\u00e9s <strong>Andr\u00e9 Pierre Gignac<\/strong>, el ecuatoriano <strong>Enner Valencia,<\/strong> el chileno <strong>Eduardo Vargas<\/strong> y el argentino <strong>Ismael Sosa<\/strong> y con volantes de calidad como el argentino <strong>Lucas Zelaray\u00e1n<\/strong>, el brasile\u00f1o <strong>Rafael Carioca<\/strong> y los mexicanos <strong>Javier Aquino y Jurgem Damn.<\/strong><\/p>\n<blockquote class=\"twitter-tweet\" data-lang=\"es\">\n<p dir=\"ltr\" lang=\"es\">El Club <a href=\"https:\/\/twitter.com\/TigresOficial?ref_src=twsrc%5Etfw\">@TigresOficial<\/a> informa que se adquieren los derechos del jugador Arley Rodr\u00edguez <a href=\"https:\/\/twitter.com\/hashtag\/SomosTigres?src=hash&amp;ref_src=twsrc%5Etfw\">#SomosTigres<\/a> <a href=\"https:\/\/t.co\/6uSg4DmNBr\">pic.twitter.com\/6uSg4DmNBr<\/a><\/p>\n<p>\u2014 CLUB TIGRES OFICIAL (@TigresOficial) <a href=\"https:\/\/twitter.com\/TigresOficial\/status\/945759010665398272?ref_src=twsrc%5Etfw\">26 de diciembre de 2017<\/a><\/p><\/blockquote>\n<p><script async src=\"https:\/\/platform.twitter.com\/widgets.js\" charset=\"utf-8\"><\/script><\/p>\n","protected":false},"excerpt":{"rendered":"<p>El delantero Arley Rodr\u00edguez, quien form\u00f3 parte de la selecci\u00f3n Colombia que particip\u00f3 en los Juegos Ol\u00edmpicos de R\u00edo de Janeiro, se convirti\u00f3 en nuevo jugador de los Tigres de la UANL del f\u00fatbol mexicano. Rodr\u00edguez, originario de San Andr\u00e9s, es un delantero de 24 a\u00f1os que debut\u00f3 como profesional en 2011 con el Atl\u00e9tico [&hellip;]<\/p>\n","protected":false},"author":5,"featured_media":11576,"comment_status":"open","ping_status":"open","sticky":false,"template":"","format":"standard","meta":{"_acf_changed":false,"footnotes":""},"categories":[5,152],"tags":[],"class_list":{"0":"post-11575","1":"post","2":"type-post","3":"status-publish","4":"format-standard","5":"has-post-thumbnail","7":"category-destacados","8":"category-mundo-futbol"},"acf":[],"yoast_head":"<!-- This site is optimized with the Yoast SEO plugin v26.8 - https:\/\/yoast.com\/product\/yoast-seo-wordpress\/ -->\n<title>Tigres de M\u00e9xico confirm\u00f3 al colombiano Arley Rodr\u00edguez -<\/title>\n<meta name=\"robots\" content=\"index, follow, max-snippet:-1, max-image-preview:large, max-video-preview:-1\" \/>\n<link rel=\"canonical\" href=\"https:\/\/futbolhoy.co\/index.php\/2017\/12\/27\/tigres-de-mexico-confirmo-al-colombiano-arley-rodriguez\/\" \/>\n<meta property=\"og:locale\" content=\"es_ES\" \/>\n<meta property=\"og:type\" content=\"article\" \/>\n<meta property=\"og:title\" content=\"Tigres de M\u00e9xico confirm\u00f3 al colombiano Arley Rodr\u00edguez -\" \/>\n<meta property=\"og:description\" content=\"El delantero Arley Rodr\u00edguez, quien form\u00f3 parte de la selecci\u00f3n Colombia que particip\u00f3 en los Juegos Ol\u00edmpicos de R\u00edo de Janeiro, se convirti\u00f3 en nuevo jugador de los Tigres de la UANL del f\u00fatbol mexicano. Rodr\u00edguez, originario de San Andr\u00e9s, es un delantero de 24 a\u00f1os que debut\u00f3 como profesional en 2011 con el Atl\u00e9tico [&hellip;]\" \/>\n<meta property=\"og:url\" content=\"https:\/\/futbolhoy.co\/index.php\/2017\/12\/27\/tigres-de-mexico-confirmo-al-colombiano-arley-rodriguez\/\" \/>\n<meta property=\"article:publisher\" content=\"https:\/\/www.facebook.com\/FutbolHoyCol\/\" \/>\n<meta property=\"article:published_time\" content=\"2017-12-27T12:00:38+00:00\" \/>\n<meta property=\"article:modified_time\" content=\"2017-12-27T16:08:01+00:00\" \/>\n<meta property=\"og:image\" content=\"https:\/\/futbolhoy.co\/wp-content\/uploads\/2017\/12\/IMAGEN-16699860-1.jpg\" \/>\n\t<meta property=\"og:image:width\" content=\"800\" \/>\n\t<meta property=\"og:image:height\" content=\"400\" \/>\n\t<meta property=\"og:image:type\" content=\"image\/jpeg\" \/>\n<meta name=\"author\" content=\"Laura Hern\u00e1ndez\" \/>\n<meta name=\"twitter:card\" content=\"summary_large_image\" \/>\n<meta name=\"twitter:creator\" content=\"@FutbolHoyCol\" \/>\n<meta name=\"twitter:site\" content=\"@FutbolHoyCol\" \/>\n<meta name=\"twitter:label1\" content=\"Escrito por\" \/>\n\t<meta name=\"twitter:data1\" content=\"Laura Hern\u00e1ndez\" \/>\n\t<meta name=\"twitter:label2\" content=\"Tiempo de lectura\" \/>\n\t<meta name=\"twitter:data2\" content=\"1 minuto\" \/>\n<script type=\"application\/ld+json\" class=\"yoast-schema-graph\">{\"@context\":\"https:\/\/schema.org\",\"@graph\":[{\"@type\":\"Article\",\"@id\":\"https:\/\/futbolhoy.co\/index.php\/2017\/12\/27\/tigres-de-mexico-confirmo-al-colombiano-arley-rodriguez\/#article\",\"isPartOf\":{\"@id\":\"https:\/\/futbolhoy.co\/index.php\/2017\/12\/27\/tigres-de-mexico-confirmo-al-colombiano-arley-rodriguez\/\"},\"author\":{\"name\":\"Laura Hern\u00e1ndez\",\"@id\":\"https:\/\/futbolhoy.co\/#\/schema\/person\/c4a353a512b127643723a34bb1812f7d\"},\"headline\":\"Tigres de M\u00e9xico confirm\u00f3 al colombiano Arley Rodr\u00edguez\",\"datePublished\":\"2017-12-27T12:00:38+00:00\",\"dateModified\":\"2017-12-27T16:08:01+00:00\",\"mainEntityOfPage\":{\"@id\":\"https:\/\/futbolhoy.co\/index.php\/2017\/12\/27\/tigres-de-mexico-confirmo-al-colombiano-arley-rodriguez\/\"},\"wordCount\":180,\"commentCount\":0,\"publisher\":{\"@id\":\"https:\/\/futbolhoy.co\/#organization\"},\"image\":{\"@id\":\"https:\/\/futbolhoy.co\/index.php\/2017\/12\/27\/tigres-de-mexico-confirmo-al-colombiano-arley-rodriguez\/#primaryimage\"},\"thumbnailUrl\":\"https:\/\/futbolhoy.co\/wp-content\/uploads\/2017\/12\/IMAGEN-16699860-1.jpg\",\"articleSection\":[\"Destacados\",\"Mundo Futbol\"],\"inLanguage\":\"es\",\"potentialAction\":[{\"@type\":\"CommentAction\",\"name\":\"Comment\",\"target\":[\"https:\/\/futbolhoy.co\/index.php\/2017\/12\/27\/tigres-de-mexico-confirmo-al-colombiano-arley-rodriguez\/#respond\"]}]},{\"@type\":\"WebPage\",\"@id\":\"https:\/\/futbolhoy.co\/index.php\/2017\/12\/27\/tigres-de-mexico-confirmo-al-colombiano-arley-rodriguez\/\",\"url\":\"https:\/\/futbolhoy.co\/index.php\/2017\/12\/27\/tigres-de-mexico-confirmo-al-colombiano-arley-rodriguez\/\",\"name\":\"Tigres de M\u00e9xico confirm\u00f3 al colombiano Arley Rodr\u00edguez -\",\"isPartOf\":{\"@id\":\"https:\/\/futbolhoy.co\/#website\"},\"primaryImageOfPage\":{\"@id\":\"https:\/\/futbolhoy.co\/index.php\/2017\/12\/27\/tigres-de-mexico-confirmo-al-colombiano-arley-rodriguez\/#primaryimage\"},\"image\":{\"@id\":\"https:\/\/futbolhoy.co\/index.php\/2017\/12\/27\/tigres-de-mexico-confirmo-al-colombiano-arley-rodriguez\/#primaryimage\"},\"thumbnailUrl\":\"https:\/\/futbolhoy.co\/wp-content\/uploads\/2017\/12\/IMAGEN-16699860-1.jpg\",\"datePublished\":\"2017-12-27T12:00:38+00:00\",\"dateModified\":\"2017-12-27T16:08:01+00:00\",\"breadcrumb\":{\"@id\":\"https:\/\/futbolhoy.co\/index.php\/2017\/12\/27\/tigres-de-mexico-confirmo-al-colombiano-arley-rodriguez\/#breadcrumb\"},\"inLanguage\":\"es\",\"potentialAction\":[{\"@type\":\"ReadAction\",\"target\":[\"https:\/\/futbolhoy.co\/index.php\/2017\/12\/27\/tigres-de-mexico-confirmo-al-colombiano-arley-rodriguez\/\"]}]},{\"@type\":\"ImageObject\",\"inLanguage\":\"es\",\"@id\":\"https:\/\/futbolhoy.co\/index.php\/2017\/12\/27\/tigres-de-mexico-confirmo-al-colombiano-arley-rodriguez\/#primaryimage\",\"url\":\"https:\/\/futbolhoy.co\/wp-content\/uploads\/2017\/12\/IMAGEN-16699860-1.jpg\",\"contentUrl\":\"https:\/\/futbolhoy.co\/wp-content\/uploads\/2017\/12\/IMAGEN-16699860-1.jpg\",\"width\":800,\"height\":400},{\"@type\":\"BreadcrumbList\",\"@id\":\"https:\/\/futbolhoy.co\/index.php\/2017\/12\/27\/tigres-de-mexico-confirmo-al-colombiano-arley-rodriguez\/#breadcrumb\",\"itemListElement\":[{\"@type\":\"ListItem\",\"position\":1,\"name\":\"Portada\",\"item\":\"https:\/\/futbolhoy.co\/\"},{\"@type\":\"ListItem\",\"position\":2,\"name\":\"Tigres de M\u00e9xico confirm\u00f3 al colombiano Arley Rodr\u00edguez\"}]},{\"@type\":\"WebSite\",\"@id\":\"https:\/\/futbolhoy.co\/#website\",\"url\":\"https:\/\/futbolhoy.co\/\",\"name\":\"FutbolHoy\",\"description\":\"\",\"publisher\":{\"@id\":\"https:\/\/futbolhoy.co\/#organization\"},\"potentialAction\":[{\"@type\":\"SearchAction\",\"target\":{\"@type\":\"EntryPoint\",\"urlTemplate\":\"https:\/\/futbolhoy.co\/?s={search_term_string}\"},\"query-input\":{\"@type\":\"PropertyValueSpecification\",\"valueRequired\":true,\"valueName\":\"search_term_string\"}}],\"inLanguage\":\"es\"},{\"@type\":\"Organization\",\"@id\":\"https:\/\/futbolhoy.co\/#organization\",\"name\":\"Futbolhoy.co\",\"url\":\"https:\/\/futbolhoy.co\/\",\"logo\":{\"@type\":\"ImageObject\",\"inLanguage\":\"es\",\"@id\":\"https:\/\/futbolhoy.co\/#\/schema\/logo\/image\/\",\"url\":\"https:\/\/futbolhoy.co\/wp-content\/uploads\/2018\/08\/17426380_1906371736249227_6326180412931521141_n.jpg\",\"contentUrl\":\"https:\/\/futbolhoy.co\/wp-content\/uploads\/2018\/08\/17426380_1906371736249227_6326180412931521141_n.jpg\",\"width\":960,\"height\":960,\"caption\":\"Futbolhoy.co\"},\"image\":{\"@id\":\"https:\/\/futbolhoy.co\/#\/schema\/logo\/image\/\"},\"sameAs\":[\"https:\/\/www.facebook.com\/FutbolHoyCol\/\",\"https:\/\/x.com\/FutbolHoyCol\",\"https:\/\/www.instagram.com\/futbolhoycol\/\"]},{\"@type\":\"Person\",\"@id\":\"https:\/\/futbolhoy.co\/#\/schema\/person\/c4a353a512b127643723a34bb1812f7d\",\"name\":\"Laura Hern\u00e1ndez\",\"image\":{\"@type\":\"ImageObject\",\"inLanguage\":\"es\",\"@id\":\"https:\/\/futbolhoy.co\/#\/schema\/person\/image\/\",\"url\":\"https:\/\/secure.gravatar.com\/avatar\/d25959a15b9b293a743f99181c7cfd01?s=96&d=mm&r=g\",\"contentUrl\":\"https:\/\/secure.gravatar.com\/avatar\/d25959a15b9b293a743f99181c7cfd01?s=96&d=mm&r=g\",\"caption\":\"Laura Hern\u00e1ndez\"}}]}<\/script>\n<!-- \/ Yoast SEO plugin. -->","yoast_head_json":{"title":"Tigres de M\u00e9xico confirm\u00f3 al colombiano Arley Rodr\u00edguez -","robots":{"index":"index","follow":"follow","max-snippet":"max-snippet:-1","max-image-preview":"max-image-preview:large","max-video-preview":"max-video-preview:-1"},"canonical":"https:\/\/futbolhoy.co\/index.php\/2017\/12\/27\/tigres-de-mexico-confirmo-al-colombiano-arley-rodriguez\/","og_locale":"es_ES","og_type":"article","og_title":"Tigres de M\u00e9xico confirm\u00f3 al colombiano Arley Rodr\u00edguez -","og_description":"El delantero Arley Rodr\u00edguez, quien form\u00f3 parte de la selecci\u00f3n Colombia que particip\u00f3 en los Juegos Ol\u00edmpicos de R\u00edo de Janeiro, se convirti\u00f3 en nuevo jugador de los Tigres de la UANL del f\u00fatbol mexicano. Rodr\u00edguez, originario de San Andr\u00e9s, es un delantero de 24 a\u00f1os que debut\u00f3 como profesional en 2011 con el Atl\u00e9tico [&hellip;]","og_url":"https:\/\/futbolhoy.co\/index.php\/2017\/12\/27\/tigres-de-mexico-confirmo-al-colombiano-arley-rodriguez\/","article_publisher":"https:\/\/www.facebook.com\/FutbolHoyCol\/","article_published_time":"2017-12-27T12:00:38+00:00","article_modified_time":"2017-12-27T16:08:01+00:00","og_image":[{"width":800,"height":400,"url":"https:\/\/futbolhoy.co\/wp-content\/uploads\/2017\/12\/IMAGEN-16699860-1.jpg","type":"image\/jpeg"}],"author":"Laura Hern\u00e1ndez","twitter_card":"summary_large_image","twitter_creator":"@FutbolHoyCol","twitter_site":"@FutbolHoyCol","twitter_misc":{"Escrito por":"Laura Hern\u00e1ndez","Tiempo de lectura":"1 minuto"},"schema":{"@context":"https:\/\/schema.org","@graph":[{"@type":"Article","@id":"https:\/\/futbolhoy.co\/index.php\/2017\/12\/27\/tigres-de-mexico-confirmo-al-colombiano-arley-rodriguez\/#article","isPartOf":{"@id":"https:\/\/futbolhoy.co\/index.php\/2017\/12\/27\/tigres-de-mexico-confirmo-al-colombiano-arley-rodriguez\/"},"author":{"name":"Laura Hern\u00e1ndez","@id":"https:\/\/futbolhoy.co\/#\/schema\/person\/c4a353a512b127643723a34bb1812f7d"},"headline":"Tigres de M\u00e9xico confirm\u00f3 al colombiano Arley Rodr\u00edguez","datePublished":"2017-12-27T12:00:38+00:00","dateModified":"2017-12-27T16:08:01+00:00","mainEntityOfPage":{"@id":"https:\/\/futbolhoy.co\/index.php\/2017\/12\/27\/tigres-de-mexico-confirmo-al-colombiano-arley-rodriguez\/"},"wordCount":180,"commentCount":0,"publisher":{"@id":"https:\/\/futbolhoy.co\/#organization"},"image":{"@id":"https:\/\/futbolhoy.co\/index.php\/2017\/12\/27\/tigres-de-mexico-confirmo-al-colombiano-arley-rodriguez\/#primaryimage"},"thumbnailUrl":"https:\/\/futbolhoy.co\/wp-content\/uploads\/2017\/12\/IMAGEN-16699860-1.jpg","articleSection":["Destacados","Mundo Futbol"],"inLanguage":"es","potentialAction":[{"@type":"CommentAction","name":"Comment","target":["https:\/\/futbolhoy.co\/index.php\/2017\/12\/27\/tigres-de-mexico-confirmo-al-colombiano-arley-rodriguez\/#respond"]}]},{"@type":"WebPage","@id":"https:\/\/futbolhoy.co\/index.php\/2017\/12\/27\/tigres-de-mexico-confirmo-al-colombiano-arley-rodriguez\/","url":"https:\/\/futbolhoy.co\/index.php\/2017\/12\/27\/tigres-de-mexico-confirmo-al-colombiano-arley-rodriguez\/","name":"Tigres de M\u00e9xico confirm\u00f3 al colombiano Arley Rodr\u00edguez -","isPartOf":{"@id":"https:\/\/futbolhoy.co\/#website"},"primaryImageOfPage":{"@id":"https:\/\/futbolhoy.co\/index.php\/2017\/12\/27\/tigres-de-mexico-confirmo-al-colombiano-arley-rodriguez\/#primaryimage"},"image":{"@id":"https:\/\/futbolhoy.co\/index.php\/2017\/12\/27\/tigres-de-mexico-confirmo-al-colombiano-arley-rodriguez\/#primaryimage"},"thumbnailUrl":"https:\/\/futbolhoy.co\/wp-content\/uploads\/2017\/12\/IMAGEN-16699860-1.jpg","datePublished":"2017-12-27T12:00:38+00:00","dateModified":"2017-12-27T16:08:01+00:00","breadcrumb":{"@id":"https:\/\/futbolhoy.co\/index.php\/2017\/12\/27\/tigres-de-mexico-confirmo-al-colombiano-arley-rodriguez\/#breadcrumb"},"inLanguage":"es","potentialAction":[{"@type":"ReadAction","target":["https:\/\/futbolhoy.co\/index.php\/2017\/12\/27\/tigres-de-mexico-confirmo-al-colombiano-arley-rodriguez\/"]}]},{"@type":"ImageObject","inLanguage":"es","@id":"https:\/\/futbolhoy.co\/index.php\/2017\/12\/27\/tigres-de-mexico-confirmo-al-colombiano-arley-rodriguez\/#primaryimage","url":"https:\/\/futbolhoy.co\/wp-content\/uploads\/2017\/12\/IMAGEN-16699860-1.jpg","contentUrl":"https:\/\/futbolhoy.co\/wp-content\/uploads\/2017\/12\/IMAGEN-16699860-1.jpg","width":800,"height":400},{"@type":"BreadcrumbList","@id":"https:\/\/futbolhoy.co\/index.php\/2017\/12\/27\/tigres-de-mexico-confirmo-al-colombiano-arley-rodriguez\/#breadcrumb","itemListElement":[{"@type":"ListItem","position":1,"name":"Portada","item":"https:\/\/futbolhoy.co\/"},{"@type":"ListItem","position":2,"name":"Tigres de M\u00e9xico confirm\u00f3 al colombiano Arley Rodr\u00edguez"}]},{"@type":"WebSite","@id":"https:\/\/futbolhoy.co\/#website","url":"https:\/\/futbolhoy.co\/","name":"FutbolHoy","description":"","publisher":{"@id":"https:\/\/futbolhoy.co\/#organization"},"potentialAction":[{"@type":"SearchAction","target":{"@type":"EntryPoint","urlTemplate":"https:\/\/futbolhoy.co\/?s={search_term_string}"},"query-input":{"@type":"PropertyValueSpecification","valueRequired":true,"valueName":"search_term_string"}}],"inLanguage":"es"},{"@type":"Organization","@id":"https:\/\/futbolhoy.co\/#organization","name":"Futbolhoy.co","url":"https:\/\/futbolhoy.co\/","logo":{"@type":"ImageObject","inLanguage":"es","@id":"https:\/\/futbolhoy.co\/#\/schema\/logo\/image\/","url":"https:\/\/futbolhoy.co\/wp-content\/uploads\/2018\/08\/17426380_1906371736249227_6326180412931521141_n.jpg","contentUrl":"https:\/\/futbolhoy.co\/wp-content\/uploads\/2018\/08\/17426380_1906371736249227_6326180412931521141_n.jpg","width":960,"height":960,"caption":"Futbolhoy.co"},"image":{"@id":"https:\/\/futbolhoy.co\/#\/schema\/logo\/image\/"},"sameAs":["https:\/\/www.facebook.com\/FutbolHoyCol\/","https:\/\/x.com\/FutbolHoyCol","https:\/\/www.instagram.com\/futbolhoycol\/"]},{"@type":"Person","@id":"https:\/\/futbolhoy.co\/#\/schema\/person\/c4a353a512b127643723a34bb1812f7d","name":"Laura Hern\u00e1ndez","image":{"@type":"ImageObject","inLanguage":"es","@id":"https:\/\/futbolhoy.co\/#\/schema\/person\/image\/","url":"https:\/\/secure.gravatar.com\/avatar\/d25959a15b9b293a743f99181c7cfd01?s=96&d=mm&r=g","contentUrl":"https:\/\/secure.gravatar.com\/avatar\/d25959a15b9b293a743f99181c7cfd01?s=96&d=mm&r=g","caption":"Laura Hern\u00e1ndez"}}]}},"publishpress_future_action":{"enabled":false,"date":"2026-05-03 14:14:10","action":"change-status","newStatus":"draft","terms":[],"taxonomy":"category","extraData":[]},"publishpress_future_workflow_manual_trigger":{"enabledWorkflows":[]},"_links":{"self":[{"href":"https:\/\/futbolhoy.co\/index.php\/wp-json\/wp\/v2\/posts\/11575","targetHints":{"allow":["GET"]}}],"collection":[{"href":"https:\/\/futbolhoy.co\/index.php\/wp-json\/wp\/v2\/posts"}],"about":[{"href":"https:\/\/futbolhoy.co\/index.php\/wp-json\/wp\/v2\/types\/post"}],"author":[{"embeddable":true,"href":"https:\/\/futbolhoy.co\/index.php\/wp-json\/wp\/v2\/users\/5"}],"replies":[{"embeddable":true,"href":"https:\/\/futbolhoy.co\/index.php\/wp-json\/wp\/v2\/comments?post=11575"}],"version-history":[{"count":1,"href":"https:\/\/futbolhoy.co\/index.php\/wp-json\/wp\/v2\/posts\/11575\/revisions"}],"predecessor-version":[{"id":11577,"href":"https:\/\/futbolhoy.co\/index.php\/wp-json\/wp\/v2\/posts\/11575\/revisions\/11577"}],"wp:featuredmedia":[{"embeddable":true,"href":"https:\/\/futbolhoy.co\/index.php\/wp-json\/wp\/v2\/media\/11576"}],"wp:attachment":[{"href":"https:\/\/futbolhoy.co\/index.php\/wp-json\/wp\/v2\/media?parent=11575"}],"wp:term":[{"taxonomy":"category","embeddable":true,"href":"https:\/\/futbolhoy.co\/index.php\/wp-json\/wp\/v2\/categories?post=11575"},{"taxonomy":"post_tag","embeddable":true,"href":"https:\/\/futbolhoy.co\/index.php\/wp-json\/wp\/v2\/tags?post=11575"}],"curies":[{"name":"wp","href":"https:\/\/api.w.org\/{rel}","templated":true}]}}