{"id":115794,"date":"2025-01-27T06:33:10","date_gmt":"2025-01-27T11:33:10","guid":{"rendered":"https:\/\/futbolhoy.co\/?p=115794"},"modified":"2025-01-28T08:37:29","modified_gmt":"2025-01-28T13:37:29","slug":"luis-de-la-fuente-renovo-como-dt-de-espana","status":"publish","type":"post","link":"https:\/\/futbolhoy.co\/index.php\/2025\/01\/27\/luis-de-la-fuente-renovo-como-dt-de-espana\/","title":{"rendered":"Luis de la Fuente renov\u00f3 como DT de Espa\u00f1a"},"content":{"rendered":"<p style=\"text-align: justify;\"><span style=\"font-family: helvetica, arial, sans-serif;\">El actual seleccionador de <strong>Espa\u00f1a, Luis de la Fuente,<\/strong> extendi\u00f3 su v\u00ednculo con la hasta el 2028, comunic\u00f3 este lunes la<strong> Real Federaci\u00f3n Espa\u00f1ola de F\u00fatbol.<\/strong><\/span><\/p>\n<p style=\"text-align: justify;\"><span style=\"font-family: helvetica, arial, sans-serif;\">\u00abLa Real Federaci\u00f3n Espa\u00f1ola de F\u00fatbol ha acordado renovar la confianza del organismo rector en la figura de Luis de la Fuente, quien continuar\u00e1 al frente del combinado nacional como su seleccionador hasta la finalizaci\u00f3n de la <strong>Eurocopa<\/strong> a disputar en el a\u00f1o 2028&#8243;, se\u00f1al\u00f3 el comunicado de la organizaci\u00f3n.<\/span><\/p>\n<p style=\"text-align: justify;\"><span style=\"font-family: helvetica, arial, sans-serif;\">El riojano, junto a su cuerpo t\u00e9cnico al completo que tambi\u00e9n continuar\u00e1 con el equipo, se har\u00e1 cargo de la selecci\u00f3n m\u00e1s all\u00e1 del <strong>Mundial<\/strong> que se celebrar\u00e1 el pr\u00f3ximo a\u00f1o en<strong> Estados Unidos, Canad\u00e1 y M\u00e9xico,<\/strong> al mismo tiempo que se asegura la Eurocopa de 2028 en<strong> Reino Unido e Irlanda.<\/strong><\/span><\/p>\n<p style=\"text-align: justify;\"><span style=\"font-family: helvetica, arial, sans-serif;\">De la Fuente se convirti\u00f3 en seleccionador de la absoluta el 8 de diciembre de 2022 para sustituir a Luis Enrique. Desde entonces, ha conquistado la<strong> Nations League en 2023<\/strong> contra <strong>Croacia<\/strong> y la <strong>Eurocopa<\/strong> en 2024.<\/span><\/p>\n<p style=\"text-align: justify;\"><span style=\"font-family: helvetica, arial, sans-serif;\">El pr\u00f3ximo reto del combinado espa\u00f1ol ser\u00e1 los cuartos de final de la<strong> Liga de Naciones contra Pa\u00edses Bajos,<\/strong> los d\u00edas 20 y 23 de marzo.<\/span><\/p>\n","protected":false},"excerpt":{"rendered":"<p>El actual seleccionador de Espa\u00f1a, Luis de la Fuente, extendi\u00f3 su v\u00ednculo con la hasta el 2028, comunic\u00f3 este lunes la Real Federaci\u00f3n Espa\u00f1ola de F\u00fatbol. \u00abLa Real Federaci\u00f3n Espa\u00f1ola de F\u00fatbol ha acordado renovar la confianza del organismo rector en la figura de Luis de la Fuente, quien continuar\u00e1 al frente del combinado nacional [&hellip;]<\/p>\n","protected":false},"author":4,"featured_media":115795,"comment_status":"open","ping_status":"closed","sticky":false,"template":"","format":"standard","meta":{"_acf_changed":false,"footnotes":""},"categories":[152],"tags":[],"class_list":{"0":"post-115794","1":"post","2":"type-post","3":"status-publish","4":"format-standard","5":"has-post-thumbnail","7":"category-mundo-futbol"},"acf":[],"_links":{"self":[{"href":"https:\/\/futbolhoy.co\/index.php\/wp-json\/wp\/v2\/posts\/115794","targetHints":{"allow":["GET"]}}],"collection":[{"href":"https:\/\/futbolhoy.co\/index.php\/wp-json\/wp\/v2\/posts"}],"about":[{"href":"https:\/\/futbolhoy.co\/index.php\/wp-json\/wp\/v2\/types\/post"}],"author":[{"embeddable":true,"href":"https:\/\/futbolhoy.co\/index.php\/wp-json\/wp\/v2\/users\/4"}],"replies":[{"embeddable":true,"href":"https:\/\/futbolhoy.co\/index.php\/wp-json\/wp\/v2\/comments?post=115794"}],"version-history":[{"count":1,"href":"https:\/\/futbolhoy.co\/index.php\/wp-json\/wp\/v2\/posts\/115794\/revisions"}],"predecessor-version":[{"id":115796,"href":"https:\/\/futbolhoy.co\/index.php\/wp-json\/wp\/v2\/posts\/115794\/revisions\/115796"}],"wp:featuredmedia":[{"embeddable":true,"href":"https:\/\/futbolhoy.co\/index.php\/wp-json\/wp\/v2\/media\/115795"}],"wp:attachment":[{"href":"https:\/\/futbolhoy.co\/index.php\/wp-json\/wp\/v2\/media?parent=115794"}],"wp:term":[{"taxonomy":"category","embeddable":true,"href":"https:\/\/futbolhoy.co\/index.php\/wp-json\/wp\/v2\/categories?post=115794"},{"taxonomy":"post_tag","embeddable":true,"href":"https:\/\/futbolhoy.co\/index.php\/wp-json\/wp\/v2\/tags?post=115794"}],"curies":[{"name":"wp","href":"https:\/\/api.w.org\/{rel}","templated":true}]}}