{"id":115809,"date":"2025-01-28T08:09:39","date_gmt":"2025-01-28T13:09:39","guid":{"rendered":"https:\/\/futbolhoy.co\/?p=115809"},"modified":"2025-01-29T11:03:30","modified_gmt":"2025-01-29T16:03:30","slug":"james-sobre-el-fichaje-fallido-por-junior-el-ruido-lo-hicieron-ellos","status":"publish","type":"post","link":"https:\/\/futbolhoy.co\/index.php\/2025\/01\/28\/james-sobre-el-fichaje-fallido-por-junior-el-ruido-lo-hicieron-ellos\/","title":{"rendered":"James sobre el fichaje fallido por Junior: \u201cEl ruido lo hicieron ellos\u201d"},"content":{"rendered":"<p style=\"text-align: justify;\"><span style=\"font-family: helvetica, arial, sans-serif;\"><strong>James Rodr\u00edguez<\/strong> parece estar disfrutando nuevamente del f\u00fatbol tras su llegada al <strong>Le\u00f3n<\/strong> de <strong>M\u00e9xico<\/strong>. En los dos partidos que ha jugado, ha sido protagonistas, pero lo fue m\u00e1s en el \u00faltimo tras convertir de penal el gol del triunfo.<\/span><\/p>\n<p style=\"text-align: justify;\"><span style=\"font-family: helvetica, arial, sans-serif;\">El volante colombiano habl\u00f3 con <em><strong>Fox Sports M\u00e9xico<\/strong><\/em> y all\u00ed re refiri\u00f3 a varios temas, como su fichaje fallido por <strong>Junior<\/strong> o el porqu\u00e9 en los \u00faltimos a\u00f1os no ha rendido tanto a nivel de clubes.<\/span><\/p>\n<p style=\"text-align: justify;\"><span style=\"font-family: helvetica, arial, sans-serif;\">\u201cNo, no\u201d, inici\u00f3 diciendo sobre si estuvo cerca de fichar por el equipo barranquillero. \u201cDesde un principio, ya todos sab\u00edan que era dif\u00edcil. S\u00ed hemos hablado, pero sab\u00edan que era duro.<strong> El ruido y todas esas cosas creo que lo han hecho ellos<\/strong>. Ya todos sab\u00edan que era duro por diferentes cosas\u201d, agreg\u00f3.<\/span><\/p>\n<p style=\"text-align: justify;\"><span style=\"font-family: helvetica, arial, sans-serif;\">Tambi\u00e9n aludi\u00f3 a un cambio en el f\u00fatbol, en el que cada vez se utiliza menos la figura del \u201810\u2019.<\/span><\/p>\n<p style=\"text-align: justify;\"><span style=\"font-family: helvetica, arial, sans-serif;\">\u201cQuiz\u00e1s en los clubes ya no usan tanto un 10, el f\u00fatbol ha cambiado mucho, ya le ponen m\u00e1s cuidado a la parte f\u00edsica, jugadores que son muy r\u00e1pidos por banda, el 10 se est\u00e1 perdiendo un poco, pero creo que todav\u00eda hay t\u00e9cnicos que son inteligentes y pueden jugar con 10. Creo que cuando tienes a alguien con talento es mucho m\u00e1s f\u00e1cil crear chances y es m\u00e1s f\u00e1cil poder ganar\u201d, a\u00f1adi\u00f3.<\/span><\/p>\n<p style=\"text-align: justify;\"><span style=\"font-family: helvetica, arial, sans-serif;\">Entretanto, sobre pelear el t\u00edtulo de la <strong>Liga<\/strong>, coment\u00f3: \u201cLa idea es poder competir bien, tengo entendido que han ganado tres, tienen ahora su corona y vamos a quitar quit\u00e1rsela. Tenemos que jugar, creo que tenemos equipo para hacerlo\u201d.<\/span><\/p>\n<blockquote class=\"twitter-tweet\" data-media-max-width=\"560\">\n<p dir=\"ltr\" lang=\"es\">\u00abNO SOLO FUE POR EL MUNDIAL DE CLUBES\u00bb. \ud83d\udd25\u26bd\ud83c\udde8\ud83c\uddf4 James Rodr\u00edguez platic\u00f3 con <a href=\"https:\/\/twitter.com\/claudiagarciasv?ref_src=twsrc%5Etfw\">@claudiagarciasv<\/a> en exclusiva sobre su llegada a la Liga MX, su intenci\u00f3n de ser campe\u00f3n, su desempe\u00f1o en clubes y m\u00e1s. Atenci\u00f3n a <a href=\"https:\/\/twitter.com\/hashtag\/PuntoFinal?src=hash&amp;ref_src=twsrc%5Etfw\">#PuntoFinal<\/a>. <a href=\"https:\/\/t.co\/3Gt9oT6S0E\">pic.twitter.com\/3Gt9oT6S0E<\/a><\/p>\n<p>\u2014 FOX Deportes (@FOXDeportes) <a href=\"https:\/\/twitter.com\/FOXDeportes\/status\/1884122678270828814?ref_src=twsrc%5Etfw\">January 28, 2025<\/a><\/p><\/blockquote>\n<p><script async src=\"https:\/\/platform.twitter.com\/widgets.js\" charset=\"utf-8\"><\/script><\/p>\n","protected":false},"excerpt":{"rendered":"<p>James Rodr\u00edguez parece estar disfrutando nuevamente del f\u00fatbol tras su llegada al Le\u00f3n de M\u00e9xico. En los dos partidos que ha jugado, ha sido protagonistas, pero lo fue m\u00e1s en el \u00faltimo tras convertir de penal el gol del triunfo. El volante colombiano habl\u00f3 con Fox Sports M\u00e9xico y all\u00ed re refiri\u00f3 a varios temas, [&hellip;]<\/p>\n","protected":false},"author":4,"featured_media":115810,"comment_status":"open","ping_status":"closed","sticky":false,"template":"","format":"standard","meta":{"_acf_changed":false,"footnotes":""},"categories":[418],"tags":[],"class_list":{"0":"post-115809","1":"post","2":"type-post","3":"status-publish","4":"format-standard","5":"has-post-thumbnail","7":"category-colombia"},"acf":[],"_links":{"self":[{"href":"https:\/\/futbolhoy.co\/index.php\/wp-json\/wp\/v2\/posts\/115809","targetHints":{"allow":["GET"]}}],"collection":[{"href":"https:\/\/futbolhoy.co\/index.php\/wp-json\/wp\/v2\/posts"}],"about":[{"href":"https:\/\/futbolhoy.co\/index.php\/wp-json\/wp\/v2\/types\/post"}],"author":[{"embeddable":true,"href":"https:\/\/futbolhoy.co\/index.php\/wp-json\/wp\/v2\/users\/4"}],"replies":[{"embeddable":true,"href":"https:\/\/futbolhoy.co\/index.php\/wp-json\/wp\/v2\/comments?post=115809"}],"version-history":[{"count":3,"href":"https:\/\/futbolhoy.co\/index.php\/wp-json\/wp\/v2\/posts\/115809\/revisions"}],"predecessor-version":[{"id":115813,"href":"https:\/\/futbolhoy.co\/index.php\/wp-json\/wp\/v2\/posts\/115809\/revisions\/115813"}],"wp:featuredmedia":[{"embeddable":true,"href":"https:\/\/futbolhoy.co\/index.php\/wp-json\/wp\/v2\/media\/115810"}],"wp:attachment":[{"href":"https:\/\/futbolhoy.co\/index.php\/wp-json\/wp\/v2\/media?parent=115809"}],"wp:term":[{"taxonomy":"category","embeddable":true,"href":"https:\/\/futbolhoy.co\/index.php\/wp-json\/wp\/v2\/categories?post=115809"},{"taxonomy":"post_tag","embeddable":true,"href":"https:\/\/futbolhoy.co\/index.php\/wp-json\/wp\/v2\/tags?post=115809"}],"curies":[{"name":"wp","href":"https:\/\/api.w.org\/{rel}","templated":true}]}}