{"id":115814,"date":"2025-01-28T07:38:43","date_gmt":"2025-01-28T12:38:43","guid":{"rendered":"https:\/\/futbolhoy.co\/?p=115814"},"modified":"2025-01-29T07:32:51","modified_gmt":"2025-01-29T12:32:51","slug":"neymar-se-va-de-al-hilal-en-busqueda-de-recuperar-brillo-en-santos","status":"publish","type":"post","link":"https:\/\/futbolhoy.co\/index.php\/2025\/01\/28\/neymar-se-va-de-al-hilal-en-busqueda-de-recuperar-brillo-en-santos\/","title":{"rendered":"Neymar se va de Al-Hilal en b\u00fasqueda de recuperar brillo en Santos"},"content":{"rendered":"<p style=\"text-align: justify;\"><span style=\"font-family: helvetica, arial, sans-serif;\">El delantero brasile\u00f1o <strong>Neymar<\/strong> rescindi\u00f3 su contrato con <strong>Al Hilal.<\/strong> El club afirm\u00f3 que ambas partes decidieron poner fin al contrato de mutuo acuerdo y agradeci\u00f3 a <strong>Neymar<\/strong> con un mensaje en portugu\u00e9s que dice \u00abgracias y buena suerte\u00bb.<\/span><\/p>\n<p style=\"text-align: justify;\"><span style=\"font-family: helvetica, arial, sans-serif;\">El 10 de la selecci\u00f3n brasile\u00f1a ten\u00eda contrato en vigor hasta mediados de a\u00f1o, pero ha decidido poner fin a su aventura en el f\u00fatbol \u00e1rabe despu\u00e9s de que el t\u00e9cnico de Al Hilal, el portugu\u00e9s <strong>Jorge Jesus,<\/strong> no contar\u00e1 con \u00e9l para la <strong>Liga saud\u00ed.<\/strong><\/span><\/p>\n<p style=\"text-align: justify;\"><span style=\"font-family: helvetica, arial, sans-serif;\">Neymar lleva m\u00e1s de un a\u00f1o pr\u00e1cticamente sin jugar. El 17 de octubre de 2023, sufri\u00f3 la rotura del ligamento cruzado anterior y del menisco de la rodilla izquierda en un partido entre <strong>Brasil<\/strong> y <strong>Uruguay,<\/strong> en <strong>Montevideo.<\/strong><\/span><\/p>\n<p style=\"text-align: justify;\"><span style=\"font-family: helvetica, arial, sans-serif;\">Desde hace semanas, la prensa deportiva especulaba sobre el futuro del exjugador del <strong>Par\u00eds Saint-Germain (PSG) y del Barcelona,<\/strong> hasta que la semana pasada la prensa brasile\u00f1a revelara que Neymar hab\u00eda llegado a un acuerdo para regresar al <strong>Santos,<\/strong> el equipo de su infancia.<\/span><\/p>\n<p style=\"text-align: justify;\"><span style=\"font-family: helvetica, arial, sans-serif;\">En el Santos, entre 2009 y 2013 jug\u00f3 225 partidos, marc\u00f3 135 goles y levant\u00f3 varios t\u00edtulos importantes con la camiseta albinegra, entre ellos una<strong> Copa Libertadores y una Copa de Brasil.<\/strong><\/span><\/p>\n","protected":false},"excerpt":{"rendered":"<p>El delantero brasile\u00f1o Neymar rescindi\u00f3 su contrato con Al Hilal. El club afirm\u00f3 que ambas partes decidieron poner fin al contrato de mutuo acuerdo y agradeci\u00f3 a Neymar con un mensaje en portugu\u00e9s que dice \u00abgracias y buena suerte\u00bb. El 10 de la selecci\u00f3n brasile\u00f1a ten\u00eda contrato en vigor hasta mediados de a\u00f1o, pero ha [&hellip;]<\/p>\n","protected":false},"author":4,"featured_media":115815,"comment_status":"open","ping_status":"closed","sticky":false,"template":"","format":"standard","meta":{"_acf_changed":false,"footnotes":""},"categories":[152],"tags":[],"class_list":{"0":"post-115814","1":"post","2":"type-post","3":"status-publish","4":"format-standard","5":"has-post-thumbnail","7":"category-mundo-futbol"},"acf":[],"_links":{"self":[{"href":"https:\/\/futbolhoy.co\/index.php\/wp-json\/wp\/v2\/posts\/115814","targetHints":{"allow":["GET"]}}],"collection":[{"href":"https:\/\/futbolhoy.co\/index.php\/wp-json\/wp\/v2\/posts"}],"about":[{"href":"https:\/\/futbolhoy.co\/index.php\/wp-json\/wp\/v2\/types\/post"}],"author":[{"embeddable":true,"href":"https:\/\/futbolhoy.co\/index.php\/wp-json\/wp\/v2\/users\/4"}],"replies":[{"embeddable":true,"href":"https:\/\/futbolhoy.co\/index.php\/wp-json\/wp\/v2\/comments?post=115814"}],"version-history":[{"count":1,"href":"https:\/\/futbolhoy.co\/index.php\/wp-json\/wp\/v2\/posts\/115814\/revisions"}],"predecessor-version":[{"id":115816,"href":"https:\/\/futbolhoy.co\/index.php\/wp-json\/wp\/v2\/posts\/115814\/revisions\/115816"}],"wp:featuredmedia":[{"embeddable":true,"href":"https:\/\/futbolhoy.co\/index.php\/wp-json\/wp\/v2\/media\/115815"}],"wp:attachment":[{"href":"https:\/\/futbolhoy.co\/index.php\/wp-json\/wp\/v2\/media?parent=115814"}],"wp:term":[{"taxonomy":"category","embeddable":true,"href":"https:\/\/futbolhoy.co\/index.php\/wp-json\/wp\/v2\/categories?post=115814"},{"taxonomy":"post_tag","embeddable":true,"href":"https:\/\/futbolhoy.co\/index.php\/wp-json\/wp\/v2\/tags?post=115814"}],"curies":[{"name":"wp","href":"https:\/\/api.w.org\/{rel}","templated":true}]}}