{"id":115817,"date":"2025-01-28T10:31:31","date_gmt":"2025-01-28T15:31:31","guid":{"rendered":"https:\/\/futbolhoy.co\/?p=115817"},"modified":"2025-01-29T17:47:09","modified_gmt":"2025-01-29T22:47:09","slug":"millonarios-hace-oficial-la-continuidad-de-falcao","status":"publish","type":"post","link":"https:\/\/futbolhoy.co\/index.php\/2025\/01\/28\/millonarios-hace-oficial-la-continuidad-de-falcao\/","title":{"rendered":"Millonarios hace oficial la continuidad de Falcao por 6 meses m\u00e1s"},"content":{"rendered":"<p style=\"text-align: justify;\"><span style=\"font-family: helvetica, arial, sans-serif;\"><strong>Radamel Falcao Garc\u00eda<\/strong> seguir\u00e1 vistiendo los colores de <strong>Millonarios.<\/strong> Luego de varias semanas de negociaciones, y de que incluso las partes se despidieran, hubo un acuerdo y<strong> El Tigre<\/strong> contin\u00faa su historia en el equipo del que es hincha.<\/span><\/p>\n<p style=\"text-align: justify;\"><span style=\"font-family: helvetica, arial, sans-serif;\">\u00abMillonarios FC informa que el jugador<strong> Radamel Falcao Garc\u00eda extendi\u00f3 su v\u00ednculo con la instituci\u00f3n<\/strong> y firm\u00f3 inicialmente por seis meses. El delantero samario, \u00eddolo de multitudes y referente del f\u00fatbol colombiano, extendi\u00f3 su v\u00ednculo con el \u2018Embajador\u2019 asegurando as\u00ed su legado como una de las m\u00e1ximas figuras que han vestido nuestra camiseta\u00bb, expres\u00f3 el equipo bogotano en un comunicado.<\/span><\/p>\n<p style=\"text-align: justify;\"><span style=\"font-family: helvetica, arial, sans-serif;\"><strong>Falcao<\/strong> estar\u00e1 por lo menos hasta mediados de a\u00f1o vestido de <strong>Embajador,<\/strong> con posibilidad de renovar hasta diciembre del presente a\u00f1o. El futbolista ya est\u00e1 en <strong>Bogot\u00e1<\/strong> y comenzar\u00e1 con trabajos de puesta a punto espec\u00edficos para comenzar a tener minutos bajo las \u00f3rdenes de <strong>David Gonz\u00e1lez.<\/strong><\/span><\/p>\n<p data-olk-copy-source=\"MessageBody\"><span style=\"font-family: helvetica, arial, sans-serif;\">Cuando el fichaje del exjugador del Atl\u00e9tico de Madrid y del Rayo Vallecano fue anunciado en junio pasado, el goleador de 38 a\u00f1os firm\u00f3 un contrato por seis meses por \u00ab<strong>un factor influyente que termina siendo determinante<\/strong>\u00ab, seg\u00fan revel\u00f3 en una entrevista con la emisora W Radio.<\/span><\/p>\n<p style=\"text-align: justify;\"><span style=\"font-family: helvetica, arial, sans-serif;\">En el primer semestre en Millonarios, Falcao disput\u00f3 16 partidos (8 como titular) y jug\u00f3 815 minutos, en los que pudo aportar 5 goles. Su objetivo ser\u00e1 seguirle contribuyendo al club para alcanzar t\u00edtulos.<\/span><\/p>\n","protected":false},"excerpt":{"rendered":"<p>Radamel Falcao Garc\u00eda seguir\u00e1 vistiendo los colores de Millonarios. Luego de varias semanas de negociaciones, y de que incluso las partes se despidieran, hubo un acuerdo y El Tigre contin\u00faa su historia en el equipo del que es hincha. \u00abMillonarios FC informa que el jugador Radamel Falcao Garc\u00eda extendi\u00f3 su v\u00ednculo con la instituci\u00f3n y [&hellip;]<\/p>\n","protected":false},"author":4,"featured_media":115818,"comment_status":"open","ping_status":"closed","sticky":false,"template":"","format":"standard","meta":{"_acf_changed":false,"footnotes":""},"categories":[7],"tags":[],"class_list":{"0":"post-115817","1":"post","2":"type-post","3":"status-publish","4":"format-standard","5":"has-post-thumbnail","7":"category-liga-betplay"},"acf":[],"_links":{"self":[{"href":"https:\/\/futbolhoy.co\/index.php\/wp-json\/wp\/v2\/posts\/115817","targetHints":{"allow":["GET"]}}],"collection":[{"href":"https:\/\/futbolhoy.co\/index.php\/wp-json\/wp\/v2\/posts"}],"about":[{"href":"https:\/\/futbolhoy.co\/index.php\/wp-json\/wp\/v2\/types\/post"}],"author":[{"embeddable":true,"href":"https:\/\/futbolhoy.co\/index.php\/wp-json\/wp\/v2\/users\/4"}],"replies":[{"embeddable":true,"href":"https:\/\/futbolhoy.co\/index.php\/wp-json\/wp\/v2\/comments?post=115817"}],"version-history":[{"count":4,"href":"https:\/\/futbolhoy.co\/index.php\/wp-json\/wp\/v2\/posts\/115817\/revisions"}],"predecessor-version":[{"id":115822,"href":"https:\/\/futbolhoy.co\/index.php\/wp-json\/wp\/v2\/posts\/115817\/revisions\/115822"}],"wp:featuredmedia":[{"embeddable":true,"href":"https:\/\/futbolhoy.co\/index.php\/wp-json\/wp\/v2\/media\/115818"}],"wp:attachment":[{"href":"https:\/\/futbolhoy.co\/index.php\/wp-json\/wp\/v2\/media?parent=115817"}],"wp:term":[{"taxonomy":"category","embeddable":true,"href":"https:\/\/futbolhoy.co\/index.php\/wp-json\/wp\/v2\/categories?post=115817"},{"taxonomy":"post_tag","embeddable":true,"href":"https:\/\/futbolhoy.co\/index.php\/wp-json\/wp\/v2\/tags?post=115817"}],"curies":[{"name":"wp","href":"https:\/\/api.w.org\/{rel}","templated":true}]}}