{"id":115831,"date":"2025-01-28T21:07:18","date_gmt":"2025-01-29T02:07:18","guid":{"rendered":"https:\/\/futbolhoy.co\/?p=115831"},"modified":"2025-01-28T21:09:36","modified_gmt":"2025-01-29T02:09:36","slug":"llego-el-dia-juan-fernando-quintero-por-fin-vistio-la-camiseta-de-america","status":"publish","type":"post","link":"https:\/\/futbolhoy.co\/index.php\/2025\/01\/28\/llego-el-dia-juan-fernando-quintero-por-fin-vistio-la-camiseta-de-america\/","title":{"rendered":"Lleg\u00f3 el d\u00eda: Juan Fernando Quintero por fin visti\u00f3 la camiseta de Am\u00e9rica"},"content":{"rendered":"<p style=\"text-align: justify;\"><span style=\"font-family: helvetica, arial, sans-serif;\"><span style=\"font-weight: 400;\">Despu\u00e9s de un novel\u00f3n, <\/span><b>este martes por fin se visti\u00f3 de escarlata Juan Fernando Quintero, <\/b><span style=\"font-weight: 400;\">quien en las \u00faltimas horas present\u00f3 ex\u00e1menes m\u00e9dicos y firm\u00f3 su contrato con Am\u00e9rica de Cali.<\/span><\/span><\/p>\n<p style=\"text-align: justify;\"><span style=\"font-family: helvetica, arial, sans-serif;\"><span style=\"font-weight: 400;\">Tras un paso exitoso por<\/span><b> Racing y coronarse campe\u00f3n de la Copa Sudamericana, <\/b><span style=\"font-weight: 400;\">Juan Fernando Quintero firm\u00f3 con Am\u00e9rica y se espera que debute en el pr\u00f3ximo partido del equipo vallecaucano.<\/span><\/span><\/p>\n<p style=\"text-align: justify;\"><span style=\"font-family: helvetica, arial, sans-serif;\"><span style=\"font-weight: 400;\">Entre tanto, Am\u00e9rica por fin pudo presentar a Quintero con la camiseta puesta y con un video en un casino mientras recuerdan sus mejores momentos en River Plate, Racing y la Selecci\u00f3n Colombia: <\/span><b>\u201cEs magia. KINGTERO DE AM\u00c9RICA\u201d, escribieron.<\/b><\/span><\/p>\n<blockquote class=\"twitter-tweet\">\n<p dir=\"ltr\" lang=\"es\">\ud83e\uddd9\u200d\u2642\ufe0f \u00a1\ud835\uddd8\ud835\udde6 \ud835\udde0\ud835\uddd4\ud835\uddda\ud835\udddc\ud835\uddd4! \u2728<\/p>\n<p>\ud83d\udc51 KINGTERO DE AM\u00c9RICA \ud83d\udc79<br \/>\n\ud835\udfee\ud835\udff4\/\ud835\udfec\ud835\udfed\/\ud835\udfee\ud835\udff1 <a href=\"https:\/\/t.co\/ZLxS9LuN7j\">pic.twitter.com\/ZLxS9LuN7j<\/a><\/p>\n<p>\u2014 Am\u00e9rica de Cali (@AmericadeCali) <a href=\"https:\/\/twitter.com\/AmericadeCali\/status\/1884415653421146525?ref_src=twsrc%5Etfw\">January 29, 2025<\/a><\/p><\/blockquote>\n<p><script async src=\"https:\/\/platform.twitter.com\/widgets.js\" charset=\"utf-8\"><\/script><\/p>\n","protected":false},"excerpt":{"rendered":"<p>Despu\u00e9s de un novel\u00f3n, este martes por fin se visti\u00f3 de escarlata Juan Fernando Quintero, quien en las \u00faltimas horas present\u00f3 ex\u00e1menes m\u00e9dicos y firm\u00f3 su contrato con Am\u00e9rica de Cali. Tras un paso exitoso por Racing y coronarse campe\u00f3n de la Copa Sudamericana, Juan Fernando Quintero firm\u00f3 con Am\u00e9rica y se espera que debute [&hellip;]<\/p>\n","protected":false},"author":4,"featured_media":115832,"comment_status":"open","ping_status":"closed","sticky":false,"template":"","format":"standard","meta":{"_acf_changed":false,"footnotes":""},"categories":[5],"tags":[],"class_list":{"0":"post-115831","1":"post","2":"type-post","3":"status-publish","4":"format-standard","5":"has-post-thumbnail","7":"category-destacados"},"acf":[],"_links":{"self":[{"href":"https:\/\/futbolhoy.co\/index.php\/wp-json\/wp\/v2\/posts\/115831","targetHints":{"allow":["GET"]}}],"collection":[{"href":"https:\/\/futbolhoy.co\/index.php\/wp-json\/wp\/v2\/posts"}],"about":[{"href":"https:\/\/futbolhoy.co\/index.php\/wp-json\/wp\/v2\/types\/post"}],"author":[{"embeddable":true,"href":"https:\/\/futbolhoy.co\/index.php\/wp-json\/wp\/v2\/users\/4"}],"replies":[{"embeddable":true,"href":"https:\/\/futbolhoy.co\/index.php\/wp-json\/wp\/v2\/comments?post=115831"}],"version-history":[{"count":2,"href":"https:\/\/futbolhoy.co\/index.php\/wp-json\/wp\/v2\/posts\/115831\/revisions"}],"predecessor-version":[{"id":115834,"href":"https:\/\/futbolhoy.co\/index.php\/wp-json\/wp\/v2\/posts\/115831\/revisions\/115834"}],"wp:featuredmedia":[{"embeddable":true,"href":"https:\/\/futbolhoy.co\/index.php\/wp-json\/wp\/v2\/media\/115832"}],"wp:attachment":[{"href":"https:\/\/futbolhoy.co\/index.php\/wp-json\/wp\/v2\/media?parent=115831"}],"wp:term":[{"taxonomy":"category","embeddable":true,"href":"https:\/\/futbolhoy.co\/index.php\/wp-json\/wp\/v2\/categories?post=115831"},{"taxonomy":"post_tag","embeddable":true,"href":"https:\/\/futbolhoy.co\/index.php\/wp-json\/wp\/v2\/tags?post=115831"}],"curies":[{"name":"wp","href":"https:\/\/api.w.org\/{rel}","templated":true}]}}