{"id":115858,"date":"2025-01-29T18:48:08","date_gmt":"2025-01-29T23:48:08","guid":{"rendered":"https:\/\/futbolhoy.co\/?p=115858"},"modified":"2025-01-30T19:03:22","modified_gmt":"2025-01-31T00:03:22","slug":"inminente-jhon-duran-fichara-con-al-nassr-y-se-va-de-la-premier","status":"publish","type":"post","link":"https:\/\/futbolhoy.co\/index.php\/2025\/01\/29\/inminente-jhon-duran-fichara-con-al-nassr-y-se-va-de-la-premier\/","title":{"rendered":"Inminente: Jhon Dur\u00e1n fichar\u00e1 con Al Nassr y se va de la Premier"},"content":{"rendered":"<p style=\"text-align: justify;\"><span style=\"font-family: helvetica, arial, sans-serif;\"><span style=\"font-weight: 400;\">Lo que era un rumor parece ser inminente: Jhon Jader Dur\u00e1n dejar\u00e1 la Premier League por una millonaria suma que ofreci\u00f3 el <\/span><b>Al Nassr, equipo de Cristiano<\/b><span style=\"font-weight: 400;\"> Ronaldo, en Arabia Saud\u00ed.\u00a0<\/span><\/span><\/p>\n<p style=\"text-align: justify;\"><span style=\"font-family: helvetica, arial, sans-serif;\"><span style=\"font-weight: 400;\">El colombiano de 21 a\u00f1os ha tenido una gran temporada en el Aston Villa, donde incluso ya es titular habitual. <\/span><b>Sin embargo, la oferta econ\u00f3mica habr\u00eda pesado <\/b><span style=\"font-weight: 400;\">m\u00e1s que estar en la considerada mejor liga del mundo y ahora Dur\u00e1n ser\u00eda uno de los mejor pagados en el f\u00fatbol de Arabia.<\/span><\/span><\/p>\n<p style=\"text-align: justify;\"><span style=\"font-family: helvetica, arial, sans-serif;\"><span style=\"font-weight: 400;\">Aston Villa hab\u00eda dejado claro en los \u00faltimos <\/span><b>d\u00edas que el delantero colombiano era \u201cintransferible\u201d<\/b><span style=\"font-weight: 400;\">, teniendo en cuenta los rumores que lo acercaban al PSG, Chelsea y hasta el Real Madrid. Sin embargo, los alrededor de 75 millones de euros que pagar\u00eda Al Nassr habr\u00eda cambiado esa decisi\u00f3n.<\/span><\/span><\/p>\n<p style=\"text-align: justify;\"><span style=\"font-family: helvetica, arial, sans-serif;\"><span style=\"font-weight: 400;\">Se estima que el colombiano firmar\u00e1 por varios a\u00f1os con el cuadro asi\u00e1tico donde es figura <\/span><b>Cristiano Ronaldo y en las pr\u00f3ximas horas presentar\u00eda<\/b><span style=\"font-weight: 400;\"> los ex\u00e1menes m\u00e9dicos para que se d\u00e9 el anuncio oficial.<\/span><\/span><\/p>\n<p style=\"text-align: justify;\"><span style=\"font-family: helvetica, arial, sans-serif;\"><span style=\"font-weight: 400;\">Desde su llegada al Aston Villa, Jhon Jader Dur\u00e1n ha disputado 70 goles, en los que ha marcado 20 veces y esta \u00faltima temporada ha sido pieza clave en el equipo de Unai Emery, quien ha sido su m\u00e1s fuerte defensor ante las cr\u00edticas constantes que <\/span><b>recibe el colombiano por su particular personalidad.<\/b><\/span><\/p>\n","protected":false},"excerpt":{"rendered":"<p>Lo que era un rumor parece ser inminente: Jhon Jader Dur\u00e1n dejar\u00e1 la Premier League por una millonaria suma que ofreci\u00f3 el Al Nassr, equipo de Cristiano Ronaldo, en Arabia Saud\u00ed.\u00a0 El colombiano de 21 a\u00f1os ha tenido una gran temporada en el Aston Villa, donde incluso ya es titular habitual. Sin embargo, la oferta [&hellip;]<\/p>\n","protected":false},"author":4,"featured_media":114548,"comment_status":"open","ping_status":"closed","sticky":false,"template":"","format":"standard","meta":{"_acf_changed":false,"footnotes":""},"categories":[418],"tags":[],"class_list":{"0":"post-115858","1":"post","2":"type-post","3":"status-publish","4":"format-standard","5":"has-post-thumbnail","7":"category-colombia"},"acf":[],"_links":{"self":[{"href":"https:\/\/futbolhoy.co\/index.php\/wp-json\/wp\/v2\/posts\/115858","targetHints":{"allow":["GET"]}}],"collection":[{"href":"https:\/\/futbolhoy.co\/index.php\/wp-json\/wp\/v2\/posts"}],"about":[{"href":"https:\/\/futbolhoy.co\/index.php\/wp-json\/wp\/v2\/types\/post"}],"author":[{"embeddable":true,"href":"https:\/\/futbolhoy.co\/index.php\/wp-json\/wp\/v2\/users\/4"}],"replies":[{"embeddable":true,"href":"https:\/\/futbolhoy.co\/index.php\/wp-json\/wp\/v2\/comments?post=115858"}],"version-history":[{"count":1,"href":"https:\/\/futbolhoy.co\/index.php\/wp-json\/wp\/v2\/posts\/115858\/revisions"}],"predecessor-version":[{"id":115859,"href":"https:\/\/futbolhoy.co\/index.php\/wp-json\/wp\/v2\/posts\/115858\/revisions\/115859"}],"wp:featuredmedia":[{"embeddable":true,"href":"https:\/\/futbolhoy.co\/index.php\/wp-json\/wp\/v2\/media\/114548"}],"wp:attachment":[{"href":"https:\/\/futbolhoy.co\/index.php\/wp-json\/wp\/v2\/media?parent=115858"}],"wp:term":[{"taxonomy":"category","embeddable":true,"href":"https:\/\/futbolhoy.co\/index.php\/wp-json\/wp\/v2\/categories?post=115858"},{"taxonomy":"post_tag","embeddable":true,"href":"https:\/\/futbolhoy.co\/index.php\/wp-json\/wp\/v2\/tags?post=115858"}],"curies":[{"name":"wp","href":"https:\/\/api.w.org\/{rel}","templated":true}]}}