{"id":115883,"date":"2025-01-30T10:15:24","date_gmt":"2025-01-30T15:15:24","guid":{"rendered":"https:\/\/futbolhoy.co\/?p=115883"},"modified":"2025-01-31T07:43:07","modified_gmt":"2025-01-31T12:43:07","slug":"fernando-jaramillo-renuncio-a-la-presidencia-de-la-dimayor","status":"publish","type":"post","link":"https:\/\/futbolhoy.co\/index.php\/2025\/01\/30\/fernando-jaramillo-renuncio-a-la-presidencia-de-la-dimayor\/","title":{"rendered":"Fernando Jaramillo renunci\u00f3 a la presidencia de la Dimayor"},"content":{"rendered":"<p style=\"text-align: justify;\"><span style=\"font-family: helvetica, arial, sans-serif;\">El presidente de la<strong> Dimayor, Fernando Jaramillo,<\/strong> present\u00f3 este jueves su renuncia al cargo que ejerc\u00eda desde el 1 de septiembre de 2020. Jaramillo se va de la entidad del f\u00fatbol colombiano por motivos personales.<\/span><\/p>\n<p style=\"text-align: justify;\"><span style=\"font-family: helvetica, arial, sans-serif;\">\u201cPor medio de la presente muy respetuosamente me permito presentar renuncia a mi cargo como presidente de la <strong>Dimayor<\/strong> dignidad que he ejercido desde el 1 de septiembre de 2020, la cual se har\u00e1 efectiva a partir del 28 de febrero del presente a\u00f1o\u201d, se lee en la carta dirigida a los diferentes presidentes de los clubes.<\/span><\/p>\n<p style=\"text-align: justify;\"><span style=\"font-family: helvetica, arial, sans-serif;\">Se espera que en los pr\u00f3ximos d\u00edas haya <strong>asamblea extraordinaria<\/strong> para que se ratifique su decisi\u00f3n. Asimismo, se nombrar\u00eda su reemplazo.<\/span><\/p>\n<p style=\"text-align: justify;\"><span style=\"font-family: helvetica, arial, sans-serif;\">Esta noticia tom\u00f3 por sorpresa a los diferentes actores del f\u00fatbol colombiano, que entraban al sexto a\u00f1o bajo la dirigencia de Jaramillo, quien tuvo que lidiar durante su periodo con diversos inconvenientes en cuanto a orden p\u00fablico, entre otros temas.<\/span><\/p>\n","protected":false},"excerpt":{"rendered":"<p>El presidente de la Dimayor, Fernando Jaramillo, present\u00f3 este jueves su renuncia al cargo que ejerc\u00eda desde el 1 de septiembre de 2020. Jaramillo se va de la entidad del f\u00fatbol colombiano por motivos personales. \u201cPor medio de la presente muy respetuosamente me permito presentar renuncia a mi cargo como presidente de la Dimayor dignidad [&hellip;]<\/p>\n","protected":false},"author":4,"featured_media":115884,"comment_status":"open","ping_status":"closed","sticky":false,"template":"","format":"standard","meta":{"_acf_changed":false,"footnotes":""},"categories":[7],"tags":[],"class_list":{"0":"post-115883","1":"post","2":"type-post","3":"status-publish","4":"format-standard","5":"has-post-thumbnail","7":"category-liga-betplay"},"acf":[],"_links":{"self":[{"href":"https:\/\/futbolhoy.co\/index.php\/wp-json\/wp\/v2\/posts\/115883","targetHints":{"allow":["GET"]}}],"collection":[{"href":"https:\/\/futbolhoy.co\/index.php\/wp-json\/wp\/v2\/posts"}],"about":[{"href":"https:\/\/futbolhoy.co\/index.php\/wp-json\/wp\/v2\/types\/post"}],"author":[{"embeddable":true,"href":"https:\/\/futbolhoy.co\/index.php\/wp-json\/wp\/v2\/users\/4"}],"replies":[{"embeddable":true,"href":"https:\/\/futbolhoy.co\/index.php\/wp-json\/wp\/v2\/comments?post=115883"}],"version-history":[{"count":1,"href":"https:\/\/futbolhoy.co\/index.php\/wp-json\/wp\/v2\/posts\/115883\/revisions"}],"predecessor-version":[{"id":115885,"href":"https:\/\/futbolhoy.co\/index.php\/wp-json\/wp\/v2\/posts\/115883\/revisions\/115885"}],"wp:featuredmedia":[{"embeddable":true,"href":"https:\/\/futbolhoy.co\/index.php\/wp-json\/wp\/v2\/media\/115884"}],"wp:attachment":[{"href":"https:\/\/futbolhoy.co\/index.php\/wp-json\/wp\/v2\/media?parent=115883"}],"wp:term":[{"taxonomy":"category","embeddable":true,"href":"https:\/\/futbolhoy.co\/index.php\/wp-json\/wp\/v2\/categories?post=115883"},{"taxonomy":"post_tag","embeddable":true,"href":"https:\/\/futbolhoy.co\/index.php\/wp-json\/wp\/v2\/tags?post=115883"}],"curies":[{"name":"wp","href":"https:\/\/api.w.org\/{rel}","templated":true}]}}