{"id":115921,"date":"2025-01-31T08:33:42","date_gmt":"2025-01-31T13:33:42","guid":{"rendered":"https:\/\/futbolhoy.co\/?p=115921"},"modified":"2025-02-01T18:26:49","modified_gmt":"2025-02-01T23:26:49","slug":"cuadrado-esta-a-una-llamada-de-james-de-llegar-al-futbol-mexicano","status":"publish","type":"post","link":"https:\/\/futbolhoy.co\/index.php\/2025\/01\/31\/cuadrado-esta-a-una-llamada-de-james-de-llegar-al-futbol-mexicano\/","title":{"rendered":"Cuadrado est\u00e1 \u201ca una llamada de James\u201d de llegar al f\u00fatbol mexicano"},"content":{"rendered":"<p style=\"text-align: justify;\"><span style=\"font-family: helvetica, arial, sans-serif;\"><b>Juan Guillermo Cuadrado<\/b><span style=\"font-weight: 400;\"> se dej\u00f3 tentar del f\u00fatbol mexicano por el buen momento que est\u00e1 viviendo <\/span><b>James Rodr\u00edguez desde su llegada a Le\u00f3n<\/b><span style=\"font-weight: 400;\">. El jugador del Atalanta le dese\u00f3 lo mejor a su \u201cpanita\u201d.\u00a0<\/span><\/span><\/p>\n<p style=\"text-align: justify;\"><span style=\"font-weight: 400; font-family: helvetica, arial, sans-serif;\">En di\u00e1logo con TNT Sports, Cuadrado confes\u00f3 que estaba muy feliz por James pues es un jugador de mucha calidad, adem\u00e1s, es algo que le conviene a la Selecci\u00f3n Colombia.<\/span><\/p>\n<p style=\"text-align: justify;\"><span style=\"font-family: helvetica, arial, sans-serif;\"><span style=\"font-weight: 400;\">\"Para \u00e9l es algo bueno porque sabemos la calidad que tiene y es incre\u00edble. Antes de <\/span><b>que fuera a M\u00e9xico estuve pregunt\u00e1ndole si se daba<\/b><span style=\"font-weight: 400;\">, pero estoy contento por \u00e9l porque tiene la oportunidad de seguir jugando y demostrar en un club como Le\u00f3n que ha tenido bastantes colombianos al que le puede aportar calidad, m\u00e1s experiencia. Esperamos que le puedan dar minutos porque los necesita\", dijo Cuadrado.<\/span><\/span><\/p>\n<p style=\"text-align: justify;\"><span style=\"font-family: helvetica, arial, sans-serif;\"><span style=\"font-weight: 400;\">Al mismo tiempo, Cuadrado, quien ha compartido durante muchos a\u00f1os en la <\/span><b>Selecci\u00f3n con el 10, confes\u00f3 que le gustaba el f\u00fatbol de la Liga MX <\/b><span style=\"font-weight: 400;\">y, entre risas, dijo que estaba a una llamada de James de llegar a M\u00e9xico.<\/span><\/span><\/p>\n<p style=\"text-align: justify;\"><span style=\"font-family: helvetica, arial, sans-serif;\"><span style=\"font-weight: 400;\">\"Me gusta mucho el f\u00fatbol mexicano porque ha tenido bastantes colombianos, pero si el panita me llama, estoy ah\u00ed a disposici\u00f3n <\/span><b>para ir a correr juntos\", afirm\u00f3 Cuadrado.<\/b><\/span><\/p>\n","protected":false},"excerpt":{"rendered":"<p>Juan Guillermo Cuadrado se dej\u00f3 tentar del f\u00fatbol mexicano por el buen momento que est\u00e1 viviendo James Rodr\u00edguez desde su llegada a Le\u00f3n. El jugador del Atalanta le dese\u00f3 lo mejor a su \u201cpanita\u201d.\u00a0 En di\u00e1logo con TNT Sports, Cuadrado confes\u00f3 que estaba muy feliz por James pues es un jugador de mucha calidad, adem\u00e1s, [&hellip;]<\/p>\n","protected":false},"author":4,"featured_media":115922,"comment_status":"open","ping_status":"open","sticky":false,"template":"","format":"standard","meta":{"_acf_changed":false,"footnotes":""},"categories":[418],"tags":[],"class_list":{"0":"post-115921","1":"post","2":"type-post","3":"status-publish","4":"format-standard","5":"has-post-thumbnail","7":"category-colombia"},"acf":[],"yoast_head":"<!-- This site is optimized with the Yoast SEO plugin v26.8 - https:\/\/yoast.com\/product\/yoast-seo-wordpress\/ -->\n<title>Cuadrado est\u00e1 \u201ca una llamada de James\u201d de llegar al f\u00fatbol mexicano -<\/title>\n<meta name=\"robots\" content=\"index, follow, max-snippet:-1, max-image-preview:large, max-video-preview:-1\" \/>\n<link rel=\"canonical\" href=\"https:\/\/futbolhoy.co\/index.php\/2025\/01\/31\/cuadrado-esta-a-una-llamada-de-james-de-llegar-al-futbol-mexicano\/\" \/>\n<meta property=\"og:locale\" content=\"es_ES\" \/>\n<meta property=\"og:type\" content=\"article\" \/>\n<meta property=\"og:title\" content=\"Cuadrado est\u00e1 \u201ca una llamada de James\u201d de llegar al f\u00fatbol mexicano -\" \/>\n<meta property=\"og:description\" content=\"Juan Guillermo Cuadrado se dej\u00f3 tentar del f\u00fatbol mexicano por el buen momento que est\u00e1 viviendo James Rodr\u00edguez desde su llegada a Le\u00f3n. El jugador del Atalanta le dese\u00f3 lo mejor a su \u201cpanita\u201d.\u00a0 En di\u00e1logo con TNT Sports, Cuadrado confes\u00f3 que estaba muy feliz por James pues es un jugador de mucha calidad, adem\u00e1s, [&hellip;]\" \/>\n<meta property=\"og:url\" content=\"https:\/\/futbolhoy.co\/index.php\/2025\/01\/31\/cuadrado-esta-a-una-llamada-de-james-de-llegar-al-futbol-mexicano\/\" \/>\n<meta property=\"article:publisher\" content=\"https:\/\/www.facebook.com\/FutbolHoyCol\/\" \/>\n<meta property=\"article:published_time\" content=\"2025-01-31T13:33:42+00:00\" \/>\n<meta property=\"article:modified_time\" content=\"2025-02-01T23:26:49+00:00\" \/>\n<meta property=\"og:image\" content=\"https:\/\/futbolhoy.co\/wp-content\/uploads\/2025\/01\/Captura-de-pantalla-2025-01-31-a-las-8.32.40\u202fa.-m-1024x624.png\" \/>\n\t<meta property=\"og:image:width\" content=\"1024\" \/>\n\t<meta property=\"og:image:height\" content=\"624\" \/>\n\t<meta property=\"og:image:type\" content=\"image\/png\" \/>\n<meta name=\"author\" content=\"contenido\" \/>\n<meta name=\"twitter:card\" content=\"summary_large_image\" \/>\n<meta name=\"twitter:creator\" content=\"@FutbolHoyCol\" \/>\n<meta name=\"twitter:site\" content=\"@FutbolHoyCol\" \/>\n<meta name=\"twitter:label1\" content=\"Escrito por\" \/>\n\t<meta name=\"twitter:data1\" content=\"contenido\" \/>\n\t<meta name=\"twitter:label2\" content=\"Tiempo de lectura\" \/>\n\t<meta name=\"twitter:data2\" content=\"1 minuto\" \/>\n<script type=\"application\/ld+json\" class=\"yoast-schema-graph\">{\"@context\":\"https:\/\/schema.org\",\"@graph\":[{\"@type\":\"Article\",\"@id\":\"https:\/\/futbolhoy.co\/index.php\/2025\/01\/31\/cuadrado-esta-a-una-llamada-de-james-de-llegar-al-futbol-mexicano\/#article\",\"isPartOf\":{\"@id\":\"https:\/\/futbolhoy.co\/index.php\/2025\/01\/31\/cuadrado-esta-a-una-llamada-de-james-de-llegar-al-futbol-mexicano\/\"},\"author\":{\"name\":\"contenido\",\"@id\":\"https:\/\/futbolhoy.co\/#\/schema\/person\/1721b69355b6623eaff15ac7b92d4cc3\"},\"headline\":\"Cuadrado est\u00e1 \u201ca una llamada de James\u201d de llegar al f\u00fatbol mexicano\",\"datePublished\":\"2025-01-31T13:33:42+00:00\",\"dateModified\":\"2025-02-01T23:26:49+00:00\",\"mainEntityOfPage\":{\"@id\":\"https:\/\/futbolhoy.co\/index.php\/2025\/01\/31\/cuadrado-esta-a-una-llamada-de-james-de-llegar-al-futbol-mexicano\/\"},\"wordCount\":230,\"commentCount\":0,\"publisher\":{\"@id\":\"https:\/\/futbolhoy.co\/#organization\"},\"image\":{\"@id\":\"https:\/\/futbolhoy.co\/index.php\/2025\/01\/31\/cuadrado-esta-a-una-llamada-de-james-de-llegar-al-futbol-mexicano\/#primaryimage\"},\"thumbnailUrl\":\"https:\/\/futbolhoy.co\/wp-content\/uploads\/2025\/01\/Captura-de-pantalla-2025-01-31-a-las-8.32.40\u202fa.-m.png\",\"articleSection\":[\"Colombia\"],\"inLanguage\":\"es\",\"potentialAction\":[{\"@type\":\"CommentAction\",\"name\":\"Comment\",\"target\":[\"https:\/\/futbolhoy.co\/index.php\/2025\/01\/31\/cuadrado-esta-a-una-llamada-de-james-de-llegar-al-futbol-mexicano\/#respond\"]}]},{\"@type\":\"WebPage\",\"@id\":\"https:\/\/futbolhoy.co\/index.php\/2025\/01\/31\/cuadrado-esta-a-una-llamada-de-james-de-llegar-al-futbol-mexicano\/\",\"url\":\"https:\/\/futbolhoy.co\/index.php\/2025\/01\/31\/cuadrado-esta-a-una-llamada-de-james-de-llegar-al-futbol-mexicano\/\",\"name\":\"Cuadrado est\u00e1 \u201ca una llamada de James\u201d de llegar al f\u00fatbol mexicano -\",\"isPartOf\":{\"@id\":\"https:\/\/futbolhoy.co\/#website\"},\"primaryImageOfPage\":{\"@id\":\"https:\/\/futbolhoy.co\/index.php\/2025\/01\/31\/cuadrado-esta-a-una-llamada-de-james-de-llegar-al-futbol-mexicano\/#primaryimage\"},\"image\":{\"@id\":\"https:\/\/futbolhoy.co\/index.php\/2025\/01\/31\/cuadrado-esta-a-una-llamada-de-james-de-llegar-al-futbol-mexicano\/#primaryimage\"},\"thumbnailUrl\":\"https:\/\/futbolhoy.co\/wp-content\/uploads\/2025\/01\/Captura-de-pantalla-2025-01-31-a-las-8.32.40\u202fa.-m.png\",\"datePublished\":\"2025-01-31T13:33:42+00:00\",\"dateModified\":\"2025-02-01T23:26:49+00:00\",\"breadcrumb\":{\"@id\":\"https:\/\/futbolhoy.co\/index.php\/2025\/01\/31\/cuadrado-esta-a-una-llamada-de-james-de-llegar-al-futbol-mexicano\/#breadcrumb\"},\"inLanguage\":\"es\",\"potentialAction\":[{\"@type\":\"ReadAction\",\"target\":[\"https:\/\/futbolhoy.co\/index.php\/2025\/01\/31\/cuadrado-esta-a-una-llamada-de-james-de-llegar-al-futbol-mexicano\/\"]}]},{\"@type\":\"ImageObject\",\"inLanguage\":\"es\",\"@id\":\"https:\/\/futbolhoy.co\/index.php\/2025\/01\/31\/cuadrado-esta-a-una-llamada-de-james-de-llegar-al-futbol-mexicano\/#primaryimage\",\"url\":\"https:\/\/futbolhoy.co\/wp-content\/uploads\/2025\/01\/Captura-de-pantalla-2025-01-31-a-las-8.32.40\u202fa.-m.png\",\"contentUrl\":\"https:\/\/futbolhoy.co\/wp-content\/uploads\/2025\/01\/Captura-de-pantalla-2025-01-31-a-las-8.32.40\u202fa.-m.png\",\"width\":1782,\"height\":1086},{\"@type\":\"BreadcrumbList\",\"@id\":\"https:\/\/futbolhoy.co\/index.php\/2025\/01\/31\/cuadrado-esta-a-una-llamada-de-james-de-llegar-al-futbol-mexicano\/#breadcrumb\",\"itemListElement\":[{\"@type\":\"ListItem\",\"position\":1,\"name\":\"Portada\",\"item\":\"https:\/\/futbolhoy.co\/\"},{\"@type\":\"ListItem\",\"position\":2,\"name\":\"Cuadrado est\u00e1 \u201ca una llamada de James\u201d de llegar al f\u00fatbol mexicano\"}]},{\"@type\":\"WebSite\",\"@id\":\"https:\/\/futbolhoy.co\/#website\",\"url\":\"https:\/\/futbolhoy.co\/\",\"name\":\"FutbolHoy\",\"description\":\"\",\"publisher\":{\"@id\":\"https:\/\/futbolhoy.co\/#organization\"},\"potentialAction\":[{\"@type\":\"SearchAction\",\"target\":{\"@type\":\"EntryPoint\",\"urlTemplate\":\"https:\/\/futbolhoy.co\/?s={search_term_string}\"},\"query-input\":{\"@type\":\"PropertyValueSpecification\",\"valueRequired\":true,\"valueName\":\"search_term_string\"}}],\"inLanguage\":\"es\"},{\"@type\":\"Organization\",\"@id\":\"https:\/\/futbolhoy.co\/#organization\",\"name\":\"Futbolhoy.co\",\"url\":\"https:\/\/futbolhoy.co\/\",\"logo\":{\"@type\":\"ImageObject\",\"inLanguage\":\"es\",\"@id\":\"https:\/\/futbolhoy.co\/#\/schema\/logo\/image\/\",\"url\":\"https:\/\/futbolhoy.co\/wp-content\/uploads\/2018\/08\/17426380_1906371736249227_6326180412931521141_n.jpg\",\"contentUrl\":\"https:\/\/futbolhoy.co\/wp-content\/uploads\/2018\/08\/17426380_1906371736249227_6326180412931521141_n.jpg\",\"width\":960,\"height\":960,\"caption\":\"Futbolhoy.co\"},\"image\":{\"@id\":\"https:\/\/futbolhoy.co\/#\/schema\/logo\/image\/\"},\"sameAs\":[\"https:\/\/www.facebook.com\/FutbolHoyCol\/\",\"https:\/\/x.com\/FutbolHoyCol\",\"https:\/\/www.instagram.com\/futbolhoycol\/\"]},{\"@type\":\"Person\",\"@id\":\"https:\/\/futbolhoy.co\/#\/schema\/person\/1721b69355b6623eaff15ac7b92d4cc3\",\"name\":\"contenido\",\"image\":{\"@type\":\"ImageObject\",\"inLanguage\":\"es\",\"@id\":\"https:\/\/futbolhoy.co\/#\/schema\/person\/image\/\",\"url\":\"https:\/\/secure.gravatar.com\/avatar\/4f656d3256f5134f466206e7c3941518?s=96&d=mm&r=g\",\"contentUrl\":\"https:\/\/secure.gravatar.com\/avatar\/4f656d3256f5134f466206e7c3941518?s=96&d=mm&r=g\",\"caption\":\"contenido\"}}]}<\/script>\n<!-- \/ Yoast SEO plugin. -->","yoast_head_json":{"title":"Cuadrado est\u00e1 \u201ca una llamada de James\u201d de llegar al f\u00fatbol mexicano -","robots":{"index":"index","follow":"follow","max-snippet":"max-snippet:-1","max-image-preview":"max-image-preview:large","max-video-preview":"max-video-preview:-1"},"canonical":"https:\/\/futbolhoy.co\/index.php\/2025\/01\/31\/cuadrado-esta-a-una-llamada-de-james-de-llegar-al-futbol-mexicano\/","og_locale":"es_ES","og_type":"article","og_title":"Cuadrado est\u00e1 \u201ca una llamada de James\u201d de llegar al f\u00fatbol mexicano -","og_description":"Juan Guillermo Cuadrado se dej\u00f3 tentar del f\u00fatbol mexicano por el buen momento que est\u00e1 viviendo James Rodr\u00edguez desde su llegada a Le\u00f3n. El jugador del Atalanta le dese\u00f3 lo mejor a su \u201cpanita\u201d.\u00a0 En di\u00e1logo con TNT Sports, Cuadrado confes\u00f3 que estaba muy feliz por James pues es un jugador de mucha calidad, adem\u00e1s, [&hellip;]","og_url":"https:\/\/futbolhoy.co\/index.php\/2025\/01\/31\/cuadrado-esta-a-una-llamada-de-james-de-llegar-al-futbol-mexicano\/","article_publisher":"https:\/\/www.facebook.com\/FutbolHoyCol\/","article_published_time":"2025-01-31T13:33:42+00:00","article_modified_time":"2025-02-01T23:26:49+00:00","og_image":[{"width":1024,"height":624,"url":"https:\/\/futbolhoy.co\/wp-content\/uploads\/2025\/01\/Captura-de-pantalla-2025-01-31-a-las-8.32.40\u202fa.-m-1024x624.png","type":"image\/png"}],"author":"contenido","twitter_card":"summary_large_image","twitter_creator":"@FutbolHoyCol","twitter_site":"@FutbolHoyCol","twitter_misc":{"Escrito por":"contenido","Tiempo de lectura":"1 minuto"},"schema":{"@context":"https:\/\/schema.org","@graph":[{"@type":"Article","@id":"https:\/\/futbolhoy.co\/index.php\/2025\/01\/31\/cuadrado-esta-a-una-llamada-de-james-de-llegar-al-futbol-mexicano\/#article","isPartOf":{"@id":"https:\/\/futbolhoy.co\/index.php\/2025\/01\/31\/cuadrado-esta-a-una-llamada-de-james-de-llegar-al-futbol-mexicano\/"},"author":{"name":"contenido","@id":"https:\/\/futbolhoy.co\/#\/schema\/person\/1721b69355b6623eaff15ac7b92d4cc3"},"headline":"Cuadrado est\u00e1 \u201ca una llamada de James\u201d de llegar al f\u00fatbol mexicano","datePublished":"2025-01-31T13:33:42+00:00","dateModified":"2025-02-01T23:26:49+00:00","mainEntityOfPage":{"@id":"https:\/\/futbolhoy.co\/index.php\/2025\/01\/31\/cuadrado-esta-a-una-llamada-de-james-de-llegar-al-futbol-mexicano\/"},"wordCount":230,"commentCount":0,"publisher":{"@id":"https:\/\/futbolhoy.co\/#organization"},"image":{"@id":"https:\/\/futbolhoy.co\/index.php\/2025\/01\/31\/cuadrado-esta-a-una-llamada-de-james-de-llegar-al-futbol-mexicano\/#primaryimage"},"thumbnailUrl":"https:\/\/futbolhoy.co\/wp-content\/uploads\/2025\/01\/Captura-de-pantalla-2025-01-31-a-las-8.32.40\u202fa.-m.png","articleSection":["Colombia"],"inLanguage":"es","potentialAction":[{"@type":"CommentAction","name":"Comment","target":["https:\/\/futbolhoy.co\/index.php\/2025\/01\/31\/cuadrado-esta-a-una-llamada-de-james-de-llegar-al-futbol-mexicano\/#respond"]}]},{"@type":"WebPage","@id":"https:\/\/futbolhoy.co\/index.php\/2025\/01\/31\/cuadrado-esta-a-una-llamada-de-james-de-llegar-al-futbol-mexicano\/","url":"https:\/\/futbolhoy.co\/index.php\/2025\/01\/31\/cuadrado-esta-a-una-llamada-de-james-de-llegar-al-futbol-mexicano\/","name":"Cuadrado est\u00e1 \u201ca una llamada de James\u201d de llegar al f\u00fatbol mexicano -","isPartOf":{"@id":"https:\/\/futbolhoy.co\/#website"},"primaryImageOfPage":{"@id":"https:\/\/futbolhoy.co\/index.php\/2025\/01\/31\/cuadrado-esta-a-una-llamada-de-james-de-llegar-al-futbol-mexicano\/#primaryimage"},"image":{"@id":"https:\/\/futbolhoy.co\/index.php\/2025\/01\/31\/cuadrado-esta-a-una-llamada-de-james-de-llegar-al-futbol-mexicano\/#primaryimage"},"thumbnailUrl":"https:\/\/futbolhoy.co\/wp-content\/uploads\/2025\/01\/Captura-de-pantalla-2025-01-31-a-las-8.32.40\u202fa.-m.png","datePublished":"2025-01-31T13:33:42+00:00","dateModified":"2025-02-01T23:26:49+00:00","breadcrumb":{"@id":"https:\/\/futbolhoy.co\/index.php\/2025\/01\/31\/cuadrado-esta-a-una-llamada-de-james-de-llegar-al-futbol-mexicano\/#breadcrumb"},"inLanguage":"es","potentialAction":[{"@type":"ReadAction","target":["https:\/\/futbolhoy.co\/index.php\/2025\/01\/31\/cuadrado-esta-a-una-llamada-de-james-de-llegar-al-futbol-mexicano\/"]}]},{"@type":"ImageObject","inLanguage":"es","@id":"https:\/\/futbolhoy.co\/index.php\/2025\/01\/31\/cuadrado-esta-a-una-llamada-de-james-de-llegar-al-futbol-mexicano\/#primaryimage","url":"https:\/\/futbolhoy.co\/wp-content\/uploads\/2025\/01\/Captura-de-pantalla-2025-01-31-a-las-8.32.40\u202fa.-m.png","contentUrl":"https:\/\/futbolhoy.co\/wp-content\/uploads\/2025\/01\/Captura-de-pantalla-2025-01-31-a-las-8.32.40\u202fa.-m.png","width":1782,"height":1086},{"@type":"BreadcrumbList","@id":"https:\/\/futbolhoy.co\/index.php\/2025\/01\/31\/cuadrado-esta-a-una-llamada-de-james-de-llegar-al-futbol-mexicano\/#breadcrumb","itemListElement":[{"@type":"ListItem","position":1,"name":"Portada","item":"https:\/\/futbolhoy.co\/"},{"@type":"ListItem","position":2,"name":"Cuadrado est\u00e1 \u201ca una llamada de James\u201d de llegar al f\u00fatbol mexicano"}]},{"@type":"WebSite","@id":"https:\/\/futbolhoy.co\/#website","url":"https:\/\/futbolhoy.co\/","name":"FutbolHoy","description":"","publisher":{"@id":"https:\/\/futbolhoy.co\/#organization"},"potentialAction":[{"@type":"SearchAction","target":{"@type":"EntryPoint","urlTemplate":"https:\/\/futbolhoy.co\/?s={search_term_string}"},"query-input":{"@type":"PropertyValueSpecification","valueRequired":true,"valueName":"search_term_string"}}],"inLanguage":"es"},{"@type":"Organization","@id":"https:\/\/futbolhoy.co\/#organization","name":"Futbolhoy.co","url":"https:\/\/futbolhoy.co\/","logo":{"@type":"ImageObject","inLanguage":"es","@id":"https:\/\/futbolhoy.co\/#\/schema\/logo\/image\/","url":"https:\/\/futbolhoy.co\/wp-content\/uploads\/2018\/08\/17426380_1906371736249227_6326180412931521141_n.jpg","contentUrl":"https:\/\/futbolhoy.co\/wp-content\/uploads\/2018\/08\/17426380_1906371736249227_6326180412931521141_n.jpg","width":960,"height":960,"caption":"Futbolhoy.co"},"image":{"@id":"https:\/\/futbolhoy.co\/#\/schema\/logo\/image\/"},"sameAs":["https:\/\/www.facebook.com\/FutbolHoyCol\/","https:\/\/x.com\/FutbolHoyCol","https:\/\/www.instagram.com\/futbolhoycol\/"]},{"@type":"Person","@id":"https:\/\/futbolhoy.co\/#\/schema\/person\/1721b69355b6623eaff15ac7b92d4cc3","name":"contenido","image":{"@type":"ImageObject","inLanguage":"es","@id":"https:\/\/futbolhoy.co\/#\/schema\/person\/image\/","url":"https:\/\/secure.gravatar.com\/avatar\/4f656d3256f5134f466206e7c3941518?s=96&d=mm&r=g","contentUrl":"https:\/\/secure.gravatar.com\/avatar\/4f656d3256f5134f466206e7c3941518?s=96&d=mm&r=g","caption":"contenido"}}]}},"publishpress_future_action":{"enabled":false,"date":"2026-05-02 05:07:22","action":"change-status","newStatus":"draft","terms":[],"taxonomy":"category","extraData":[]},"publishpress_future_workflow_manual_trigger":{"enabledWorkflows":[]},"_links":{"self":[{"href":"https:\/\/futbolhoy.co\/index.php\/wp-json\/wp\/v2\/posts\/115921","targetHints":{"allow":["GET"]}}],"collection":[{"href":"https:\/\/futbolhoy.co\/index.php\/wp-json\/wp\/v2\/posts"}],"about":[{"href":"https:\/\/futbolhoy.co\/index.php\/wp-json\/wp\/v2\/types\/post"}],"author":[{"embeddable":true,"href":"https:\/\/futbolhoy.co\/index.php\/wp-json\/wp\/v2\/users\/4"}],"replies":[{"embeddable":true,"href":"https:\/\/futbolhoy.co\/index.php\/wp-json\/wp\/v2\/comments?post=115921"}],"version-history":[{"count":1,"href":"https:\/\/futbolhoy.co\/index.php\/wp-json\/wp\/v2\/posts\/115921\/revisions"}],"predecessor-version":[{"id":115924,"href":"https:\/\/futbolhoy.co\/index.php\/wp-json\/wp\/v2\/posts\/115921\/revisions\/115924"}],"wp:featuredmedia":[{"embeddable":true,"href":"https:\/\/futbolhoy.co\/index.php\/wp-json\/wp\/v2\/media\/115922"}],"wp:attachment":[{"href":"https:\/\/futbolhoy.co\/index.php\/wp-json\/wp\/v2\/media?parent=115921"}],"wp:term":[{"taxonomy":"category","embeddable":true,"href":"https:\/\/futbolhoy.co\/index.php\/wp-json\/wp\/v2\/categories?post=115921"},{"taxonomy":"post_tag","embeddable":true,"href":"https:\/\/futbolhoy.co\/index.php\/wp-json\/wp\/v2\/tags?post=115921"}],"curies":[{"name":"wp","href":"https:\/\/api.w.org\/{rel}","templated":true}]}}