{"id":11593,"date":"2017-12-28T19:30:00","date_gmt":"2017-12-29T00:30:00","guid":{"rendered":"http:\/\/futbolhoy.co\/?p=11593"},"modified":"2017-12-28T19:30:00","modified_gmt":"2017-12-29T00:30:00","slug":"ruben-betancourt-nuevo-refuerzo-de-santa-fe","status":"publish","type":"post","link":"https:\/\/futbolhoy.co\/index.php\/2017\/12\/28\/ruben-betancourt-nuevo-refuerzo-de-santa-fe\/","title":{"rendered":"Rub\u00e9n Betancourt nuevo refuerzo de Santa Fe"},"content":{"rendered":"<p style=\"text-align: justify;\"><span style=\"font-weight: 400;\">El centro delantero uruguayo <\/span><b>Rub\u00e9n Daniel Betancourt Morales<\/b><span style=\"font-weight: 400;\">, de 24 a\u00f1os de edad, procedente del <\/span><b>Sud Am\u00e9rica<\/b><span style=\"font-weight: 400;\"> de su pa\u00eds, donde marc\u00f3 10 goles en los 17 partidos del \u00faltimo campeonato llegar\u00e1 a <\/span><b>Santa Fe<\/b><span style=\"font-weight: 400;\"> a pr\u00e9stamo por un a\u00f1o.<\/span><\/p>\n<p style=\"text-align: justify;\"><span style=\"font-weight: 400;\">Betancourt, de 1,86 metros de estatura, integr\u00f3 la selecci\u00f3n sub 20 de Uruguay que alcanz\u00f3 el subt\u00edtulo del Mundial de la categor\u00eda en 2013.<\/span><\/p>\n<p style=\"text-align: justify;\"><span style=\"font-weight: 400;\">El atacante era pretendido por los dos grandes su pa\u00eds para 2018, <\/span><b>Pe\u00f1arol <\/b><span style=\"font-weight: 400;\">y Nacional y ha tenido, a pesar de su corta edad, una extensa carrera, pasando por Jong PSV de Holanda, <\/span><b>Atalanta<\/b><span style=\"font-weight: 400;\">, Bologna y Arezzo de Italia, Defensor Sporting y Sud Am\u00e9rica de Uruguay, Defensa y Justicia de Argentina y <\/span><b>Paran\u00e1<\/b><span style=\"font-weight: 400;\"> de Brasil.<\/span><\/p>\n<p style=\"text-align: justify;\"><span style=\"font-weight: 400;\">Santa Fe tambi\u00e9n contar\u00e1 el pr\u00f3ximo a\u00f1o con los retornos de <\/span><b>Dar\u00edo Rodr\u00edguez<\/b><span style=\"font-weight: 400;\"> del Bucaramanga y <\/span><b>Armando Vargas<\/b><span style=\"font-weight: 400;\"> del Deportes Tolima y est\u00e1 muy cerca del volante paname\u00f1o Alberto Quintero, de 30 a\u00f1os y quien actualmente milita en Universitario de Deportes de Per\u00fa.<\/span><\/p>\n","protected":false},"excerpt":{"rendered":"<p>El centro delantero uruguayo Rub\u00e9n Daniel Betancourt Morales, de 24 a\u00f1os de edad, procedente del Sud Am\u00e9rica de su pa\u00eds, donde marc\u00f3 10 goles en los 17 partidos del \u00faltimo campeonato llegar\u00e1 a Santa Fe a pr\u00e9stamo por un a\u00f1o. Betancourt, de 1,86 metros de estatura, integr\u00f3 la selecci\u00f3n sub 20 de Uruguay que alcanz\u00f3 [&hellip;]<\/p>\n","protected":false},"author":5,"featured_media":11594,"comment_status":"open","ping_status":"closed","sticky":false,"template":"","format":"standard","meta":{"_acf_changed":false,"footnotes":""},"categories":[5,7],"tags":[169],"class_list":{"0":"post-11593","1":"post","2":"type-post","3":"status-publish","4":"format-standard","5":"has-post-thumbnail","7":"category-destacados","8":"category-liga-betplay","9":"tag-independiente-santa-fe"},"acf":[],"_links":{"self":[{"href":"https:\/\/futbolhoy.co\/index.php\/wp-json\/wp\/v2\/posts\/11593","targetHints":{"allow":["GET"]}}],"collection":[{"href":"https:\/\/futbolhoy.co\/index.php\/wp-json\/wp\/v2\/posts"}],"about":[{"href":"https:\/\/futbolhoy.co\/index.php\/wp-json\/wp\/v2\/types\/post"}],"author":[{"embeddable":true,"href":"https:\/\/futbolhoy.co\/index.php\/wp-json\/wp\/v2\/users\/5"}],"replies":[{"embeddable":true,"href":"https:\/\/futbolhoy.co\/index.php\/wp-json\/wp\/v2\/comments?post=11593"}],"version-history":[{"count":1,"href":"https:\/\/futbolhoy.co\/index.php\/wp-json\/wp\/v2\/posts\/11593\/revisions"}],"predecessor-version":[{"id":11597,"href":"https:\/\/futbolhoy.co\/index.php\/wp-json\/wp\/v2\/posts\/11593\/revisions\/11597"}],"wp:featuredmedia":[{"embeddable":true,"href":"https:\/\/futbolhoy.co\/index.php\/wp-json\/wp\/v2\/media\/11594"}],"wp:attachment":[{"href":"https:\/\/futbolhoy.co\/index.php\/wp-json\/wp\/v2\/media?parent=11593"}],"wp:term":[{"taxonomy":"category","embeddable":true,"href":"https:\/\/futbolhoy.co\/index.php\/wp-json\/wp\/v2\/categories?post=11593"},{"taxonomy":"post_tag","embeddable":true,"href":"https:\/\/futbolhoy.co\/index.php\/wp-json\/wp\/v2\/tags?post=11593"}],"curies":[{"name":"wp","href":"https:\/\/api.w.org\/{rel}","templated":true}]}}