{"id":11626,"date":"2017-12-29T12:34:49","date_gmt":"2017-12-29T17:34:49","guid":{"rendered":"http:\/\/futbolhoy.co\/?p=11626"},"modified":"2017-12-29T12:34:49","modified_gmt":"2017-12-29T17:34:49","slug":"polilla-da-silva-da-ultimatum-al-america","status":"publish","type":"post","link":"https:\/\/futbolhoy.co\/index.php\/2017\/12\/29\/polilla-da-silva-da-ultimatum-al-america\/","title":{"rendered":"\u2018Polilla\u2019 Da Silva da ultim\u00e1tum al Am\u00e9rica"},"content":{"rendered":"<p style=\"text-align: justify;\"><span style=\"font-weight: 400;\">El t\u00e9cnico uruguayo <\/span><b>Jorge \u2018Polilla\u2019 Da Silva<\/b><span style=\"font-weight: 400;\"> mostr\u00f3 su inconformismo por las contrataciones que ha venido realizando el <\/span><b>Am\u00e9rica<\/b><span style=\"font-weight: 400;\">, que distan mucho del listado de refuerzos que el dej\u00f3 a la junta directiva del club antes de partir de vacaciones a su pa\u00eds.<\/span><\/p>\n<p style=\"text-align: justify;\"><span style=\"font-weight: 400;\">Seg\u00fan el entrenador, no ha renunciado al cargo y llegar\u00e1 los primeros d\u00edas de enero a <\/span><b>Cali<\/b><span style=\"font-weight: 400;\"> como lo ten\u00eda previsto, pero all\u00ed conversar\u00e1 con los dirigentes \u2018escarlatas\u2019 para definir su futuro, ya que los jugadores que solicit\u00f3 para la temporada 2018 los han contratado otros equipos.<\/span><\/p>\n<p style=\"text-align: justify;\"><span style=\"font-weight: 400;\">Hasta el momento Am\u00e9rica ha vinculado a los defensas Danilo Arboleda, Harrison Canchimbo y Avimiled Rivas para el pr\u00f3ximo a\u00f1o, donde disputar\u00e1 la Liga y la <\/span><b>Copa \u00c1guila<\/b><span style=\"font-weight: 400;\"> en Colombia y la <\/span><b>Copa Sudamericana<\/b><\/p>\n","protected":false},"excerpt":{"rendered":"<p>El t\u00e9cnico uruguayo Jorge \u2018Polilla\u2019 Da Silva mostr\u00f3 su inconformismo por las contrataciones que ha venido realizando el Am\u00e9rica, que distan mucho del listado de refuerzos que el dej\u00f3 a la junta directiva del club antes de partir de vacaciones a su pa\u00eds. Seg\u00fan el entrenador, no ha renunciado al cargo y llegar\u00e1 los primeros [&hellip;]<\/p>\n","protected":false},"author":5,"featured_media":11630,"comment_status":"open","ping_status":"closed","sticky":false,"template":"","format":"standard","meta":{"_acf_changed":false,"footnotes":""},"categories":[5,7],"tags":[162,145,535],"class_list":{"0":"post-11626","1":"post","2":"type-post","3":"status-publish","4":"format-standard","5":"has-post-thumbnail","7":"category-destacados","8":"category-liga-betplay","9":"tag-america-de-cali","10":"tag-liga-aguila","11":"tag-polilla-da-silva"},"acf":[],"_links":{"self":[{"href":"https:\/\/futbolhoy.co\/index.php\/wp-json\/wp\/v2\/posts\/11626","targetHints":{"allow":["GET"]}}],"collection":[{"href":"https:\/\/futbolhoy.co\/index.php\/wp-json\/wp\/v2\/posts"}],"about":[{"href":"https:\/\/futbolhoy.co\/index.php\/wp-json\/wp\/v2\/types\/post"}],"author":[{"embeddable":true,"href":"https:\/\/futbolhoy.co\/index.php\/wp-json\/wp\/v2\/users\/5"}],"replies":[{"embeddable":true,"href":"https:\/\/futbolhoy.co\/index.php\/wp-json\/wp\/v2\/comments?post=11626"}],"version-history":[{"count":1,"href":"https:\/\/futbolhoy.co\/index.php\/wp-json\/wp\/v2\/posts\/11626\/revisions"}],"predecessor-version":[{"id":11635,"href":"https:\/\/futbolhoy.co\/index.php\/wp-json\/wp\/v2\/posts\/11626\/revisions\/11635"}],"wp:featuredmedia":[{"embeddable":true,"href":"https:\/\/futbolhoy.co\/index.php\/wp-json\/wp\/v2\/media\/11630"}],"wp:attachment":[{"href":"https:\/\/futbolhoy.co\/index.php\/wp-json\/wp\/v2\/media?parent=11626"}],"wp:term":[{"taxonomy":"category","embeddable":true,"href":"https:\/\/futbolhoy.co\/index.php\/wp-json\/wp\/v2\/categories?post=11626"},{"taxonomy":"post_tag","embeddable":true,"href":"https:\/\/futbolhoy.co\/index.php\/wp-json\/wp\/v2\/tags?post=11626"}],"curies":[{"name":"wp","href":"https:\/\/api.w.org\/{rel}","templated":true}]}}