{"id":11637,"date":"2017-12-30T19:38:02","date_gmt":"2017-12-31T00:38:02","guid":{"rendered":"http:\/\/futbolhoy.co\/?p=11637"},"modified":"2017-12-30T19:38:02","modified_gmt":"2017-12-31T00:38:02","slug":"vladimir-hernandez-regresara-al-junior","status":"publish","type":"post","link":"https:\/\/futbolhoy.co\/index.php\/2017\/12\/30\/vladimir-hernandez-regresara-al-junior\/","title":{"rendered":"Vladimir Hern\u00e1ndez regresar\u00e1 al Junior"},"content":{"rendered":"<p style=\"text-align: justify;\"><span style=\"font-weight: 400;\">El volante colombiano <\/span><b>Vladimir Hern\u00e1ndez<\/b><span style=\"font-weight: 400;\"> tiene todo acordado para regresar al <\/span><b>Junior<\/b><span style=\"font-weight: 400;\"> en 2018, luego de su paso este a\u00f1o por el Santos brasile\u00f1o, donde disput\u00f3 27 partidos, 851 minutos y marc\u00f3 un gol.<\/span><\/p>\n<p style=\"text-align: justify;\"><span style=\"font-weight: 400;\">Hern\u00e1ndez, de 28 a\u00f1os, ser\u00eda el primer refuerzo del conjunto barranquillero que disputar\u00e1 la Liga y la <\/span><b>Copa \u00c1guila<\/b><span style=\"font-weight: 400;\"> en Colombia y la <\/span><b>Copa Libertadores<\/b><span style=\"font-weight: 400;\"> desde la segunda fase.<\/span><\/p>\n<p style=\"text-align: justify;\"><span style=\"font-weight: 400;\">Junior adem\u00e1s busca al zaguero central de la selecci\u00f3n peruana <\/span><b>Alberto \u2018mudo\u2019 Rodr\u00edguez<\/b><span style=\"font-weight: 400;\"> de <\/span><b>Universitario de Deportes<\/b><span style=\"font-weight: 400;\">.<\/span><\/p>\n","protected":false},"excerpt":{"rendered":"<p>El volante colombiano Vladimir Hern\u00e1ndez tiene todo acordado para regresar al Junior en 2018, luego de su paso este a\u00f1o por el Santos brasile\u00f1o, donde disput\u00f3 27 partidos, 851 minutos y marc\u00f3 un gol. Hern\u00e1ndez, de 28 a\u00f1os, ser\u00eda el primer refuerzo del conjunto barranquillero que disputar\u00e1 la Liga y la Copa \u00c1guila en Colombia [&hellip;]<\/p>\n","protected":false},"author":5,"featured_media":11639,"comment_status":"open","ping_status":"closed","sticky":false,"template":"","format":"standard","meta":{"_acf_changed":false,"footnotes":""},"categories":[5,7],"tags":[90,145,536],"class_list":{"0":"post-11637","1":"post","2":"type-post","3":"status-publish","4":"format-standard","5":"has-post-thumbnail","7":"category-destacados","8":"category-liga-betplay","9":"tag-junior","10":"tag-liga-aguila","11":"tag-vladimir-hernandez"},"acf":[],"_links":{"self":[{"href":"https:\/\/futbolhoy.co\/index.php\/wp-json\/wp\/v2\/posts\/11637","targetHints":{"allow":["GET"]}}],"collection":[{"href":"https:\/\/futbolhoy.co\/index.php\/wp-json\/wp\/v2\/posts"}],"about":[{"href":"https:\/\/futbolhoy.co\/index.php\/wp-json\/wp\/v2\/types\/post"}],"author":[{"embeddable":true,"href":"https:\/\/futbolhoy.co\/index.php\/wp-json\/wp\/v2\/users\/5"}],"replies":[{"embeddable":true,"href":"https:\/\/futbolhoy.co\/index.php\/wp-json\/wp\/v2\/comments?post=11637"}],"version-history":[{"count":1,"href":"https:\/\/futbolhoy.co\/index.php\/wp-json\/wp\/v2\/posts\/11637\/revisions"}],"predecessor-version":[{"id":11642,"href":"https:\/\/futbolhoy.co\/index.php\/wp-json\/wp\/v2\/posts\/11637\/revisions\/11642"}],"wp:featuredmedia":[{"embeddable":true,"href":"https:\/\/futbolhoy.co\/index.php\/wp-json\/wp\/v2\/media\/11639"}],"wp:attachment":[{"href":"https:\/\/futbolhoy.co\/index.php\/wp-json\/wp\/v2\/media?parent=11637"}],"wp:term":[{"taxonomy":"category","embeddable":true,"href":"https:\/\/futbolhoy.co\/index.php\/wp-json\/wp\/v2\/categories?post=11637"},{"taxonomy":"post_tag","embeddable":true,"href":"https:\/\/futbolhoy.co\/index.php\/wp-json\/wp\/v2\/tags?post=11637"}],"curies":[{"name":"wp","href":"https:\/\/api.w.org\/{rel}","templated":true}]}}