{"id":11638,"date":"2017-12-30T19:37:47","date_gmt":"2017-12-31T00:37:47","guid":{"rendered":"http:\/\/futbolhoy.co\/?p=11638"},"modified":"2017-12-30T19:37:48","modified_gmt":"2017-12-31T00:37:48","slug":"manchester-pierde-por-lesion-a-ibra-y-lukaku","status":"publish","type":"post","link":"https:\/\/futbolhoy.co\/index.php\/2017\/12\/30\/manchester-pierde-por-lesion-a-ibra-y-lukaku\/","title":{"rendered":"Manchester pierde por lesi\u00f3n a Ibra y Lukaku"},"content":{"rendered":"<p style=\"text-align: justify;\"><span style=\"font-weight: 400;\">El <\/span><b>Manchester United<\/b><span style=\"font-weight: 400;\"> tuvo un mal cierre de a\u00f1o al empatar sus \u00faltimos tres partidos disputados, caer al tercer lugar en la tabla de posiciones y perder por sendas lesiones a sus dos m\u00e1ximas figuras, los delanteros <\/span><b>Zlatan Ibrahimovic<\/b><span style=\"font-weight: 400;\"> y Romelu Lukaku.<\/span><\/p>\n<p style=\"text-align: justify;\"><span style=\"font-weight: 400;\">Los \u2018diablos rojos\u2019 igualaron 0-0 en la \u00faltima jornada del a\u00f1o por la <\/span><b>Liga Premier<\/b><span style=\"font-weight: 400;\"> con el Southampton, sumaron 44 puntos y son superados por el <\/span><b>Manchester City<\/b><span style=\"font-weight: 400;\"> que es l\u00edder con 58 y el <\/span><b>Chelsea<\/b><span style=\"font-weight: 400;\"> con 45.<\/span><\/p>\n<p style=\"text-align: justify;\"><span style=\"font-weight: 400;\">El t\u00e9cnico Jos\u00e9 Mourinho adem\u00e1s inform\u00f3 que el sueco Zlatan Ibrahimovic sufri\u00f3 una lesi\u00f3n en el anterior juego contra el <\/span><b>Burnley<\/b><span style=\"font-weight: 400;\"> y estar\u00e1 ausente un mes de las canchas, aunque no especific\u00f3 que padece.<\/span><\/p>\n<p style=\"text-align: justify;\"><span style=\"font-weight: 400;\">Por su parte, \u00a0el belga <\/span><b>Romelu Lukaku<\/b><span style=\"font-weight: 400;\"> recibi\u00f3 un fuerte golpe en la nuca tras un choque con el defensa Wesley Hoedt del <\/span><b>Southampton<\/b><span style=\"font-weight: 400;\"> y debido abandonar el terreno de juego con ox\u00edgeno e inmovilizado, ante lo cual \u2018Mou\u2019 se\u00f1al\u00f3 que se le realizar\u00e1n ex\u00e1menes, pero que no estar\u00e1 disponible al menos para los siguientes dos partidos del United.<\/span><\/p>\n","protected":false},"excerpt":{"rendered":"<p>El Manchester United tuvo un mal cierre de a\u00f1o al empatar sus \u00faltimos tres partidos disputados, caer al tercer lugar en la tabla de posiciones y perder por sendas lesiones a sus dos m\u00e1ximas figuras, los delanteros Zlatan Ibrahimovic y Romelu Lukaku. Los \u2018diablos rojos\u2019 igualaron 0-0 en la \u00faltima jornada del a\u00f1o por la [&hellip;]<\/p>\n","protected":false},"author":5,"featured_media":11640,"comment_status":"open","ping_status":"closed","sticky":false,"template":"","format":"standard","meta":{"_acf_changed":false,"footnotes":""},"categories":[5,152],"tags":[],"class_list":{"0":"post-11638","1":"post","2":"type-post","3":"status-publish","4":"format-standard","5":"has-post-thumbnail","7":"category-destacados","8":"category-mundo-futbol"},"acf":[],"_links":{"self":[{"href":"https:\/\/futbolhoy.co\/index.php\/wp-json\/wp\/v2\/posts\/11638","targetHints":{"allow":["GET"]}}],"collection":[{"href":"https:\/\/futbolhoy.co\/index.php\/wp-json\/wp\/v2\/posts"}],"about":[{"href":"https:\/\/futbolhoy.co\/index.php\/wp-json\/wp\/v2\/types\/post"}],"author":[{"embeddable":true,"href":"https:\/\/futbolhoy.co\/index.php\/wp-json\/wp\/v2\/users\/5"}],"replies":[{"embeddable":true,"href":"https:\/\/futbolhoy.co\/index.php\/wp-json\/wp\/v2\/comments?post=11638"}],"version-history":[{"count":1,"href":"https:\/\/futbolhoy.co\/index.php\/wp-json\/wp\/v2\/posts\/11638\/revisions"}],"predecessor-version":[{"id":11641,"href":"https:\/\/futbolhoy.co\/index.php\/wp-json\/wp\/v2\/posts\/11638\/revisions\/11641"}],"wp:featuredmedia":[{"embeddable":true,"href":"https:\/\/futbolhoy.co\/index.php\/wp-json\/wp\/v2\/media\/11640"}],"wp:attachment":[{"href":"https:\/\/futbolhoy.co\/index.php\/wp-json\/wp\/v2\/media?parent=11638"}],"wp:term":[{"taxonomy":"category","embeddable":true,"href":"https:\/\/futbolhoy.co\/index.php\/wp-json\/wp\/v2\/categories?post=11638"},{"taxonomy":"post_tag","embeddable":true,"href":"https:\/\/futbolhoy.co\/index.php\/wp-json\/wp\/v2\/tags?post=11638"}],"curies":[{"name":"wp","href":"https:\/\/api.w.org\/{rel}","templated":true}]}}