{"id":11647,"date":"2017-12-31T08:30:33","date_gmt":"2017-12-31T13:30:33","guid":{"rendered":"http:\/\/futbolhoy.co\/?p=11647"},"modified":"2017-12-31T08:30:33","modified_gmt":"2017-12-31T13:30:33","slug":"luan-rey-de-america","status":"publish","type":"post","link":"https:\/\/futbolhoy.co\/index.php\/2017\/12\/31\/luan-rey-de-america\/","title":{"rendered":"Luan, Rey de Am\u00e9rica"},"content":{"rendered":"<p style=\"text-align: justify;\">El delantero brasile\u00f1o <strong>Luan<\/strong>, de <strong>Gremio<\/strong> de Porto Alegre, campe\u00f3n de la <strong>Copa Libertadores<\/strong>, fue elegido como Rey de Am\u00e9rica por parte del diario El Pa\u00eds de <strong>Montevideo<\/strong> en su tradicional encuesta anual al sumar 182 votos, correspondiente al 49,46%.<\/p>\n<p style=\"text-align: justify;\">Luan, autor de 8 goles en la Libertadores, ocup\u00f3 el lugar del colombiano <strong>Miguel \u00c1ngel Borja,<\/strong> ganador en 2016; y fue seguido por el atacante peruano <strong>Paolo Guerrero<\/strong> de <strong>Flamengo<\/strong> y su compa\u00f1ero en Gremio, el volante <strong>Arthur<\/strong>.<\/p>\n<p style=\"text-align: justify;\">En la elecci\u00f3n del mejor t\u00e9cnico la distinci\u00f3n recay\u00f3 sobre el brasile\u00f1o <strong>Tite<\/strong>, escoltado por el argentino <strong>Ricardo Gareca<\/strong>, seleccionador peruano y <strong>Ariel Holan,<\/strong> entrenador de Independiente. <strong>Reinaldo Rueda,<\/strong> vencedor del a\u00f1o pasado, en esta oportunidad fue quinto.<\/p>\n<p style=\"text-align: justify;\">En el equipo ideal de Am\u00e9rica aparecen seis argentinos, cuatro brasile\u00f1os y un peruano; mientras que los colombianos <strong>Wilmar Barrios<\/strong> y <strong>Edwin Cardona<\/strong> figuraron en el once ideal escogido por la gente.<\/p>\n<p style=\"text-align: justify;\"><strong>Rey de Am\u00e9rica<\/strong><br \/>\n1. Luan (BRA\/Gremio) 182 votos<br \/>\n2. Paolo Guerrero (PER\/Flamengo) 65<br \/>\n3. Arthur (BRA\/Gremio) 46<br \/>\nEdwin Cardona (COL\/Monterrey-Boca Juniors) 1<\/p>\n<p style=\"text-align: justify;\"><strong>DT Rey de Am\u00e9rica<\/strong><br \/>\n1. Tite (BRA\/Brasil) 112 votos<br \/>\n2. Ricardo Gareca (ARG\/Per\u00fa) 93<br \/>\n3. Ariel Holan (ARG\/Independiente) 53<br \/>\n5. Reinaldo Rueda (COL\/Nacional-Flamengo) 17<br \/>\nJos\u00e9 P\u00e9kemran (ARG\/Colombia) 1<\/p>\n<p style=\"text-align: justify;\"><strong>Equipo Ideal Rey de Am\u00e9rica<\/strong><br \/>\nMarcelo Grohe (BRA\/Gremio), Jose Luis G\u00f3mez (ARG\/Lan\u00fas), Pedro Geromel (BRA\/Gremio), Diego Baghieri (ARG\/Lan\u00fas), Nicol\u00e1s Tagliafico (ARG\/Independiente), Lautaro Acosta (ARG\/Lan\u00fas), Arthur (BRA\/Gremio), Ezequiel Barco (ARG\/Independiente), Jos\u00e9 Sand (ARG\/Lan\u00fas), Luan (BRA\/Gremio) y Paolo Guerrero (PER\/Flamengo).<\/p>\n<p style=\"text-align: justify;\"><strong>Equipo Ideal de la gente<\/strong><br \/>\nMarcelo Grohe (BRA\/Gremio), Aldo Corzo (PER\/Universitario), Pedro Geromel (BRA\/Gremio), Alberto Rodr\u00edguez (PER\/Universitario), Miguel Trauco (PER\/Flamengo), Wilmar Barrios (COL\/Boca Juniors), Arthur (BRA\/Gremio), Christian Cueva (PER\/Sao Paulo), Edwin Cardona (COL\/Monterrey-Boca Juniors), Luan (BRA\/Gremio) y Paolo Guerrero (PER\/Flamengo).<br \/>\nDT Ricardo Gareca (ARG\/Per\u00fa).<\/p>\n<p style=\"text-align: justify;\"><strong>Los mejores por pa\u00eds<\/strong><br \/>\n<strong>Argentina<\/strong>: Dar\u00edo Benedetto, Jorge Almir\u00f3n, Boca Juniors.<br \/>\n<strong>Brasil<\/strong>: Luan, Renato Gaucho, Gremio.<br \/>\nColombia: Yimmy Char\u00e1, Miguel \u00c1ngel Russo, Nacional.<br \/>\n<strong>M\u00e9xico<\/strong>: Enner Valencia, Ricardo Ferretti, Tigres.<br \/>\nParaguay: Santiago Salcedo, Fernado Jubero, Cerro Porte\u00f1o.<\/p>\n","protected":false},"excerpt":{"rendered":"<p>El delantero brasile\u00f1o Luan, de Gremio de Porto Alegre, campe\u00f3n de la Copa Libertadores, fue elegido como Rey de Am\u00e9rica por parte del diario El Pa\u00eds de Montevideo en su tradicional encuesta anual al sumar 182 votos, correspondiente al 49,46%. Luan, autor de 8 goles en la Libertadores, ocup\u00f3 el lugar del colombiano Miguel \u00c1ngel [&hellip;]<\/p>\n","protected":false},"author":5,"featured_media":11645,"comment_status":"open","ping_status":"closed","sticky":false,"template":"","format":"standard","meta":{"_acf_changed":false,"footnotes":""},"categories":[5,152],"tags":[],"class_list":{"0":"post-11647","1":"post","2":"type-post","3":"status-publish","4":"format-standard","5":"has-post-thumbnail","7":"category-destacados","8":"category-mundo-futbol"},"acf":[],"_links":{"self":[{"href":"https:\/\/futbolhoy.co\/index.php\/wp-json\/wp\/v2\/posts\/11647","targetHints":{"allow":["GET"]}}],"collection":[{"href":"https:\/\/futbolhoy.co\/index.php\/wp-json\/wp\/v2\/posts"}],"about":[{"href":"https:\/\/futbolhoy.co\/index.php\/wp-json\/wp\/v2\/types\/post"}],"author":[{"embeddable":true,"href":"https:\/\/futbolhoy.co\/index.php\/wp-json\/wp\/v2\/users\/5"}],"replies":[{"embeddable":true,"href":"https:\/\/futbolhoy.co\/index.php\/wp-json\/wp\/v2\/comments?post=11647"}],"version-history":[{"count":1,"href":"https:\/\/futbolhoy.co\/index.php\/wp-json\/wp\/v2\/posts\/11647\/revisions"}],"predecessor-version":[{"id":11648,"href":"https:\/\/futbolhoy.co\/index.php\/wp-json\/wp\/v2\/posts\/11647\/revisions\/11648"}],"wp:featuredmedia":[{"embeddable":true,"href":"https:\/\/futbolhoy.co\/index.php\/wp-json\/wp\/v2\/media\/11645"}],"wp:attachment":[{"href":"https:\/\/futbolhoy.co\/index.php\/wp-json\/wp\/v2\/media?parent=11647"}],"wp:term":[{"taxonomy":"category","embeddable":true,"href":"https:\/\/futbolhoy.co\/index.php\/wp-json\/wp\/v2\/categories?post=11647"},{"taxonomy":"post_tag","embeddable":true,"href":"https:\/\/futbolhoy.co\/index.php\/wp-json\/wp\/v2\/tags?post=11647"}],"curies":[{"name":"wp","href":"https:\/\/api.w.org\/{rel}","templated":true}]}}