{"id":116792,"date":"2025-02-23T18:26:08","date_gmt":"2025-02-23T23:26:08","guid":{"rendered":"https:\/\/futbolhoy.co\/?p=116792"},"modified":"2025-02-24T19:59:06","modified_gmt":"2025-02-25T00:59:06","slug":"alianza-desperto-y-nacional-sufrio-su-primera-derrota","status":"publish","type":"post","link":"https:\/\/futbolhoy.co\/index.php\/2025\/02\/23\/alianza-desperto-y-nacional-sufrio-su-primera-derrota\/","title":{"rendered":"Alianza despert\u00f3 y Nacional sufri\u00f3 su primera derrota"},"content":{"rendered":"<p style=\"text-align: justify;\"><span style=\"font-family: helvetica, arial, sans-serif;\"><b>Atl\u00e9tico Nacional sufri\u00f3 su primera derrota en este Torneo Apertura,<\/b><span style=\"font-weight: 400;\"> en su visita a Alianza FC por el partido correspondiente a la<\/span><b> fecha 6 de la Liga BetPlay.<\/b><span style=\"font-weight: 400;\"> Los verdolagas comenzaron ganando, pero terminaron cediendo los tres puntos.<\/span><\/span><\/p>\n<p style=\"text-align: justify;\"><span style=\"font-family: helvetica, arial, sans-serif;\"><span style=\"font-weight: 400;\">El equipo paisa abri\u00f3 el marcador en el estadio Armando Maestre de Valledupar al <\/span><b>minuto 15, con un gol de Alfredo Morelos,<\/b><span style=\"font-weight: 400;\"> pero los errores comenzaron a tomar protagonismo y al 35\u2019 el portero Harlen Castillo encaj\u00f3 en propia puerta el tanto con el que Alianza se puso 1-1.<\/span><\/span><\/p>\n<p style=\"text-align: justify;\"><span style=\"font-family: helvetica, arial, sans-serif;\"><span style=\"font-weight: 400;\">Antes de que terminara el primer tiempo se vivi\u00f3 la ley del ex, con el gol de Felipe Pardo al minuto 43 de penal y con este <\/span><b>Alianza se puso arriba 2-1 para el entretiempo.<\/b><\/span><\/p>\n<p style=\"text-align: justify;\"><span style=\"font-family: helvetica, arial, sans-serif;\"><b>Sergio Aponz\u00e1 al minuto 78 ampli\u00f3 el marcador a 3-1 para los locales<\/b><span style=\"font-weight: 400;\">, que no dejaban de sorprender, teniendo en cuenta que hasta este domingo no hab\u00edan ganado su primer partido en este campeonato.\u00a0<\/span><\/span><\/p>\n<p style=\"text-align: justify;\"><span style=\"font-family: helvetica, arial, sans-serif;\"><span style=\"font-weight: 400;\">El segundo de <\/span><b>Nacional lleg\u00f3 sobre el final,<\/b><span style=\"font-weight: 400;\"> cuando al minuto 84 Kevin Viveros ilusion\u00f3 con buscar el empate. Pero de poco sirvi\u00f3, pues el partido termin\u00f3 3-2, con los verdes sufriendo su primera ca\u00edda, saliendo de la primera casilla, y al tiempo Alianza celebrando sus primeros tres puntos, con lo que suman <\/span><b>3 empates, 1 derrota y 1 victoria.<\/b><\/span><\/p>\n","protected":false},"excerpt":{"rendered":"<p>Atl\u00e9tico Nacional sufri\u00f3 su primera derrota en este Torneo Apertura, en su visita a Alianza FC por el partido correspondiente a la fecha 6 de la Liga BetPlay. Los verdolagas comenzaron ganando, pero terminaron cediendo los tres puntos. El equipo paisa abri\u00f3 el marcador en el estadio Armando Maestre de Valledupar al minuto 15, con [&hellip;]<\/p>\n","protected":false},"author":4,"featured_media":116793,"comment_status":"open","ping_status":"open","sticky":false,"template":"","format":"standard","meta":{"_acf_changed":false,"footnotes":""},"categories":[7],"tags":[],"class_list":{"0":"post-116792","1":"post","2":"type-post","3":"status-publish","4":"format-standard","5":"has-post-thumbnail","7":"category-liga-betplay"},"acf":[],"yoast_head":"<!-- This site is optimized with the Yoast SEO plugin v26.8 - https:\/\/yoast.com\/product\/yoast-seo-wordpress\/ -->\n<title>Alianza despert\u00f3 y Nacional sufri\u00f3 su primera derrota -<\/title>\n<meta name=\"robots\" content=\"index, follow, max-snippet:-1, max-image-preview:large, max-video-preview:-1\" \/>\n<link rel=\"canonical\" href=\"https:\/\/futbolhoy.co\/index.php\/2025\/02\/23\/alianza-desperto-y-nacional-sufrio-su-primera-derrota\/\" \/>\n<meta property=\"og:locale\" content=\"es_ES\" \/>\n<meta property=\"og:type\" content=\"article\" \/>\n<meta property=\"og:title\" content=\"Alianza despert\u00f3 y Nacional sufri\u00f3 su primera derrota -\" \/>\n<meta property=\"og:description\" content=\"Atl\u00e9tico Nacional sufri\u00f3 su primera derrota en este Torneo Apertura, en su visita a Alianza FC por el partido correspondiente a la fecha 6 de la Liga BetPlay. Los verdolagas comenzaron ganando, pero terminaron cediendo los tres puntos. El equipo paisa abri\u00f3 el marcador en el estadio Armando Maestre de Valledupar al minuto 15, con [&hellip;]\" \/>\n<meta property=\"og:url\" content=\"https:\/\/futbolhoy.co\/index.php\/2025\/02\/23\/alianza-desperto-y-nacional-sufrio-su-primera-derrota\/\" \/>\n<meta property=\"article:publisher\" content=\"https:\/\/www.facebook.com\/FutbolHoyCol\/\" \/>\n<meta property=\"article:published_time\" content=\"2025-02-23T23:26:08+00:00\" \/>\n<meta property=\"article:modified_time\" content=\"2025-02-25T00:59:06+00:00\" \/>\n<meta property=\"og:image\" content=\"https:\/\/futbolhoy.co\/wp-content\/uploads\/2025\/02\/Captura-de-pantalla-2025-02-23-a-las-6.25.19\u202fp.-m-1024x670.png\" \/>\n\t<meta property=\"og:image:width\" content=\"1024\" \/>\n\t<meta property=\"og:image:height\" content=\"670\" \/>\n\t<meta property=\"og:image:type\" content=\"image\/png\" \/>\n<meta name=\"author\" content=\"contenido\" \/>\n<meta name=\"twitter:card\" content=\"summary_large_image\" \/>\n<meta name=\"twitter:creator\" content=\"@FutbolHoyCol\" \/>\n<meta name=\"twitter:site\" content=\"@FutbolHoyCol\" \/>\n<meta name=\"twitter:label1\" content=\"Escrito por\" \/>\n\t<meta name=\"twitter:data1\" content=\"contenido\" \/>\n\t<meta name=\"twitter:label2\" content=\"Tiempo de lectura\" \/>\n\t<meta name=\"twitter:data2\" content=\"1 minuto\" \/>\n<script type=\"application\/ld+json\" class=\"yoast-schema-graph\">{\"@context\":\"https:\/\/schema.org\",\"@graph\":[{\"@type\":\"Article\",\"@id\":\"https:\/\/futbolhoy.co\/index.php\/2025\/02\/23\/alianza-desperto-y-nacional-sufrio-su-primera-derrota\/#article\",\"isPartOf\":{\"@id\":\"https:\/\/futbolhoy.co\/index.php\/2025\/02\/23\/alianza-desperto-y-nacional-sufrio-su-primera-derrota\/\"},\"author\":{\"name\":\"contenido\",\"@id\":\"https:\/\/futbolhoy.co\/#\/schema\/person\/1721b69355b6623eaff15ac7b92d4cc3\"},\"headline\":\"Alianza despert\u00f3 y Nacional sufri\u00f3 su primera derrota\",\"datePublished\":\"2025-02-23T23:26:08+00:00\",\"dateModified\":\"2025-02-25T00:59:06+00:00\",\"mainEntityOfPage\":{\"@id\":\"https:\/\/futbolhoy.co\/index.php\/2025\/02\/23\/alianza-desperto-y-nacional-sufrio-su-primera-derrota\/\"},\"wordCount\":218,\"commentCount\":0,\"publisher\":{\"@id\":\"https:\/\/futbolhoy.co\/#organization\"},\"image\":{\"@id\":\"https:\/\/futbolhoy.co\/index.php\/2025\/02\/23\/alianza-desperto-y-nacional-sufrio-su-primera-derrota\/#primaryimage\"},\"thumbnailUrl\":\"https:\/\/futbolhoy.co\/wp-content\/uploads\/2025\/02\/Captura-de-pantalla-2025-02-23-a-las-6.25.19\u202fp.-m.png\",\"articleSection\":[\"Liga BetPlay\"],\"inLanguage\":\"es\",\"potentialAction\":[{\"@type\":\"CommentAction\",\"name\":\"Comment\",\"target\":[\"https:\/\/futbolhoy.co\/index.php\/2025\/02\/23\/alianza-desperto-y-nacional-sufrio-su-primera-derrota\/#respond\"]}]},{\"@type\":\"WebPage\",\"@id\":\"https:\/\/futbolhoy.co\/index.php\/2025\/02\/23\/alianza-desperto-y-nacional-sufrio-su-primera-derrota\/\",\"url\":\"https:\/\/futbolhoy.co\/index.php\/2025\/02\/23\/alianza-desperto-y-nacional-sufrio-su-primera-derrota\/\",\"name\":\"Alianza despert\u00f3 y Nacional sufri\u00f3 su primera derrota -\",\"isPartOf\":{\"@id\":\"https:\/\/futbolhoy.co\/#website\"},\"primaryImageOfPage\":{\"@id\":\"https:\/\/futbolhoy.co\/index.php\/2025\/02\/23\/alianza-desperto-y-nacional-sufrio-su-primera-derrota\/#primaryimage\"},\"image\":{\"@id\":\"https:\/\/futbolhoy.co\/index.php\/2025\/02\/23\/alianza-desperto-y-nacional-sufrio-su-primera-derrota\/#primaryimage\"},\"thumbnailUrl\":\"https:\/\/futbolhoy.co\/wp-content\/uploads\/2025\/02\/Captura-de-pantalla-2025-02-23-a-las-6.25.19\u202fp.-m.png\",\"datePublished\":\"2025-02-23T23:26:08+00:00\",\"dateModified\":\"2025-02-25T00:59:06+00:00\",\"breadcrumb\":{\"@id\":\"https:\/\/futbolhoy.co\/index.php\/2025\/02\/23\/alianza-desperto-y-nacional-sufrio-su-primera-derrota\/#breadcrumb\"},\"inLanguage\":\"es\",\"potentialAction\":[{\"@type\":\"ReadAction\",\"target\":[\"https:\/\/futbolhoy.co\/index.php\/2025\/02\/23\/alianza-desperto-y-nacional-sufrio-su-primera-derrota\/\"]}]},{\"@type\":\"ImageObject\",\"inLanguage\":\"es\",\"@id\":\"https:\/\/futbolhoy.co\/index.php\/2025\/02\/23\/alianza-desperto-y-nacional-sufrio-su-primera-derrota\/#primaryimage\",\"url\":\"https:\/\/futbolhoy.co\/wp-content\/uploads\/2025\/02\/Captura-de-pantalla-2025-02-23-a-las-6.25.19\u202fp.-m.png\",\"contentUrl\":\"https:\/\/futbolhoy.co\/wp-content\/uploads\/2025\/02\/Captura-de-pantalla-2025-02-23-a-las-6.25.19\u202fp.-m.png\",\"width\":1618,\"height\":1058},{\"@type\":\"BreadcrumbList\",\"@id\":\"https:\/\/futbolhoy.co\/index.php\/2025\/02\/23\/alianza-desperto-y-nacional-sufrio-su-primera-derrota\/#breadcrumb\",\"itemListElement\":[{\"@type\":\"ListItem\",\"position\":1,\"name\":\"Portada\",\"item\":\"https:\/\/futbolhoy.co\/\"},{\"@type\":\"ListItem\",\"position\":2,\"name\":\"Alianza despert\u00f3 y Nacional sufri\u00f3 su primera derrota\"}]},{\"@type\":\"WebSite\",\"@id\":\"https:\/\/futbolhoy.co\/#website\",\"url\":\"https:\/\/futbolhoy.co\/\",\"name\":\"FutbolHoy\",\"description\":\"\",\"publisher\":{\"@id\":\"https:\/\/futbolhoy.co\/#organization\"},\"potentialAction\":[{\"@type\":\"SearchAction\",\"target\":{\"@type\":\"EntryPoint\",\"urlTemplate\":\"https:\/\/futbolhoy.co\/?s={search_term_string}\"},\"query-input\":{\"@type\":\"PropertyValueSpecification\",\"valueRequired\":true,\"valueName\":\"search_term_string\"}}],\"inLanguage\":\"es\"},{\"@type\":\"Organization\",\"@id\":\"https:\/\/futbolhoy.co\/#organization\",\"name\":\"Futbolhoy.co\",\"url\":\"https:\/\/futbolhoy.co\/\",\"logo\":{\"@type\":\"ImageObject\",\"inLanguage\":\"es\",\"@id\":\"https:\/\/futbolhoy.co\/#\/schema\/logo\/image\/\",\"url\":\"https:\/\/futbolhoy.co\/wp-content\/uploads\/2018\/08\/17426380_1906371736249227_6326180412931521141_n.jpg\",\"contentUrl\":\"https:\/\/futbolhoy.co\/wp-content\/uploads\/2018\/08\/17426380_1906371736249227_6326180412931521141_n.jpg\",\"width\":960,\"height\":960,\"caption\":\"Futbolhoy.co\"},\"image\":{\"@id\":\"https:\/\/futbolhoy.co\/#\/schema\/logo\/image\/\"},\"sameAs\":[\"https:\/\/www.facebook.com\/FutbolHoyCol\/\",\"https:\/\/x.com\/FutbolHoyCol\",\"https:\/\/www.instagram.com\/futbolhoycol\/\"]},{\"@type\":\"Person\",\"@id\":\"https:\/\/futbolhoy.co\/#\/schema\/person\/1721b69355b6623eaff15ac7b92d4cc3\",\"name\":\"contenido\",\"image\":{\"@type\":\"ImageObject\",\"inLanguage\":\"es\",\"@id\":\"https:\/\/futbolhoy.co\/#\/schema\/person\/image\/\",\"url\":\"https:\/\/secure.gravatar.com\/avatar\/4f656d3256f5134f466206e7c3941518?s=96&d=mm&r=g\",\"contentUrl\":\"https:\/\/secure.gravatar.com\/avatar\/4f656d3256f5134f466206e7c3941518?s=96&d=mm&r=g\",\"caption\":\"contenido\"}}]}<\/script>\n<!-- \/ Yoast SEO plugin. -->","yoast_head_json":{"title":"Alianza despert\u00f3 y Nacional sufri\u00f3 su primera derrota -","robots":{"index":"index","follow":"follow","max-snippet":"max-snippet:-1","max-image-preview":"max-image-preview:large","max-video-preview":"max-video-preview:-1"},"canonical":"https:\/\/futbolhoy.co\/index.php\/2025\/02\/23\/alianza-desperto-y-nacional-sufrio-su-primera-derrota\/","og_locale":"es_ES","og_type":"article","og_title":"Alianza despert\u00f3 y Nacional sufri\u00f3 su primera derrota -","og_description":"Atl\u00e9tico Nacional sufri\u00f3 su primera derrota en este Torneo Apertura, en su visita a Alianza FC por el partido correspondiente a la fecha 6 de la Liga BetPlay. Los verdolagas comenzaron ganando, pero terminaron cediendo los tres puntos. El equipo paisa abri\u00f3 el marcador en el estadio Armando Maestre de Valledupar al minuto 15, con [&hellip;]","og_url":"https:\/\/futbolhoy.co\/index.php\/2025\/02\/23\/alianza-desperto-y-nacional-sufrio-su-primera-derrota\/","article_publisher":"https:\/\/www.facebook.com\/FutbolHoyCol\/","article_published_time":"2025-02-23T23:26:08+00:00","article_modified_time":"2025-02-25T00:59:06+00:00","og_image":[{"width":1024,"height":670,"url":"https:\/\/futbolhoy.co\/wp-content\/uploads\/2025\/02\/Captura-de-pantalla-2025-02-23-a-las-6.25.19\u202fp.-m-1024x670.png","type":"image\/png"}],"author":"contenido","twitter_card":"summary_large_image","twitter_creator":"@FutbolHoyCol","twitter_site":"@FutbolHoyCol","twitter_misc":{"Escrito por":"contenido","Tiempo de lectura":"1 minuto"},"schema":{"@context":"https:\/\/schema.org","@graph":[{"@type":"Article","@id":"https:\/\/futbolhoy.co\/index.php\/2025\/02\/23\/alianza-desperto-y-nacional-sufrio-su-primera-derrota\/#article","isPartOf":{"@id":"https:\/\/futbolhoy.co\/index.php\/2025\/02\/23\/alianza-desperto-y-nacional-sufrio-su-primera-derrota\/"},"author":{"name":"contenido","@id":"https:\/\/futbolhoy.co\/#\/schema\/person\/1721b69355b6623eaff15ac7b92d4cc3"},"headline":"Alianza despert\u00f3 y Nacional sufri\u00f3 su primera derrota","datePublished":"2025-02-23T23:26:08+00:00","dateModified":"2025-02-25T00:59:06+00:00","mainEntityOfPage":{"@id":"https:\/\/futbolhoy.co\/index.php\/2025\/02\/23\/alianza-desperto-y-nacional-sufrio-su-primera-derrota\/"},"wordCount":218,"commentCount":0,"publisher":{"@id":"https:\/\/futbolhoy.co\/#organization"},"image":{"@id":"https:\/\/futbolhoy.co\/index.php\/2025\/02\/23\/alianza-desperto-y-nacional-sufrio-su-primera-derrota\/#primaryimage"},"thumbnailUrl":"https:\/\/futbolhoy.co\/wp-content\/uploads\/2025\/02\/Captura-de-pantalla-2025-02-23-a-las-6.25.19\u202fp.-m.png","articleSection":["Liga BetPlay"],"inLanguage":"es","potentialAction":[{"@type":"CommentAction","name":"Comment","target":["https:\/\/futbolhoy.co\/index.php\/2025\/02\/23\/alianza-desperto-y-nacional-sufrio-su-primera-derrota\/#respond"]}]},{"@type":"WebPage","@id":"https:\/\/futbolhoy.co\/index.php\/2025\/02\/23\/alianza-desperto-y-nacional-sufrio-su-primera-derrota\/","url":"https:\/\/futbolhoy.co\/index.php\/2025\/02\/23\/alianza-desperto-y-nacional-sufrio-su-primera-derrota\/","name":"Alianza despert\u00f3 y Nacional sufri\u00f3 su primera derrota -","isPartOf":{"@id":"https:\/\/futbolhoy.co\/#website"},"primaryImageOfPage":{"@id":"https:\/\/futbolhoy.co\/index.php\/2025\/02\/23\/alianza-desperto-y-nacional-sufrio-su-primera-derrota\/#primaryimage"},"image":{"@id":"https:\/\/futbolhoy.co\/index.php\/2025\/02\/23\/alianza-desperto-y-nacional-sufrio-su-primera-derrota\/#primaryimage"},"thumbnailUrl":"https:\/\/futbolhoy.co\/wp-content\/uploads\/2025\/02\/Captura-de-pantalla-2025-02-23-a-las-6.25.19\u202fp.-m.png","datePublished":"2025-02-23T23:26:08+00:00","dateModified":"2025-02-25T00:59:06+00:00","breadcrumb":{"@id":"https:\/\/futbolhoy.co\/index.php\/2025\/02\/23\/alianza-desperto-y-nacional-sufrio-su-primera-derrota\/#breadcrumb"},"inLanguage":"es","potentialAction":[{"@type":"ReadAction","target":["https:\/\/futbolhoy.co\/index.php\/2025\/02\/23\/alianza-desperto-y-nacional-sufrio-su-primera-derrota\/"]}]},{"@type":"ImageObject","inLanguage":"es","@id":"https:\/\/futbolhoy.co\/index.php\/2025\/02\/23\/alianza-desperto-y-nacional-sufrio-su-primera-derrota\/#primaryimage","url":"https:\/\/futbolhoy.co\/wp-content\/uploads\/2025\/02\/Captura-de-pantalla-2025-02-23-a-las-6.25.19\u202fp.-m.png","contentUrl":"https:\/\/futbolhoy.co\/wp-content\/uploads\/2025\/02\/Captura-de-pantalla-2025-02-23-a-las-6.25.19\u202fp.-m.png","width":1618,"height":1058},{"@type":"BreadcrumbList","@id":"https:\/\/futbolhoy.co\/index.php\/2025\/02\/23\/alianza-desperto-y-nacional-sufrio-su-primera-derrota\/#breadcrumb","itemListElement":[{"@type":"ListItem","position":1,"name":"Portada","item":"https:\/\/futbolhoy.co\/"},{"@type":"ListItem","position":2,"name":"Alianza despert\u00f3 y Nacional sufri\u00f3 su primera derrota"}]},{"@type":"WebSite","@id":"https:\/\/futbolhoy.co\/#website","url":"https:\/\/futbolhoy.co\/","name":"FutbolHoy","description":"","publisher":{"@id":"https:\/\/futbolhoy.co\/#organization"},"potentialAction":[{"@type":"SearchAction","target":{"@type":"EntryPoint","urlTemplate":"https:\/\/futbolhoy.co\/?s={search_term_string}"},"query-input":{"@type":"PropertyValueSpecification","valueRequired":true,"valueName":"search_term_string"}}],"inLanguage":"es"},{"@type":"Organization","@id":"https:\/\/futbolhoy.co\/#organization","name":"Futbolhoy.co","url":"https:\/\/futbolhoy.co\/","logo":{"@type":"ImageObject","inLanguage":"es","@id":"https:\/\/futbolhoy.co\/#\/schema\/logo\/image\/","url":"https:\/\/futbolhoy.co\/wp-content\/uploads\/2018\/08\/17426380_1906371736249227_6326180412931521141_n.jpg","contentUrl":"https:\/\/futbolhoy.co\/wp-content\/uploads\/2018\/08\/17426380_1906371736249227_6326180412931521141_n.jpg","width":960,"height":960,"caption":"Futbolhoy.co"},"image":{"@id":"https:\/\/futbolhoy.co\/#\/schema\/logo\/image\/"},"sameAs":["https:\/\/www.facebook.com\/FutbolHoyCol\/","https:\/\/x.com\/FutbolHoyCol","https:\/\/www.instagram.com\/futbolhoycol\/"]},{"@type":"Person","@id":"https:\/\/futbolhoy.co\/#\/schema\/person\/1721b69355b6623eaff15ac7b92d4cc3","name":"contenido","image":{"@type":"ImageObject","inLanguage":"es","@id":"https:\/\/futbolhoy.co\/#\/schema\/person\/image\/","url":"https:\/\/secure.gravatar.com\/avatar\/4f656d3256f5134f466206e7c3941518?s=96&d=mm&r=g","contentUrl":"https:\/\/secure.gravatar.com\/avatar\/4f656d3256f5134f466206e7c3941518?s=96&d=mm&r=g","caption":"contenido"}}]}},"publishpress_future_action":{"enabled":false,"date":"2026-05-02 01:03:35","action":"change-status","newStatus":"draft","terms":[],"taxonomy":"category","extraData":[]},"publishpress_future_workflow_manual_trigger":{"enabledWorkflows":[]},"_links":{"self":[{"href":"https:\/\/futbolhoy.co\/index.php\/wp-json\/wp\/v2\/posts\/116792","targetHints":{"allow":["GET"]}}],"collection":[{"href":"https:\/\/futbolhoy.co\/index.php\/wp-json\/wp\/v2\/posts"}],"about":[{"href":"https:\/\/futbolhoy.co\/index.php\/wp-json\/wp\/v2\/types\/post"}],"author":[{"embeddable":true,"href":"https:\/\/futbolhoy.co\/index.php\/wp-json\/wp\/v2\/users\/4"}],"replies":[{"embeddable":true,"href":"https:\/\/futbolhoy.co\/index.php\/wp-json\/wp\/v2\/comments?post=116792"}],"version-history":[{"count":1,"href":"https:\/\/futbolhoy.co\/index.php\/wp-json\/wp\/v2\/posts\/116792\/revisions"}],"predecessor-version":[{"id":116794,"href":"https:\/\/futbolhoy.co\/index.php\/wp-json\/wp\/v2\/posts\/116792\/revisions\/116794"}],"wp:featuredmedia":[{"embeddable":true,"href":"https:\/\/futbolhoy.co\/index.php\/wp-json\/wp\/v2\/media\/116793"}],"wp:attachment":[{"href":"https:\/\/futbolhoy.co\/index.php\/wp-json\/wp\/v2\/media?parent=116792"}],"wp:term":[{"taxonomy":"category","embeddable":true,"href":"https:\/\/futbolhoy.co\/index.php\/wp-json\/wp\/v2\/categories?post=116792"},{"taxonomy":"post_tag","embeddable":true,"href":"https:\/\/futbolhoy.co\/index.php\/wp-json\/wp\/v2\/tags?post=116792"}],"curies":[{"name":"wp","href":"https:\/\/api.w.org\/{rel}","templated":true}]}}