{"id":11687,"date":"2018-01-02T10:49:57","date_gmt":"2018-01-02T15:49:57","guid":{"rendered":"http:\/\/futbolhoy.co\/?p=11687"},"modified":"2018-01-02T19:37:04","modified_gmt":"2018-01-03T00:37:04","slug":"dembele-dado-de-alta-en-el-barcelona","status":"publish","type":"post","link":"https:\/\/futbolhoy.co\/index.php\/2018\/01\/02\/dembele-dado-de-alta-en-el-barcelona\/","title":{"rendered":"Demb\u00e9l\u00e9 dado de alta en el Barcelona"},"content":{"rendered":"<p style=\"text-align: justify;\"><span style=\"font-weight: 400;\">El delantero del <\/span><b>Barcelona<\/b><span style=\"font-weight: 400;\">, <\/span><b>Ousmane Demb\u00e9l\u00e9<\/b><span style=\"font-weight: 400;\">, recibi\u00f3 el alta m\u00e9dica tras el entrenamiento de hoy y podr\u00eda entrar en la lista de convocados para el partido de ida de la <\/span><b>Copa del Rey<\/b><span style=\"font-weight: 400;\"> ante el <\/span><b>Celta de Vigo<\/b><span style=\"font-weight: 400;\"> el jueves.<\/span><span style=\"font-weight: 400;\"><br \/>\n<\/span><span style=\"font-weight: 400;\"><br \/>\n<\/span><span style=\"font-weight: 400;\">Demb\u00e9l\u00e9 se lesion\u00f3 el 16 de diciembre en el partido de Liga ante el <\/span><b>Getafe<\/b><span style=\"font-weight: 400;\">, donde sufri\u00f3 una rotura del tend\u00f3n del b\u00edceps femoral de la pierna izquierda y se le diagnostic\u00f3 un per\u00edodo de recuperaci\u00f3n de cuatro meses.<\/span><span style=\"font-weight: 400;\"><br \/>\n<\/span><span style=\"font-weight: 400;\"><br \/>\n<\/span><span style=\"font-weight: 400;\">El franc\u00e9s se convirti\u00f3 este verano en el fichaje m\u00e1s caro de la historia del Bar\u00e7a, que pag\u00f3 por \u00e9l al <\/span><b>Borussia Dortmund<\/b><span style=\"font-weight: 400;\"> 105 millones fijos m\u00e1s otros 40 en variables.<\/span><\/p>\n","protected":false},"excerpt":{"rendered":"<p>El delantero del Barcelona, Ousmane Demb\u00e9l\u00e9, recibi\u00f3 el alta m\u00e9dica tras el entrenamiento de hoy y podr\u00eda entrar en la lista de convocados para el partido de ida de la Copa del Rey ante el Celta de Vigo el jueves. Demb\u00e9l\u00e9 se lesion\u00f3 el 16 de diciembre en el partido de Liga ante el Getafe, [&hellip;]<\/p>\n","protected":false},"author":5,"featured_media":11688,"comment_status":"open","ping_status":"closed","sticky":false,"template":"","format":"standard","meta":{"_acf_changed":false,"footnotes":""},"categories":[152],"tags":[540,83,139],"class_list":{"0":"post-11687","1":"post","2":"type-post","3":"status-publish","4":"format-standard","5":"has-post-thumbnail","7":"category-mundo-futbol","8":"tag-dembele","9":"tag-fc-barcelona","10":"tag-ousmane-dembele"},"acf":[],"_links":{"self":[{"href":"https:\/\/futbolhoy.co\/index.php\/wp-json\/wp\/v2\/posts\/11687","targetHints":{"allow":["GET"]}}],"collection":[{"href":"https:\/\/futbolhoy.co\/index.php\/wp-json\/wp\/v2\/posts"}],"about":[{"href":"https:\/\/futbolhoy.co\/index.php\/wp-json\/wp\/v2\/types\/post"}],"author":[{"embeddable":true,"href":"https:\/\/futbolhoy.co\/index.php\/wp-json\/wp\/v2\/users\/5"}],"replies":[{"embeddable":true,"href":"https:\/\/futbolhoy.co\/index.php\/wp-json\/wp\/v2\/comments?post=11687"}],"version-history":[{"count":1,"href":"https:\/\/futbolhoy.co\/index.php\/wp-json\/wp\/v2\/posts\/11687\/revisions"}],"predecessor-version":[{"id":11690,"href":"https:\/\/futbolhoy.co\/index.php\/wp-json\/wp\/v2\/posts\/11687\/revisions\/11690"}],"wp:featuredmedia":[{"embeddable":true,"href":"https:\/\/futbolhoy.co\/index.php\/wp-json\/wp\/v2\/media\/11688"}],"wp:attachment":[{"href":"https:\/\/futbolhoy.co\/index.php\/wp-json\/wp\/v2\/media?parent=11687"}],"wp:term":[{"taxonomy":"category","embeddable":true,"href":"https:\/\/futbolhoy.co\/index.php\/wp-json\/wp\/v2\/categories?post=11687"},{"taxonomy":"post_tag","embeddable":true,"href":"https:\/\/futbolhoy.co\/index.php\/wp-json\/wp\/v2\/tags?post=11687"}],"curies":[{"name":"wp","href":"https:\/\/api.w.org\/{rel}","templated":true}]}}