{"id":116924,"date":"2025-02-28T14:43:41","date_gmt":"2025-02-28T19:43:41","guid":{"rendered":"https:\/\/futbolhoy.co\/?p=116924"},"modified":"2025-03-01T22:04:00","modified_gmt":"2025-03-02T03:04:00","slug":"messi-se-confeso-nunca-imagine-la-carrera-que-iba-a-tener-solo-queria-ser-profesional","status":"publish","type":"post","link":"https:\/\/futbolhoy.co\/index.php\/2025\/02\/28\/messi-se-confeso-nunca-imagine-la-carrera-que-iba-a-tener-solo-queria-ser-profesional\/","title":{"rendered":"Messi se confes\u00f3: \u201cNunca imagin\u00e9 la carrera que iba a tener, solo quer\u00eda ser profesional\u201d"},"content":{"rendered":"<p style=\"text-align: justify;\"><span style=\"font-weight: 400; font-family: helvetica, arial, sans-serif;\"><strong>Lionel Messi, la m\u00e1xima figura de la MLS, estuvo en entrevista con Apple TV<\/strong> y confes\u00f3 que nunca se imagin\u00f3 ser uno de los mejores del mundo, pues en realidad lo \u00fanico que quer\u00eda lograr era ser futbolista profesional.<\/span><\/p>\n<p style=\"text-align: justify;\"><span style=\"font-weight: 400; font-family: helvetica, arial, sans-serif;\">\u00abFue una etapa espectacular, que nunca imagin\u00e9 que iba a tener la carrera que tuve. Nunca lo pens\u00e9 ni <strong>lo imagin\u00e9, mi \u00fanico objetivo era ser profesional,<\/strong> jugar al f\u00fatbol. De muy chiquito me gust\u00f3 jugar, me encanta competir, y la verdad que soy un agradecido por todo lo que me regal\u00f3, lo que consegu\u00ed. Tuve <strong>la gran suerte de conseguir todo en el f\u00fatbol,<\/strong> tanto a nivel grupal de equipo, de selecci\u00f3n, individual ni yo hubiese pedido tanto de todo esto\u00bb, asegur\u00f3 Messi.<\/span><\/p>\n<p style=\"text-align: justify;\"><span style=\"font-weight: 400; font-family: helvetica, arial, sans-serif;\">\u00abLa verdad que la vida me regal\u00f3 todo y simplemente soy un agradecido de la carrera que tuve y de la <strong>vida que me toc\u00f3\u00bb, a\u00f1adi\u00f3.<\/strong><\/span><\/p>\n<p style=\"text-align: justify;\"><span style=\"font-weight: 400; font-family: helvetica, arial, sans-serif;\">As\u00ed mismo,<strong> confes\u00f3 que siempre quiso jugar en la liga de Estados Unidos,<\/strong> al mismo tiempo que dijo una vez m\u00e1s no haber disfrutado su paso por el Par\u00eds Saint Germain.<\/span><\/p>\n<p style=\"text-align: justify;\"><span style=\"font-weight: 400; font-family: helvetica, arial, sans-serif;\">\u00abSiempre tuve en mi cabeza jugar en la MLS. <strong>M\u00e1s de una vez lo dije,<\/strong> era algo que me llamaba la atenci\u00f3n. Venir al Inter Miami fue una oportunidad, por c\u00f3mo se dio todo, los \u00faltimos a\u00f1os en Par\u00eds. Fue una decisi\u00f3n que tuve que tomar s<strong>obre la marcha porque me tuve que ir del Barcelona,<\/strong> fueron dos a\u00f1os que nos los disfrut\u00e9 (en Par\u00eds), no estuve feliz en el d\u00eda a d\u00eda\u00bb, dijo.<\/span><\/p>\n<p style=\"text-align: justify;\"><span style=\"font-weight: 400; font-family: helvetica, arial, sans-serif;\">\u00abMe cost\u00f3 much\u00edsimo adaptarme a todo eso. <strong>Me llam\u00f3 la atenci\u00f3n venir al Inter porque era un club<\/strong> en crecimiento, todo muy nuevo, me gust\u00f3 la idea de venir y ayudar a que el club sea m\u00e1s grande. Y sab\u00eda que era una ciudad donde mi familia pod\u00eda estar bien. No me arrepiento, todo lo contrario\u00bb, prosigui\u00f3.<\/span><\/p>\n<p style=\"text-align: justify;\"><span style=\"font-weight: 400; font-family: helvetica, arial, sans-serif;\">Finalmente, Messi afirm\u00f3 que en este momento no se plantea c\u00f3mo ser\u00e1 su futuro y que est\u00e1 enfocado <strong>en el d\u00eda a d\u00eda y su presente en el Inter Miami.<\/strong><\/span><\/p>\n<p style=\"text-align: justify;\"><span style=\"font-weight: 400; font-family: helvetica, arial, sans-serif;\">\u00abMe siento muy bien, disfrutando de d\u00f3nde estoy, de lo que hago, del d\u00eda a d\u00eda, entrenamiento, partidos, <strong>de mis amigos, de mi familia, disfruto cuando voy a Argentina<\/strong>. Disfruto mucho m\u00e1s que cuando era joven, disfruto de detalles que por ah\u00ed no les daba importancia antes. Nunca fui de pensar en el futuro, siempre viv\u00eda en el d\u00eda a d\u00eda. No me adelanto a nada\u00bb, asegur\u00f3. <\/span><\/p>\n","protected":false},"excerpt":{"rendered":"<p>Lionel Messi, la m\u00e1xima figura de la MLS, estuvo en entrevista con Apple TV y confes\u00f3 que nunca se imagin\u00f3 ser uno de los mejores del mundo, pues en realidad lo \u00fanico que quer\u00eda lograr era ser futbolista profesional. \u00abFue una etapa espectacular, que nunca imagin\u00e9 que iba a tener la carrera que tuve. Nunca [&hellip;]<\/p>\n","protected":false},"author":4,"featured_media":116926,"comment_status":"open","ping_status":"closed","sticky":false,"template":"","format":"standard","meta":{"_acf_changed":false,"footnotes":""},"categories":[152],"tags":[],"class_list":{"0":"post-116924","1":"post","2":"type-post","3":"status-publish","4":"format-standard","5":"has-post-thumbnail","7":"category-mundo-futbol"},"acf":[],"_links":{"self":[{"href":"https:\/\/futbolhoy.co\/index.php\/wp-json\/wp\/v2\/posts\/116924","targetHints":{"allow":["GET"]}}],"collection":[{"href":"https:\/\/futbolhoy.co\/index.php\/wp-json\/wp\/v2\/posts"}],"about":[{"href":"https:\/\/futbolhoy.co\/index.php\/wp-json\/wp\/v2\/types\/post"}],"author":[{"embeddable":true,"href":"https:\/\/futbolhoy.co\/index.php\/wp-json\/wp\/v2\/users\/4"}],"replies":[{"embeddable":true,"href":"https:\/\/futbolhoy.co\/index.php\/wp-json\/wp\/v2\/comments?post=116924"}],"version-history":[{"count":1,"href":"https:\/\/futbolhoy.co\/index.php\/wp-json\/wp\/v2\/posts\/116924\/revisions"}],"predecessor-version":[{"id":116927,"href":"https:\/\/futbolhoy.co\/index.php\/wp-json\/wp\/v2\/posts\/116924\/revisions\/116927"}],"wp:featuredmedia":[{"embeddable":true,"href":"https:\/\/futbolhoy.co\/index.php\/wp-json\/wp\/v2\/media\/116926"}],"wp:attachment":[{"href":"https:\/\/futbolhoy.co\/index.php\/wp-json\/wp\/v2\/media?parent=116924"}],"wp:term":[{"taxonomy":"category","embeddable":true,"href":"https:\/\/futbolhoy.co\/index.php\/wp-json\/wp\/v2\/categories?post=116924"},{"taxonomy":"post_tag","embeddable":true,"href":"https:\/\/futbolhoy.co\/index.php\/wp-json\/wp\/v2\/tags?post=116924"}],"curies":[{"name":"wp","href":"https:\/\/api.w.org\/{rel}","templated":true}]}}