{"id":116952,"date":"2025-03-01T09:55:55","date_gmt":"2025-03-01T14:55:55","guid":{"rendered":"https:\/\/futbolhoy.co\/?p=116952"},"modified":"2025-03-02T09:22:55","modified_gmt":"2025-03-02T14:22:55","slug":"rodri-volvio-a-los-entrenamientos-con-manchester-city","status":"publish","type":"post","link":"https:\/\/futbolhoy.co\/index.php\/2025\/03\/01\/rodri-volvio-a-los-entrenamientos-con-manchester-city\/","title":{"rendered":"Rodri volvi\u00f3 a los entrenamientos con Manchester City"},"content":{"rendered":"<p style=\"text-align: justify;\"><span style=\"font-family: helvetica, arial, sans-serif;\">El <strong>espa\u00f1ol Rodrigo Hern\u00e1ndez<\/strong> volvi\u00f3 a los entrenamientos con Manchester City luego de su grave lesi\u00f3n del ligamento cruzado anterior y el menisco en septiembre pasado.\u00a0\u00a0<\/span><\/p>\n<p style=\"text-align: justify;\"><span style=\"font-family: helvetica, arial, sans-serif;\">El <strong>ganador del Bal\u00f3n de Oro<\/strong> devolvi\u00f3 la ilusi\u00f3n a los hinchas Del City para regresar esta misma temporada a las canchas, pese a que inicialmente fue descartado por lo que resta de campa\u00f1a.\u00a0<\/span><\/p>\n<p style=\"text-align: justify;\"><span style=\"font-family: helvetica, arial, sans-serif;\">La buena noticia la public\u00f3 el Manchester City a trav\u00e9s de un video en sus redes sociales, con Rodri practicando de manera individual: \u201c<strong>De camino a la recuperaci\u00f3n<\/strong>\u201d.<\/span><\/p>\n<p style=\"text-align: justify;\"><span style=\"font-family: helvetica, arial, sans-serif;\">Rodri regresar\u00eda en una de las peores temporadas del Manchester City en los \u00faltimos a\u00f1os, luego de ser eliminado por Real Madrid en la <strong>Champions League<\/strong> y sin opciones de ser campe\u00f3n de la actual <strong>Premier League<\/strong>.\u00a0<\/span><\/p>\n<p style=\"text-align: justify;\"><span style=\"font-family: helvetica, arial, sans-serif;\">Justamente, a comienzos de febrero <b>Rodri fue incluido en la lista de jugadores<\/b> para disputar la fase final de la Champions League, lo que dejaba una luz de esperanza de regresar en esta temporada.\u00a0<\/span><\/p>\n<blockquote class=\"twitter-tweet\">\n<p dir=\"ltr\" lang=\"en\">On the road to recovery \ud83d\udcaa <a href=\"https:\/\/t.co\/WovR8p6417\">pic.twitter.com\/WovR8p6417<\/a><\/p>\n<p>\u2014 Manchester City (@ManCity) <a href=\"https:\/\/twitter.com\/ManCity\/status\/1895564767915602229?ref_src=twsrc%5Etfw\">February 28, 2025<\/a><\/p><\/blockquote>\n<p><script async src=\"https:\/\/platform.twitter.com\/widgets.js\" charset=\"utf-8\"><\/script><\/p>\n","protected":false},"excerpt":{"rendered":"<p>El espa\u00f1ol Rodrigo Hern\u00e1ndez volvi\u00f3 a los entrenamientos con Manchester City luego de su grave lesi\u00f3n del ligamento cruzado anterior y el menisco en septiembre pasado.\u00a0\u00a0 El ganador del Bal\u00f3n de Oro devolvi\u00f3 la ilusi\u00f3n a los hinchas Del City para regresar esta misma temporada a las canchas, pese a que inicialmente fue descartado por [&hellip;]<\/p>\n","protected":false},"author":4,"featured_media":116953,"comment_status":"open","ping_status":"closed","sticky":false,"template":"","format":"standard","meta":{"_acf_changed":false,"footnotes":""},"categories":[152],"tags":[],"class_list":{"0":"post-116952","1":"post","2":"type-post","3":"status-publish","4":"format-standard","5":"has-post-thumbnail","7":"category-mundo-futbol"},"acf":[],"_links":{"self":[{"href":"https:\/\/futbolhoy.co\/index.php\/wp-json\/wp\/v2\/posts\/116952","targetHints":{"allow":["GET"]}}],"collection":[{"href":"https:\/\/futbolhoy.co\/index.php\/wp-json\/wp\/v2\/posts"}],"about":[{"href":"https:\/\/futbolhoy.co\/index.php\/wp-json\/wp\/v2\/types\/post"}],"author":[{"embeddable":true,"href":"https:\/\/futbolhoy.co\/index.php\/wp-json\/wp\/v2\/users\/4"}],"replies":[{"embeddable":true,"href":"https:\/\/futbolhoy.co\/index.php\/wp-json\/wp\/v2\/comments?post=116952"}],"version-history":[{"count":1,"href":"https:\/\/futbolhoy.co\/index.php\/wp-json\/wp\/v2\/posts\/116952\/revisions"}],"predecessor-version":[{"id":116954,"href":"https:\/\/futbolhoy.co\/index.php\/wp-json\/wp\/v2\/posts\/116952\/revisions\/116954"}],"wp:featuredmedia":[{"embeddable":true,"href":"https:\/\/futbolhoy.co\/index.php\/wp-json\/wp\/v2\/media\/116953"}],"wp:attachment":[{"href":"https:\/\/futbolhoy.co\/index.php\/wp-json\/wp\/v2\/media?parent=116952"}],"wp:term":[{"taxonomy":"category","embeddable":true,"href":"https:\/\/futbolhoy.co\/index.php\/wp-json\/wp\/v2\/categories?post=116952"},{"taxonomy":"post_tag","embeddable":true,"href":"https:\/\/futbolhoy.co\/index.php\/wp-json\/wp\/v2\/tags?post=116952"}],"curies":[{"name":"wp","href":"https:\/\/api.w.org\/{rel}","templated":true}]}}