{"id":116990,"date":"2025-03-02T09:20:04","date_gmt":"2025-03-02T14:20:04","guid":{"rendered":"https:\/\/futbolhoy.co\/?p=116990"},"modified":"2025-03-03T09:53:19","modified_gmt":"2025-03-03T14:53:19","slug":"james-rodriguez-busca-rescindir-contrato-con-leon","status":"publish","type":"post","link":"https:\/\/futbolhoy.co\/index.php\/2025\/03\/02\/james-rodriguez-busca-rescindir-contrato-con-leon\/","title":{"rendered":"\u00bfJames Rodr\u00edguez busca rescindir contrato con Le\u00f3n?"},"content":{"rendered":"<p style=\"text-align: justify;\"><span style=\"font-family: helvetica, arial, sans-serif;\">El pasado jueves 27 de febrero, el volante uruguayo<strong> Nicol\u00e1s Fonseca fue retenido por inescrupulosos durante<\/strong> casi dos horas y fue despojado de sus pertenencias. A ra\u00edz de esto, surgi\u00f3 una informaci\u00f3n que vincul\u00f3 una supuesta salida de James Rodr\u00edguez del club por temor de su seguridad.<\/span><\/p>\n<p style=\"text-align: justify;\"><span style=\"font-family: helvetica, arial, sans-serif;\">No obstante, en rueda de prensa posterior al triunfo de <strong>La Fiera sobre Xolos de Tijuana 2-1<\/strong> por la fecha 10 de la Liga de M\u00e9xico, el t\u00e9cnico Eduardo Berizzo desminti\u00f3 estas versiones y, por el contrario, asegur\u00f3 que el \u201810\u2019 est\u00e1 c\u00f3modo en la instituci\u00f3n.<\/span><\/p>\n<p style=\"text-align: justify;\"><span style=\"font-family: helvetica, arial, sans-serif;\">\u201c<strong>No, no, en lo absoluto. Fue el primero que se puso en contacto<\/strong> con Nico para brindarle su apoyo. En ning\u00fan momento solicit\u00f3 nada, esas son versiones falsas\u201d, comenz\u00f3 diciendo el argentino.<\/span><\/p>\n<p style=\"text-align: justify;\"><span style=\"font-family: helvetica, arial, sans-serif;\">\u201dEs un hombre inteligente, un hombre maduro, que encontr\u00f3 una comodidad futbol\u00edstica, creo que, a partir de sentirse c\u00f3modo de manera personal, y eso tiene que ver con un gran m\u00e9rito de sus compa\u00f1eros. Sus compa\u00f1eros lo adoptaron como uno m\u00e1s, se siente c\u00f3modo, se r\u00ede, tenemos un d\u00eda a d\u00eda muy bueno, <strong>nos re\u00edmos de \u00e9l, \u00e9l se r\u00ede de todo<\/strong> el mundo. Se siente uno m\u00e1s, se siente parte y dentro del equipo tambi\u00e9n\u201d, agreg\u00f3.<\/span><\/p>\n<blockquote class=\"twitter-tweet\" data-media-max-width=\"560\">\n<p dir=\"ltr\" lang=\"es\">\u00bb <a href=\"https:\/\/twitter.com\/jamesdrodriguez?ref_src=twsrc%5Etfw\">@jamesdrodriguez<\/a> fue el 1ero. que se puso en contacto con Nico Fonseca\u00bb<br \/>\n\u00abSe siente uno m\u00e1s, se siente parte de un <a href=\"https:\/\/twitter.com\/clubleonfc?ref_src=twsrc%5Etfw\">@clubleonfc<\/a> que lo hace sentir querido, importante\u00bb<br \/>\nBerizzo sobre la actualidad de James<a href=\"https:\/\/twitter.com\/FOXSportsMX?ref_src=twsrc%5Etfw\">@FOXSportsMX<\/a> <a href=\"https:\/\/t.co\/uxdH5Nrp3I\">pic.twitter.com\/uxdH5Nrp3I<\/a><\/p>\n<p>\u2014 Paco Montes (@PacoMontesLA) <a href=\"https:\/\/twitter.com\/PacoMontesLA\/status\/1896049728842055925?ref_src=twsrc%5Etfw\">March 2, 2025<\/a><\/p><\/blockquote>\n<p><script async src=\"https:\/\/platform.twitter.com\/widgets.js\" charset=\"utf-8\"><\/script><\/p>\n<p style=\"text-align: justify;\"><span style=\"font-family: helvetica, arial, sans-serif;\">James ha disputado 9 partidos y ha contribuido con dos goles y cuatro asistencias para un equipo de Guanajuato que marcha l\u00edder<b> invicto del Torneo Clausura con 26 unidades<\/b>.<\/span><\/p>\n","protected":false},"excerpt":{"rendered":"<p>El pasado jueves 27 de febrero, el volante uruguayo Nicol\u00e1s Fonseca fue retenido por inescrupulosos durante casi dos horas y fue despojado de sus pertenencias. A ra\u00edz de esto, surgi\u00f3 una informaci\u00f3n que vincul\u00f3 una supuesta salida de James Rodr\u00edguez del club por temor de su seguridad. No obstante, en rueda de prensa posterior al [&hellip;]<\/p>\n","protected":false},"author":4,"featured_media":116991,"comment_status":"open","ping_status":"closed","sticky":false,"template":"","format":"standard","meta":{"_acf_changed":false,"footnotes":""},"categories":[418],"tags":[],"class_list":{"0":"post-116990","1":"post","2":"type-post","3":"status-publish","4":"format-standard","5":"has-post-thumbnail","7":"category-colombia"},"acf":[],"_links":{"self":[{"href":"https:\/\/futbolhoy.co\/index.php\/wp-json\/wp\/v2\/posts\/116990","targetHints":{"allow":["GET"]}}],"collection":[{"href":"https:\/\/futbolhoy.co\/index.php\/wp-json\/wp\/v2\/posts"}],"about":[{"href":"https:\/\/futbolhoy.co\/index.php\/wp-json\/wp\/v2\/types\/post"}],"author":[{"embeddable":true,"href":"https:\/\/futbolhoy.co\/index.php\/wp-json\/wp\/v2\/users\/4"}],"replies":[{"embeddable":true,"href":"https:\/\/futbolhoy.co\/index.php\/wp-json\/wp\/v2\/comments?post=116990"}],"version-history":[{"count":2,"href":"https:\/\/futbolhoy.co\/index.php\/wp-json\/wp\/v2\/posts\/116990\/revisions"}],"predecessor-version":[{"id":116993,"href":"https:\/\/futbolhoy.co\/index.php\/wp-json\/wp\/v2\/posts\/116990\/revisions\/116993"}],"wp:featuredmedia":[{"embeddable":true,"href":"https:\/\/futbolhoy.co\/index.php\/wp-json\/wp\/v2\/media\/116991"}],"wp:attachment":[{"href":"https:\/\/futbolhoy.co\/index.php\/wp-json\/wp\/v2\/media?parent=116990"}],"wp:term":[{"taxonomy":"category","embeddable":true,"href":"https:\/\/futbolhoy.co\/index.php\/wp-json\/wp\/v2\/categories?post=116990"},{"taxonomy":"post_tag","embeddable":true,"href":"https:\/\/futbolhoy.co\/index.php\/wp-json\/wp\/v2\/tags?post=116990"}],"curies":[{"name":"wp","href":"https:\/\/api.w.org\/{rel}","templated":true}]}}