{"id":117034,"date":"2025-03-04T17:30:35","date_gmt":"2025-03-04T22:30:35","guid":{"rendered":"https:\/\/futbolhoy.co\/?p=117034"},"modified":"2025-03-05T21:42:57","modified_gmt":"2025-03-06T02:42:57","slug":"arsenal-goleo-y-real-madrid-dio-el-primer-golpe-en-octavos-de-champions","status":"publish","type":"post","link":"https:\/\/futbolhoy.co\/index.php\/2025\/03\/04\/arsenal-goleo-y-real-madrid-dio-el-primer-golpe-en-octavos-de-champions\/","title":{"rendered":"Arsenal gole\u00f3 y Real Madrid dio el primer golpe en octavos de Champions"},"content":{"rendered":"<p style=\"text-align: justify;\"><span style=\"font-family: helvetica, arial, sans-serif;\"><b>Comenz\u00f3 la fase de octavos de final de la Champions League<\/b><span style=\"font-weight: 400;\"> y el campe\u00f3n vigente, Real Madrid, se qued\u00f3 con el triunfo en la ida frente al Atl\u00e9tico de Madrid, mientras que el Arsenal gole\u00f3 hist\u00f3ricamente 7-1 en su visita al PSV.<\/span><\/span><\/p>\n<p style=\"text-align: justify;\"><span style=\"font-family: helvetica, arial, sans-serif;\"><b>Real Madrid dio el primer golpe<\/b><\/span><\/p>\n<p style=\"text-align: justify;\"><span style=\"font-family: helvetica, arial, sans-serif;\"><span style=\"font-weight: 400;\">El equipo de Carlo Ancelotti se hizo sentir en el estadio Santiago Bernab\u00e9u al recibir al Atl\u00e9tico en una edici\u00f3n del derbi, esta vez por un cupo a los <\/span><b>cuartos de final de la Champions League.<\/b><\/span><\/p>\n<p style=\"text-align: justify;\"><span style=\"font-family: helvetica, arial, sans-serif;\"><span style=\"font-weight: 400;\">El marcador se abri\u00f3 muy <\/span><b>temprano gracias a un gol de Rodrygo al minuto 4<\/b><span style=\"font-weight: 400;\">, lo que cambi\u00f3 desde el inicio el planteamiento del Atleti del Cholo Simeone. Los colchoneros respondieron al 32\u2019 con un golazo digno de premio Pusk\u00e1s de Juli\u00e1n \u00c1lvarez.<\/span><\/span><\/p>\n<p style=\"text-align: justify;\"><span style=\"font-family: helvetica, arial, sans-serif;\"><span style=\"font-weight: 400;\">Para la segunda mitad <\/span><b>Real Madrid sali\u00f3 decidido buscando el gol <\/b><span style=\"font-weight: 400;\">y lo encontr\u00f3 al minuto 55 por medio de Brahim D\u00edaz. Con el triunfo, el cuadro merengue buscar\u00e1 sellar su clasificaci\u00f3n el pr\u00f3ximo mi\u00e9rcoles 12 de marzo en la casa del Atl\u00e9tico.<\/span><\/span><\/p>\n<p style=\"text-align: justify;\"><span style=\"font-family: helvetica, arial, sans-serif;\"><b>Arsenal humill\u00f3 al PSV<\/b><\/span><\/p>\n<p style=\"text-align: justify;\"><span style=\"font-family: helvetica, arial, sans-serif;\"><span style=\"font-weight: 400;\">El Arsenal de Mikel Arteta dej\u00f3 pr\u00e1cticamente lista su clasificaci\u00f3n tras vencer 7-1 al PSV en el Philips Stadion de Pa\u00edses Bajos. Los goles de Timber 18\u2019,\u00a0 Nwaneri 21\u2019, <\/span><b>Merino 31\u2019, Odegaard 47\u00b4y 73\u2019, Trossard 48\u2019 y Calafiori 85\u2019 <\/b><span style=\"font-weight: 400;\">engalanaron la hist\u00f3rica goleada que dej\u00f3 a los gunners con el pasaje a cuartos listo, a menos que ocurra un milagro en Emirates Stadium. El \u00fanico gol de los neerlandeses lo marc\u00f3 Noa Lang al 43\u2019 de penal.<\/span><\/span><\/p>\n<p style=\"text-align: justify;\"><span style=\"font-family: helvetica, arial, sans-serif;\"><b>Aston Villa cerrar\u00e1 con ventaja<\/b><\/span><\/p>\n<p style=\"text-align: justify;\"><span style=\"font-family: helvetica, arial, sans-serif;\"><span style=\"font-weight: 400;\">El Aston Villa supo pegar primero en octavos de final y en casa de Brujas venci\u00f3 1-3 para sellar la clasificaci\u00f3n en Villa Park y con su gente. Leon Bailey 3\u2019, Brandon Mechele 82\u2019 en propia puerta y Marco Asensio al 88\u2019 de penal marcaron para los ingleses,<\/span><b> mientras que los locales descontaron por medio de Maxim De Cuyper al 12\u2019.<\/b><\/span><\/p>\n","protected":false},"excerpt":{"rendered":"<p>Comenz\u00f3 la fase de octavos de final de la Champions League y el campe\u00f3n vigente, Real Madrid, se qued\u00f3 con el triunfo en la ida frente al Atl\u00e9tico de Madrid, mientras que el Arsenal gole\u00f3 hist\u00f3ricamente 7-1 en su visita al PSV. Real Madrid dio el primer golpe El equipo de Carlo Ancelotti se hizo [&hellip;]<\/p>\n","protected":false},"author":4,"featured_media":117035,"comment_status":"open","ping_status":"open","sticky":false,"template":"","format":"standard","meta":{"_acf_changed":false,"footnotes":""},"categories":[152],"tags":[],"class_list":{"0":"post-117034","1":"post","2":"type-post","3":"status-publish","4":"format-standard","5":"has-post-thumbnail","7":"category-mundo-futbol"},"acf":[],"yoast_head":"<!-- This site is optimized with the Yoast SEO plugin v26.8 - https:\/\/yoast.com\/product\/yoast-seo-wordpress\/ -->\n<title>Arsenal gole\u00f3 y Real Madrid dio el primer golpe en octavos de Champions -<\/title>\n<meta name=\"robots\" content=\"index, follow, max-snippet:-1, max-image-preview:large, max-video-preview:-1\" \/>\n<link rel=\"canonical\" href=\"https:\/\/futbolhoy.co\/index.php\/2025\/03\/04\/arsenal-goleo-y-real-madrid-dio-el-primer-golpe-en-octavos-de-champions\/\" \/>\n<meta property=\"og:locale\" content=\"es_ES\" \/>\n<meta property=\"og:type\" content=\"article\" \/>\n<meta property=\"og:title\" content=\"Arsenal gole\u00f3 y Real Madrid dio el primer golpe en octavos de Champions -\" \/>\n<meta property=\"og:description\" content=\"Comenz\u00f3 la fase de octavos de final de la Champions League y el campe\u00f3n vigente, Real Madrid, se qued\u00f3 con el triunfo en la ida frente al Atl\u00e9tico de Madrid, mientras que el Arsenal gole\u00f3 hist\u00f3ricamente 7-1 en su visita al PSV. Real Madrid dio el primer golpe El equipo de Carlo Ancelotti se hizo [&hellip;]\" \/>\n<meta property=\"og:url\" content=\"https:\/\/futbolhoy.co\/index.php\/2025\/03\/04\/arsenal-goleo-y-real-madrid-dio-el-primer-golpe-en-octavos-de-champions\/\" \/>\n<meta property=\"article:publisher\" content=\"https:\/\/www.facebook.com\/FutbolHoyCol\/\" \/>\n<meta property=\"article:published_time\" content=\"2025-03-04T22:30:35+00:00\" \/>\n<meta property=\"article:modified_time\" content=\"2025-03-06T02:42:57+00:00\" \/>\n<meta property=\"og:image\" content=\"https:\/\/futbolhoy.co\/wp-content\/uploads\/2025\/03\/GlOqERzWYAA2Rrp-scaled.jpeg\" \/>\n\t<meta property=\"og:image:width\" content=\"2560\" \/>\n\t<meta property=\"og:image:height\" content=\"1707\" \/>\n\t<meta property=\"og:image:type\" content=\"image\/jpeg\" \/>\n<meta name=\"author\" content=\"contenido\" \/>\n<meta name=\"twitter:card\" content=\"summary_large_image\" \/>\n<meta name=\"twitter:creator\" content=\"@FutbolHoyCol\" \/>\n<meta name=\"twitter:site\" content=\"@FutbolHoyCol\" \/>\n<meta name=\"twitter:label1\" content=\"Escrito por\" \/>\n\t<meta name=\"twitter:data1\" content=\"contenido\" \/>\n\t<meta name=\"twitter:label2\" content=\"Tiempo de lectura\" \/>\n\t<meta name=\"twitter:data2\" content=\"2 minutos\" \/>\n<script type=\"application\/ld+json\" class=\"yoast-schema-graph\">{\"@context\":\"https:\/\/schema.org\",\"@graph\":[{\"@type\":\"Article\",\"@id\":\"https:\/\/futbolhoy.co\/index.php\/2025\/03\/04\/arsenal-goleo-y-real-madrid-dio-el-primer-golpe-en-octavos-de-champions\/#article\",\"isPartOf\":{\"@id\":\"https:\/\/futbolhoy.co\/index.php\/2025\/03\/04\/arsenal-goleo-y-real-madrid-dio-el-primer-golpe-en-octavos-de-champions\/\"},\"author\":{\"name\":\"contenido\",\"@id\":\"https:\/\/futbolhoy.co\/#\/schema\/person\/1721b69355b6623eaff15ac7b92d4cc3\"},\"headline\":\"Arsenal gole\u00f3 y Real Madrid dio el primer golpe en octavos de Champions\",\"datePublished\":\"2025-03-04T22:30:35+00:00\",\"dateModified\":\"2025-03-06T02:42:57+00:00\",\"mainEntityOfPage\":{\"@id\":\"https:\/\/futbolhoy.co\/index.php\/2025\/03\/04\/arsenal-goleo-y-real-madrid-dio-el-primer-golpe-en-octavos-de-champions\/\"},\"wordCount\":333,\"commentCount\":0,\"publisher\":{\"@id\":\"https:\/\/futbolhoy.co\/#organization\"},\"image\":{\"@id\":\"https:\/\/futbolhoy.co\/index.php\/2025\/03\/04\/arsenal-goleo-y-real-madrid-dio-el-primer-golpe-en-octavos-de-champions\/#primaryimage\"},\"thumbnailUrl\":\"https:\/\/futbolhoy.co\/wp-content\/uploads\/2025\/03\/GlOqERzWYAA2Rrp-scaled.jpeg\",\"articleSection\":[\"Mundo Futbol\"],\"inLanguage\":\"es\",\"potentialAction\":[{\"@type\":\"CommentAction\",\"name\":\"Comment\",\"target\":[\"https:\/\/futbolhoy.co\/index.php\/2025\/03\/04\/arsenal-goleo-y-real-madrid-dio-el-primer-golpe-en-octavos-de-champions\/#respond\"]}]},{\"@type\":\"WebPage\",\"@id\":\"https:\/\/futbolhoy.co\/index.php\/2025\/03\/04\/arsenal-goleo-y-real-madrid-dio-el-primer-golpe-en-octavos-de-champions\/\",\"url\":\"https:\/\/futbolhoy.co\/index.php\/2025\/03\/04\/arsenal-goleo-y-real-madrid-dio-el-primer-golpe-en-octavos-de-champions\/\",\"name\":\"Arsenal gole\u00f3 y Real Madrid dio el primer golpe en octavos de Champions -\",\"isPartOf\":{\"@id\":\"https:\/\/futbolhoy.co\/#website\"},\"primaryImageOfPage\":{\"@id\":\"https:\/\/futbolhoy.co\/index.php\/2025\/03\/04\/arsenal-goleo-y-real-madrid-dio-el-primer-golpe-en-octavos-de-champions\/#primaryimage\"},\"image\":{\"@id\":\"https:\/\/futbolhoy.co\/index.php\/2025\/03\/04\/arsenal-goleo-y-real-madrid-dio-el-primer-golpe-en-octavos-de-champions\/#primaryimage\"},\"thumbnailUrl\":\"https:\/\/futbolhoy.co\/wp-content\/uploads\/2025\/03\/GlOqERzWYAA2Rrp-scaled.jpeg\",\"datePublished\":\"2025-03-04T22:30:35+00:00\",\"dateModified\":\"2025-03-06T02:42:57+00:00\",\"breadcrumb\":{\"@id\":\"https:\/\/futbolhoy.co\/index.php\/2025\/03\/04\/arsenal-goleo-y-real-madrid-dio-el-primer-golpe-en-octavos-de-champions\/#breadcrumb\"},\"inLanguage\":\"es\",\"potentialAction\":[{\"@type\":\"ReadAction\",\"target\":[\"https:\/\/futbolhoy.co\/index.php\/2025\/03\/04\/arsenal-goleo-y-real-madrid-dio-el-primer-golpe-en-octavos-de-champions\/\"]}]},{\"@type\":\"ImageObject\",\"inLanguage\":\"es\",\"@id\":\"https:\/\/futbolhoy.co\/index.php\/2025\/03\/04\/arsenal-goleo-y-real-madrid-dio-el-primer-golpe-en-octavos-de-champions\/#primaryimage\",\"url\":\"https:\/\/futbolhoy.co\/wp-content\/uploads\/2025\/03\/GlOqERzWYAA2Rrp-scaled.jpeg\",\"contentUrl\":\"https:\/\/futbolhoy.co\/wp-content\/uploads\/2025\/03\/GlOqERzWYAA2Rrp-scaled.jpeg\",\"width\":2560,\"height\":1707},{\"@type\":\"BreadcrumbList\",\"@id\":\"https:\/\/futbolhoy.co\/index.php\/2025\/03\/04\/arsenal-goleo-y-real-madrid-dio-el-primer-golpe-en-octavos-de-champions\/#breadcrumb\",\"itemListElement\":[{\"@type\":\"ListItem\",\"position\":1,\"name\":\"Portada\",\"item\":\"https:\/\/futbolhoy.co\/\"},{\"@type\":\"ListItem\",\"position\":2,\"name\":\"Arsenal gole\u00f3 y Real Madrid dio el primer golpe en octavos de Champions\"}]},{\"@type\":\"WebSite\",\"@id\":\"https:\/\/futbolhoy.co\/#website\",\"url\":\"https:\/\/futbolhoy.co\/\",\"name\":\"FutbolHoy\",\"description\":\"\",\"publisher\":{\"@id\":\"https:\/\/futbolhoy.co\/#organization\"},\"potentialAction\":[{\"@type\":\"SearchAction\",\"target\":{\"@type\":\"EntryPoint\",\"urlTemplate\":\"https:\/\/futbolhoy.co\/?s={search_term_string}\"},\"query-input\":{\"@type\":\"PropertyValueSpecification\",\"valueRequired\":true,\"valueName\":\"search_term_string\"}}],\"inLanguage\":\"es\"},{\"@type\":\"Organization\",\"@id\":\"https:\/\/futbolhoy.co\/#organization\",\"name\":\"Futbolhoy.co\",\"url\":\"https:\/\/futbolhoy.co\/\",\"logo\":{\"@type\":\"ImageObject\",\"inLanguage\":\"es\",\"@id\":\"https:\/\/futbolhoy.co\/#\/schema\/logo\/image\/\",\"url\":\"https:\/\/futbolhoy.co\/wp-content\/uploads\/2018\/08\/17426380_1906371736249227_6326180412931521141_n.jpg\",\"contentUrl\":\"https:\/\/futbolhoy.co\/wp-content\/uploads\/2018\/08\/17426380_1906371736249227_6326180412931521141_n.jpg\",\"width\":960,\"height\":960,\"caption\":\"Futbolhoy.co\"},\"image\":{\"@id\":\"https:\/\/futbolhoy.co\/#\/schema\/logo\/image\/\"},\"sameAs\":[\"https:\/\/www.facebook.com\/FutbolHoyCol\/\",\"https:\/\/x.com\/FutbolHoyCol\",\"https:\/\/www.instagram.com\/futbolhoycol\/\"]},{\"@type\":\"Person\",\"@id\":\"https:\/\/futbolhoy.co\/#\/schema\/person\/1721b69355b6623eaff15ac7b92d4cc3\",\"name\":\"contenido\",\"image\":{\"@type\":\"ImageObject\",\"inLanguage\":\"es\",\"@id\":\"https:\/\/futbolhoy.co\/#\/schema\/person\/image\/\",\"url\":\"https:\/\/secure.gravatar.com\/avatar\/4f656d3256f5134f466206e7c3941518?s=96&d=mm&r=g\",\"contentUrl\":\"https:\/\/secure.gravatar.com\/avatar\/4f656d3256f5134f466206e7c3941518?s=96&d=mm&r=g\",\"caption\":\"contenido\"}}]}<\/script>\n<!-- \/ Yoast SEO plugin. -->","yoast_head_json":{"title":"Arsenal gole\u00f3 y Real Madrid dio el primer golpe en octavos de Champions -","robots":{"index":"index","follow":"follow","max-snippet":"max-snippet:-1","max-image-preview":"max-image-preview:large","max-video-preview":"max-video-preview:-1"},"canonical":"https:\/\/futbolhoy.co\/index.php\/2025\/03\/04\/arsenal-goleo-y-real-madrid-dio-el-primer-golpe-en-octavos-de-champions\/","og_locale":"es_ES","og_type":"article","og_title":"Arsenal gole\u00f3 y Real Madrid dio el primer golpe en octavos de Champions -","og_description":"Comenz\u00f3 la fase de octavos de final de la Champions League y el campe\u00f3n vigente, Real Madrid, se qued\u00f3 con el triunfo en la ida frente al Atl\u00e9tico de Madrid, mientras que el Arsenal gole\u00f3 hist\u00f3ricamente 7-1 en su visita al PSV. Real Madrid dio el primer golpe El equipo de Carlo Ancelotti se hizo [&hellip;]","og_url":"https:\/\/futbolhoy.co\/index.php\/2025\/03\/04\/arsenal-goleo-y-real-madrid-dio-el-primer-golpe-en-octavos-de-champions\/","article_publisher":"https:\/\/www.facebook.com\/FutbolHoyCol\/","article_published_time":"2025-03-04T22:30:35+00:00","article_modified_time":"2025-03-06T02:42:57+00:00","og_image":[{"width":2560,"height":1707,"url":"https:\/\/futbolhoy.co\/wp-content\/uploads\/2025\/03\/GlOqERzWYAA2Rrp-scaled.jpeg","type":"image\/jpeg"}],"author":"contenido","twitter_card":"summary_large_image","twitter_creator":"@FutbolHoyCol","twitter_site":"@FutbolHoyCol","twitter_misc":{"Escrito por":"contenido","Tiempo de lectura":"2 minutos"},"schema":{"@context":"https:\/\/schema.org","@graph":[{"@type":"Article","@id":"https:\/\/futbolhoy.co\/index.php\/2025\/03\/04\/arsenal-goleo-y-real-madrid-dio-el-primer-golpe-en-octavos-de-champions\/#article","isPartOf":{"@id":"https:\/\/futbolhoy.co\/index.php\/2025\/03\/04\/arsenal-goleo-y-real-madrid-dio-el-primer-golpe-en-octavos-de-champions\/"},"author":{"name":"contenido","@id":"https:\/\/futbolhoy.co\/#\/schema\/person\/1721b69355b6623eaff15ac7b92d4cc3"},"headline":"Arsenal gole\u00f3 y Real Madrid dio el primer golpe en octavos de Champions","datePublished":"2025-03-04T22:30:35+00:00","dateModified":"2025-03-06T02:42:57+00:00","mainEntityOfPage":{"@id":"https:\/\/futbolhoy.co\/index.php\/2025\/03\/04\/arsenal-goleo-y-real-madrid-dio-el-primer-golpe-en-octavos-de-champions\/"},"wordCount":333,"commentCount":0,"publisher":{"@id":"https:\/\/futbolhoy.co\/#organization"},"image":{"@id":"https:\/\/futbolhoy.co\/index.php\/2025\/03\/04\/arsenal-goleo-y-real-madrid-dio-el-primer-golpe-en-octavos-de-champions\/#primaryimage"},"thumbnailUrl":"https:\/\/futbolhoy.co\/wp-content\/uploads\/2025\/03\/GlOqERzWYAA2Rrp-scaled.jpeg","articleSection":["Mundo Futbol"],"inLanguage":"es","potentialAction":[{"@type":"CommentAction","name":"Comment","target":["https:\/\/futbolhoy.co\/index.php\/2025\/03\/04\/arsenal-goleo-y-real-madrid-dio-el-primer-golpe-en-octavos-de-champions\/#respond"]}]},{"@type":"WebPage","@id":"https:\/\/futbolhoy.co\/index.php\/2025\/03\/04\/arsenal-goleo-y-real-madrid-dio-el-primer-golpe-en-octavos-de-champions\/","url":"https:\/\/futbolhoy.co\/index.php\/2025\/03\/04\/arsenal-goleo-y-real-madrid-dio-el-primer-golpe-en-octavos-de-champions\/","name":"Arsenal gole\u00f3 y Real Madrid dio el primer golpe en octavos de Champions -","isPartOf":{"@id":"https:\/\/futbolhoy.co\/#website"},"primaryImageOfPage":{"@id":"https:\/\/futbolhoy.co\/index.php\/2025\/03\/04\/arsenal-goleo-y-real-madrid-dio-el-primer-golpe-en-octavos-de-champions\/#primaryimage"},"image":{"@id":"https:\/\/futbolhoy.co\/index.php\/2025\/03\/04\/arsenal-goleo-y-real-madrid-dio-el-primer-golpe-en-octavos-de-champions\/#primaryimage"},"thumbnailUrl":"https:\/\/futbolhoy.co\/wp-content\/uploads\/2025\/03\/GlOqERzWYAA2Rrp-scaled.jpeg","datePublished":"2025-03-04T22:30:35+00:00","dateModified":"2025-03-06T02:42:57+00:00","breadcrumb":{"@id":"https:\/\/futbolhoy.co\/index.php\/2025\/03\/04\/arsenal-goleo-y-real-madrid-dio-el-primer-golpe-en-octavos-de-champions\/#breadcrumb"},"inLanguage":"es","potentialAction":[{"@type":"ReadAction","target":["https:\/\/futbolhoy.co\/index.php\/2025\/03\/04\/arsenal-goleo-y-real-madrid-dio-el-primer-golpe-en-octavos-de-champions\/"]}]},{"@type":"ImageObject","inLanguage":"es","@id":"https:\/\/futbolhoy.co\/index.php\/2025\/03\/04\/arsenal-goleo-y-real-madrid-dio-el-primer-golpe-en-octavos-de-champions\/#primaryimage","url":"https:\/\/futbolhoy.co\/wp-content\/uploads\/2025\/03\/GlOqERzWYAA2Rrp-scaled.jpeg","contentUrl":"https:\/\/futbolhoy.co\/wp-content\/uploads\/2025\/03\/GlOqERzWYAA2Rrp-scaled.jpeg","width":2560,"height":1707},{"@type":"BreadcrumbList","@id":"https:\/\/futbolhoy.co\/index.php\/2025\/03\/04\/arsenal-goleo-y-real-madrid-dio-el-primer-golpe-en-octavos-de-champions\/#breadcrumb","itemListElement":[{"@type":"ListItem","position":1,"name":"Portada","item":"https:\/\/futbolhoy.co\/"},{"@type":"ListItem","position":2,"name":"Arsenal gole\u00f3 y Real Madrid dio el primer golpe en octavos de Champions"}]},{"@type":"WebSite","@id":"https:\/\/futbolhoy.co\/#website","url":"https:\/\/futbolhoy.co\/","name":"FutbolHoy","description":"","publisher":{"@id":"https:\/\/futbolhoy.co\/#organization"},"potentialAction":[{"@type":"SearchAction","target":{"@type":"EntryPoint","urlTemplate":"https:\/\/futbolhoy.co\/?s={search_term_string}"},"query-input":{"@type":"PropertyValueSpecification","valueRequired":true,"valueName":"search_term_string"}}],"inLanguage":"es"},{"@type":"Organization","@id":"https:\/\/futbolhoy.co\/#organization","name":"Futbolhoy.co","url":"https:\/\/futbolhoy.co\/","logo":{"@type":"ImageObject","inLanguage":"es","@id":"https:\/\/futbolhoy.co\/#\/schema\/logo\/image\/","url":"https:\/\/futbolhoy.co\/wp-content\/uploads\/2018\/08\/17426380_1906371736249227_6326180412931521141_n.jpg","contentUrl":"https:\/\/futbolhoy.co\/wp-content\/uploads\/2018\/08\/17426380_1906371736249227_6326180412931521141_n.jpg","width":960,"height":960,"caption":"Futbolhoy.co"},"image":{"@id":"https:\/\/futbolhoy.co\/#\/schema\/logo\/image\/"},"sameAs":["https:\/\/www.facebook.com\/FutbolHoyCol\/","https:\/\/x.com\/FutbolHoyCol","https:\/\/www.instagram.com\/futbolhoycol\/"]},{"@type":"Person","@id":"https:\/\/futbolhoy.co\/#\/schema\/person\/1721b69355b6623eaff15ac7b92d4cc3","name":"contenido","image":{"@type":"ImageObject","inLanguage":"es","@id":"https:\/\/futbolhoy.co\/#\/schema\/person\/image\/","url":"https:\/\/secure.gravatar.com\/avatar\/4f656d3256f5134f466206e7c3941518?s=96&d=mm&r=g","contentUrl":"https:\/\/secure.gravatar.com\/avatar\/4f656d3256f5134f466206e7c3941518?s=96&d=mm&r=g","caption":"contenido"}}]}},"publishpress_future_action":{"enabled":false,"date":"2026-05-04 14:24:03","action":"change-status","newStatus":"draft","terms":[],"taxonomy":"category","extraData":[]},"publishpress_future_workflow_manual_trigger":{"enabledWorkflows":[]},"_links":{"self":[{"href":"https:\/\/futbolhoy.co\/index.php\/wp-json\/wp\/v2\/posts\/117034","targetHints":{"allow":["GET"]}}],"collection":[{"href":"https:\/\/futbolhoy.co\/index.php\/wp-json\/wp\/v2\/posts"}],"about":[{"href":"https:\/\/futbolhoy.co\/index.php\/wp-json\/wp\/v2\/types\/post"}],"author":[{"embeddable":true,"href":"https:\/\/futbolhoy.co\/index.php\/wp-json\/wp\/v2\/users\/4"}],"replies":[{"embeddable":true,"href":"https:\/\/futbolhoy.co\/index.php\/wp-json\/wp\/v2\/comments?post=117034"}],"version-history":[{"count":1,"href":"https:\/\/futbolhoy.co\/index.php\/wp-json\/wp\/v2\/posts\/117034\/revisions"}],"predecessor-version":[{"id":117036,"href":"https:\/\/futbolhoy.co\/index.php\/wp-json\/wp\/v2\/posts\/117034\/revisions\/117036"}],"wp:featuredmedia":[{"embeddable":true,"href":"https:\/\/futbolhoy.co\/index.php\/wp-json\/wp\/v2\/media\/117035"}],"wp:attachment":[{"href":"https:\/\/futbolhoy.co\/index.php\/wp-json\/wp\/v2\/media?parent=117034"}],"wp:term":[{"taxonomy":"category","embeddable":true,"href":"https:\/\/futbolhoy.co\/index.php\/wp-json\/wp\/v2\/categories?post=117034"},{"taxonomy":"post_tag","embeddable":true,"href":"https:\/\/futbolhoy.co\/index.php\/wp-json\/wp\/v2\/tags?post=117034"}],"curies":[{"name":"wp","href":"https:\/\/api.w.org\/{rel}","templated":true}]}}