{"id":117038,"date":"2025-03-04T22:38:07","date_gmt":"2025-03-05T03:38:07","guid":{"rendered":"https:\/\/futbolhoy.co\/?p=117038"},"modified":"2025-03-05T22:11:51","modified_gmt":"2025-03-06T03:11:51","slug":"nacional-le-aplica-la-manita-a-fortaleza-en-bogota","status":"publish","type":"post","link":"https:\/\/futbolhoy.co\/index.php\/2025\/03\/04\/nacional-le-aplica-la-manita-a-fortaleza-en-bogota\/","title":{"rendered":"Nacional le aplica la \u2018manita\u2019 a Fortaleza en Bogot\u00e1"},"content":{"rendered":"<p style=\"text-align: justify;\"><span style=\"font-family: helvetica, arial, sans-serif;\"><strong>Atl\u00e9tico Naciona<\/strong>l se repuso de su derrota en Valledupar y se vaci\u00f3 ante <strong>Fortaleza<\/strong> 1-5 ante un estadio El Camp\u00edn totalmente lleno. Edwin Cardona y Marino Hinestroza convirtieron doblete cada uno.<\/span><\/p>\n<p class=\"p1\" style=\"text-align: justify;\"><span class=\"s1\" style=\"font-family: helvetica, arial, sans-serif;\"><strong>Marino Hinestroza<\/strong> fue quien abri\u00f3 el marcador al minuto 5 tras pase de Juan Zapata. Pero seis minutos m\u00e1s tarde, <strong>Emilio Aristizabal<\/strong> convirti\u00f3 su segundo gol como profesional, nada m\u00e1s y nada menos que ante el equipo due\u00f1o de sus derechos deportivos.<\/span><\/p>\n<p class=\"p1\" style=\"text-align: justify;\"><span class=\"s1\" style=\"font-family: helvetica, arial, sans-serif;\">Luego, Edwin Cardona se despach\u00f3 con un doblete. Primero al 20\u2019 con un remate de media distancia que se meti\u00f3 en el \u00e1ngulo izquierdo del portero y luego al 32 con un cobro de penal a lo \u2018panenka\u2019.<\/span><\/p>\n<p class=\"p1\" style=\"text-align: justify;\"><span class=\"s1\" style=\"font-family: helvetica, arial, sans-serif;\">Pero el show de Cardona no par\u00f3 ah\u00ed y al 40 asisti\u00f3 a Juan Jos\u00e9 Arias, quien entr\u00f3 desde atr\u00e1s y de cabeza marc\u00f3 el cuarto parcial. Otro que concret\u00f3 doblete fue Marino Hinestroza, que convirti\u00f3 el 1-5 definitivo al 57\u2019.<\/span><\/p>\n<p class=\"p1\" style=\"text-align: justify;\"><span class=\"s1\" style=\"font-family: helvetica, arial, sans-serif;\">Nacional lleg\u00f3 a 13 unidades y escal\u00f3 hasta el <strong>tercer puesto<\/strong>. Su pr\u00f3ximo juego ser\u00e1 ante Am\u00e9rica de Cali.<\/span><\/p>\n<p class=\"p1\" style=\"text-align: justify;\"><span class=\"s1\" style=\"font-family: helvetica, arial, sans-serif;\">Fortaleza acumul\u00f3 dos derrotas consecutivas y qued\u00f3 en el puesto 14 con 7 puntos. Se medir\u00e1 en el siguiente encuentro a<strong> Santa Fe.<\/strong><\/span><\/p>\n","protected":false},"excerpt":{"rendered":"<p>Atl\u00e9tico Nacional se repuso de su derrota en Valledupar y se vaci\u00f3 ante Fortaleza 1-5 ante un estadio El Camp\u00edn totalmente lleno. Edwin Cardona y Marino Hinestroza convirtieron doblete cada uno. Marino Hinestroza fue quien abri\u00f3 el marcador al minuto 5 tras pase de Juan Zapata. Pero seis minutos m\u00e1s tarde, Emilio Aristizabal convirti\u00f3 su [&hellip;]<\/p>\n","protected":false},"author":4,"featured_media":117039,"comment_status":"open","ping_status":"open","sticky":false,"template":"","format":"standard","meta":{"_acf_changed":false,"footnotes":""},"categories":[7],"tags":[],"class_list":{"0":"post-117038","1":"post","2":"type-post","3":"status-publish","4":"format-standard","5":"has-post-thumbnail","7":"category-liga-betplay"},"acf":[],"yoast_head":"<!-- This site is optimized with the Yoast SEO plugin v26.8 - https:\/\/yoast.com\/product\/yoast-seo-wordpress\/ -->\n<title>Nacional le aplica la \u2018manita\u2019 a Fortaleza en Bogot\u00e1 -<\/title>\n<meta name=\"robots\" content=\"index, follow, max-snippet:-1, max-image-preview:large, max-video-preview:-1\" \/>\n<link rel=\"canonical\" href=\"https:\/\/futbolhoy.co\/index.php\/2025\/03\/04\/nacional-le-aplica-la-manita-a-fortaleza-en-bogota\/\" \/>\n<meta property=\"og:locale\" content=\"es_ES\" \/>\n<meta property=\"og:type\" content=\"article\" \/>\n<meta property=\"og:title\" content=\"Nacional le aplica la \u2018manita\u2019 a Fortaleza en Bogot\u00e1 -\" \/>\n<meta property=\"og:description\" content=\"Atl\u00e9tico Nacional se repuso de su derrota en Valledupar y se vaci\u00f3 ante Fortaleza 1-5 ante un estadio El Camp\u00edn totalmente lleno. Edwin Cardona y Marino Hinestroza convirtieron doblete cada uno. Marino Hinestroza fue quien abri\u00f3 el marcador al minuto 5 tras pase de Juan Zapata. Pero seis minutos m\u00e1s tarde, Emilio Aristizabal convirti\u00f3 su [&hellip;]\" \/>\n<meta property=\"og:url\" content=\"https:\/\/futbolhoy.co\/index.php\/2025\/03\/04\/nacional-le-aplica-la-manita-a-fortaleza-en-bogota\/\" \/>\n<meta property=\"article:publisher\" content=\"https:\/\/www.facebook.com\/FutbolHoyCol\/\" \/>\n<meta property=\"article:published_time\" content=\"2025-03-05T03:38:07+00:00\" \/>\n<meta property=\"article:modified_time\" content=\"2025-03-06T03:11:51+00:00\" \/>\n<meta property=\"og:image\" content=\"https:\/\/futbolhoy.co\/wp-content\/uploads\/2025\/03\/IMG_3478.jpeg\" \/>\n\t<meta property=\"og:image:width\" content=\"1080\" \/>\n\t<meta property=\"og:image:height\" content=\"760\" \/>\n\t<meta property=\"og:image:type\" content=\"image\/jpeg\" \/>\n<meta name=\"author\" content=\"contenido\" \/>\n<meta name=\"twitter:card\" content=\"summary_large_image\" \/>\n<meta name=\"twitter:creator\" content=\"@FutbolHoyCol\" \/>\n<meta name=\"twitter:site\" content=\"@FutbolHoyCol\" \/>\n<meta name=\"twitter:label1\" content=\"Escrito por\" \/>\n\t<meta name=\"twitter:data1\" content=\"contenido\" \/>\n\t<meta name=\"twitter:label2\" content=\"Tiempo de lectura\" \/>\n\t<meta name=\"twitter:data2\" content=\"1 minuto\" \/>\n<script type=\"application\/ld+json\" class=\"yoast-schema-graph\">{\"@context\":\"https:\/\/schema.org\",\"@graph\":[{\"@type\":\"Article\",\"@id\":\"https:\/\/futbolhoy.co\/index.php\/2025\/03\/04\/nacional-le-aplica-la-manita-a-fortaleza-en-bogota\/#article\",\"isPartOf\":{\"@id\":\"https:\/\/futbolhoy.co\/index.php\/2025\/03\/04\/nacional-le-aplica-la-manita-a-fortaleza-en-bogota\/\"},\"author\":{\"name\":\"contenido\",\"@id\":\"https:\/\/futbolhoy.co\/#\/schema\/person\/1721b69355b6623eaff15ac7b92d4cc3\"},\"headline\":\"Nacional le aplica la \u2018manita\u2019 a Fortaleza en Bogot\u00e1\",\"datePublished\":\"2025-03-05T03:38:07+00:00\",\"dateModified\":\"2025-03-06T03:11:51+00:00\",\"mainEntityOfPage\":{\"@id\":\"https:\/\/futbolhoy.co\/index.php\/2025\/03\/04\/nacional-le-aplica-la-manita-a-fortaleza-en-bogota\/\"},\"wordCount\":203,\"commentCount\":0,\"publisher\":{\"@id\":\"https:\/\/futbolhoy.co\/#organization\"},\"image\":{\"@id\":\"https:\/\/futbolhoy.co\/index.php\/2025\/03\/04\/nacional-le-aplica-la-manita-a-fortaleza-en-bogota\/#primaryimage\"},\"thumbnailUrl\":\"https:\/\/futbolhoy.co\/wp-content\/uploads\/2025\/03\/IMG_3478.jpeg\",\"articleSection\":[\"Liga BetPlay\"],\"inLanguage\":\"es\",\"potentialAction\":[{\"@type\":\"CommentAction\",\"name\":\"Comment\",\"target\":[\"https:\/\/futbolhoy.co\/index.php\/2025\/03\/04\/nacional-le-aplica-la-manita-a-fortaleza-en-bogota\/#respond\"]}]},{\"@type\":\"WebPage\",\"@id\":\"https:\/\/futbolhoy.co\/index.php\/2025\/03\/04\/nacional-le-aplica-la-manita-a-fortaleza-en-bogota\/\",\"url\":\"https:\/\/futbolhoy.co\/index.php\/2025\/03\/04\/nacional-le-aplica-la-manita-a-fortaleza-en-bogota\/\",\"name\":\"Nacional le aplica la \u2018manita\u2019 a Fortaleza en Bogot\u00e1 -\",\"isPartOf\":{\"@id\":\"https:\/\/futbolhoy.co\/#website\"},\"primaryImageOfPage\":{\"@id\":\"https:\/\/futbolhoy.co\/index.php\/2025\/03\/04\/nacional-le-aplica-la-manita-a-fortaleza-en-bogota\/#primaryimage\"},\"image\":{\"@id\":\"https:\/\/futbolhoy.co\/index.php\/2025\/03\/04\/nacional-le-aplica-la-manita-a-fortaleza-en-bogota\/#primaryimage\"},\"thumbnailUrl\":\"https:\/\/futbolhoy.co\/wp-content\/uploads\/2025\/03\/IMG_3478.jpeg\",\"datePublished\":\"2025-03-05T03:38:07+00:00\",\"dateModified\":\"2025-03-06T03:11:51+00:00\",\"breadcrumb\":{\"@id\":\"https:\/\/futbolhoy.co\/index.php\/2025\/03\/04\/nacional-le-aplica-la-manita-a-fortaleza-en-bogota\/#breadcrumb\"},\"inLanguage\":\"es\",\"potentialAction\":[{\"@type\":\"ReadAction\",\"target\":[\"https:\/\/futbolhoy.co\/index.php\/2025\/03\/04\/nacional-le-aplica-la-manita-a-fortaleza-en-bogota\/\"]}]},{\"@type\":\"ImageObject\",\"inLanguage\":\"es\",\"@id\":\"https:\/\/futbolhoy.co\/index.php\/2025\/03\/04\/nacional-le-aplica-la-manita-a-fortaleza-en-bogota\/#primaryimage\",\"url\":\"https:\/\/futbolhoy.co\/wp-content\/uploads\/2025\/03\/IMG_3478.jpeg\",\"contentUrl\":\"https:\/\/futbolhoy.co\/wp-content\/uploads\/2025\/03\/IMG_3478.jpeg\",\"width\":1080,\"height\":760},{\"@type\":\"BreadcrumbList\",\"@id\":\"https:\/\/futbolhoy.co\/index.php\/2025\/03\/04\/nacional-le-aplica-la-manita-a-fortaleza-en-bogota\/#breadcrumb\",\"itemListElement\":[{\"@type\":\"ListItem\",\"position\":1,\"name\":\"Portada\",\"item\":\"https:\/\/futbolhoy.co\/\"},{\"@type\":\"ListItem\",\"position\":2,\"name\":\"Nacional le aplica la \u2018manita\u2019 a Fortaleza en Bogot\u00e1\"}]},{\"@type\":\"WebSite\",\"@id\":\"https:\/\/futbolhoy.co\/#website\",\"url\":\"https:\/\/futbolhoy.co\/\",\"name\":\"FutbolHoy\",\"description\":\"\",\"publisher\":{\"@id\":\"https:\/\/futbolhoy.co\/#organization\"},\"potentialAction\":[{\"@type\":\"SearchAction\",\"target\":{\"@type\":\"EntryPoint\",\"urlTemplate\":\"https:\/\/futbolhoy.co\/?s={search_term_string}\"},\"query-input\":{\"@type\":\"PropertyValueSpecification\",\"valueRequired\":true,\"valueName\":\"search_term_string\"}}],\"inLanguage\":\"es\"},{\"@type\":\"Organization\",\"@id\":\"https:\/\/futbolhoy.co\/#organization\",\"name\":\"Futbolhoy.co\",\"url\":\"https:\/\/futbolhoy.co\/\",\"logo\":{\"@type\":\"ImageObject\",\"inLanguage\":\"es\",\"@id\":\"https:\/\/futbolhoy.co\/#\/schema\/logo\/image\/\",\"url\":\"https:\/\/futbolhoy.co\/wp-content\/uploads\/2018\/08\/17426380_1906371736249227_6326180412931521141_n.jpg\",\"contentUrl\":\"https:\/\/futbolhoy.co\/wp-content\/uploads\/2018\/08\/17426380_1906371736249227_6326180412931521141_n.jpg\",\"width\":960,\"height\":960,\"caption\":\"Futbolhoy.co\"},\"image\":{\"@id\":\"https:\/\/futbolhoy.co\/#\/schema\/logo\/image\/\"},\"sameAs\":[\"https:\/\/www.facebook.com\/FutbolHoyCol\/\",\"https:\/\/x.com\/FutbolHoyCol\",\"https:\/\/www.instagram.com\/futbolhoycol\/\"]},{\"@type\":\"Person\",\"@id\":\"https:\/\/futbolhoy.co\/#\/schema\/person\/1721b69355b6623eaff15ac7b92d4cc3\",\"name\":\"contenido\",\"image\":{\"@type\":\"ImageObject\",\"inLanguage\":\"es\",\"@id\":\"https:\/\/futbolhoy.co\/#\/schema\/person\/image\/\",\"url\":\"https:\/\/secure.gravatar.com\/avatar\/4f656d3256f5134f466206e7c3941518?s=96&d=mm&r=g\",\"contentUrl\":\"https:\/\/secure.gravatar.com\/avatar\/4f656d3256f5134f466206e7c3941518?s=96&d=mm&r=g\",\"caption\":\"contenido\"}}]}<\/script>\n<!-- \/ Yoast SEO plugin. -->","yoast_head_json":{"title":"Nacional le aplica la \u2018manita\u2019 a Fortaleza en Bogot\u00e1 -","robots":{"index":"index","follow":"follow","max-snippet":"max-snippet:-1","max-image-preview":"max-image-preview:large","max-video-preview":"max-video-preview:-1"},"canonical":"https:\/\/futbolhoy.co\/index.php\/2025\/03\/04\/nacional-le-aplica-la-manita-a-fortaleza-en-bogota\/","og_locale":"es_ES","og_type":"article","og_title":"Nacional le aplica la \u2018manita\u2019 a Fortaleza en Bogot\u00e1 -","og_description":"Atl\u00e9tico Nacional se repuso de su derrota en Valledupar y se vaci\u00f3 ante Fortaleza 1-5 ante un estadio El Camp\u00edn totalmente lleno. Edwin Cardona y Marino Hinestroza convirtieron doblete cada uno. Marino Hinestroza fue quien abri\u00f3 el marcador al minuto 5 tras pase de Juan Zapata. Pero seis minutos m\u00e1s tarde, Emilio Aristizabal convirti\u00f3 su [&hellip;]","og_url":"https:\/\/futbolhoy.co\/index.php\/2025\/03\/04\/nacional-le-aplica-la-manita-a-fortaleza-en-bogota\/","article_publisher":"https:\/\/www.facebook.com\/FutbolHoyCol\/","article_published_time":"2025-03-05T03:38:07+00:00","article_modified_time":"2025-03-06T03:11:51+00:00","og_image":[{"width":1080,"height":760,"url":"https:\/\/futbolhoy.co\/wp-content\/uploads\/2025\/03\/IMG_3478.jpeg","type":"image\/jpeg"}],"author":"contenido","twitter_card":"summary_large_image","twitter_creator":"@FutbolHoyCol","twitter_site":"@FutbolHoyCol","twitter_misc":{"Escrito por":"contenido","Tiempo de lectura":"1 minuto"},"schema":{"@context":"https:\/\/schema.org","@graph":[{"@type":"Article","@id":"https:\/\/futbolhoy.co\/index.php\/2025\/03\/04\/nacional-le-aplica-la-manita-a-fortaleza-en-bogota\/#article","isPartOf":{"@id":"https:\/\/futbolhoy.co\/index.php\/2025\/03\/04\/nacional-le-aplica-la-manita-a-fortaleza-en-bogota\/"},"author":{"name":"contenido","@id":"https:\/\/futbolhoy.co\/#\/schema\/person\/1721b69355b6623eaff15ac7b92d4cc3"},"headline":"Nacional le aplica la \u2018manita\u2019 a Fortaleza en Bogot\u00e1","datePublished":"2025-03-05T03:38:07+00:00","dateModified":"2025-03-06T03:11:51+00:00","mainEntityOfPage":{"@id":"https:\/\/futbolhoy.co\/index.php\/2025\/03\/04\/nacional-le-aplica-la-manita-a-fortaleza-en-bogota\/"},"wordCount":203,"commentCount":0,"publisher":{"@id":"https:\/\/futbolhoy.co\/#organization"},"image":{"@id":"https:\/\/futbolhoy.co\/index.php\/2025\/03\/04\/nacional-le-aplica-la-manita-a-fortaleza-en-bogota\/#primaryimage"},"thumbnailUrl":"https:\/\/futbolhoy.co\/wp-content\/uploads\/2025\/03\/IMG_3478.jpeg","articleSection":["Liga BetPlay"],"inLanguage":"es","potentialAction":[{"@type":"CommentAction","name":"Comment","target":["https:\/\/futbolhoy.co\/index.php\/2025\/03\/04\/nacional-le-aplica-la-manita-a-fortaleza-en-bogota\/#respond"]}]},{"@type":"WebPage","@id":"https:\/\/futbolhoy.co\/index.php\/2025\/03\/04\/nacional-le-aplica-la-manita-a-fortaleza-en-bogota\/","url":"https:\/\/futbolhoy.co\/index.php\/2025\/03\/04\/nacional-le-aplica-la-manita-a-fortaleza-en-bogota\/","name":"Nacional le aplica la \u2018manita\u2019 a Fortaleza en Bogot\u00e1 -","isPartOf":{"@id":"https:\/\/futbolhoy.co\/#website"},"primaryImageOfPage":{"@id":"https:\/\/futbolhoy.co\/index.php\/2025\/03\/04\/nacional-le-aplica-la-manita-a-fortaleza-en-bogota\/#primaryimage"},"image":{"@id":"https:\/\/futbolhoy.co\/index.php\/2025\/03\/04\/nacional-le-aplica-la-manita-a-fortaleza-en-bogota\/#primaryimage"},"thumbnailUrl":"https:\/\/futbolhoy.co\/wp-content\/uploads\/2025\/03\/IMG_3478.jpeg","datePublished":"2025-03-05T03:38:07+00:00","dateModified":"2025-03-06T03:11:51+00:00","breadcrumb":{"@id":"https:\/\/futbolhoy.co\/index.php\/2025\/03\/04\/nacional-le-aplica-la-manita-a-fortaleza-en-bogota\/#breadcrumb"},"inLanguage":"es","potentialAction":[{"@type":"ReadAction","target":["https:\/\/futbolhoy.co\/index.php\/2025\/03\/04\/nacional-le-aplica-la-manita-a-fortaleza-en-bogota\/"]}]},{"@type":"ImageObject","inLanguage":"es","@id":"https:\/\/futbolhoy.co\/index.php\/2025\/03\/04\/nacional-le-aplica-la-manita-a-fortaleza-en-bogota\/#primaryimage","url":"https:\/\/futbolhoy.co\/wp-content\/uploads\/2025\/03\/IMG_3478.jpeg","contentUrl":"https:\/\/futbolhoy.co\/wp-content\/uploads\/2025\/03\/IMG_3478.jpeg","width":1080,"height":760},{"@type":"BreadcrumbList","@id":"https:\/\/futbolhoy.co\/index.php\/2025\/03\/04\/nacional-le-aplica-la-manita-a-fortaleza-en-bogota\/#breadcrumb","itemListElement":[{"@type":"ListItem","position":1,"name":"Portada","item":"https:\/\/futbolhoy.co\/"},{"@type":"ListItem","position":2,"name":"Nacional le aplica la \u2018manita\u2019 a Fortaleza en Bogot\u00e1"}]},{"@type":"WebSite","@id":"https:\/\/futbolhoy.co\/#website","url":"https:\/\/futbolhoy.co\/","name":"FutbolHoy","description":"","publisher":{"@id":"https:\/\/futbolhoy.co\/#organization"},"potentialAction":[{"@type":"SearchAction","target":{"@type":"EntryPoint","urlTemplate":"https:\/\/futbolhoy.co\/?s={search_term_string}"},"query-input":{"@type":"PropertyValueSpecification","valueRequired":true,"valueName":"search_term_string"}}],"inLanguage":"es"},{"@type":"Organization","@id":"https:\/\/futbolhoy.co\/#organization","name":"Futbolhoy.co","url":"https:\/\/futbolhoy.co\/","logo":{"@type":"ImageObject","inLanguage":"es","@id":"https:\/\/futbolhoy.co\/#\/schema\/logo\/image\/","url":"https:\/\/futbolhoy.co\/wp-content\/uploads\/2018\/08\/17426380_1906371736249227_6326180412931521141_n.jpg","contentUrl":"https:\/\/futbolhoy.co\/wp-content\/uploads\/2018\/08\/17426380_1906371736249227_6326180412931521141_n.jpg","width":960,"height":960,"caption":"Futbolhoy.co"},"image":{"@id":"https:\/\/futbolhoy.co\/#\/schema\/logo\/image\/"},"sameAs":["https:\/\/www.facebook.com\/FutbolHoyCol\/","https:\/\/x.com\/FutbolHoyCol","https:\/\/www.instagram.com\/futbolhoycol\/"]},{"@type":"Person","@id":"https:\/\/futbolhoy.co\/#\/schema\/person\/1721b69355b6623eaff15ac7b92d4cc3","name":"contenido","image":{"@type":"ImageObject","inLanguage":"es","@id":"https:\/\/futbolhoy.co\/#\/schema\/person\/image\/","url":"https:\/\/secure.gravatar.com\/avatar\/4f656d3256f5134f466206e7c3941518?s=96&d=mm&r=g","contentUrl":"https:\/\/secure.gravatar.com\/avatar\/4f656d3256f5134f466206e7c3941518?s=96&d=mm&r=g","caption":"contenido"}}]}},"publishpress_future_action":{"enabled":false,"date":"2026-05-04 14:23:52","action":"change-status","newStatus":"draft","terms":[],"taxonomy":"category","extraData":[]},"publishpress_future_workflow_manual_trigger":{"enabledWorkflows":[]},"_links":{"self":[{"href":"https:\/\/futbolhoy.co\/index.php\/wp-json\/wp\/v2\/posts\/117038","targetHints":{"allow":["GET"]}}],"collection":[{"href":"https:\/\/futbolhoy.co\/index.php\/wp-json\/wp\/v2\/posts"}],"about":[{"href":"https:\/\/futbolhoy.co\/index.php\/wp-json\/wp\/v2\/types\/post"}],"author":[{"embeddable":true,"href":"https:\/\/futbolhoy.co\/index.php\/wp-json\/wp\/v2\/users\/4"}],"replies":[{"embeddable":true,"href":"https:\/\/futbolhoy.co\/index.php\/wp-json\/wp\/v2\/comments?post=117038"}],"version-history":[{"count":5,"href":"https:\/\/futbolhoy.co\/index.php\/wp-json\/wp\/v2\/posts\/117038\/revisions"}],"predecessor-version":[{"id":117044,"href":"https:\/\/futbolhoy.co\/index.php\/wp-json\/wp\/v2\/posts\/117038\/revisions\/117044"}],"wp:featuredmedia":[{"embeddable":true,"href":"https:\/\/futbolhoy.co\/index.php\/wp-json\/wp\/v2\/media\/117039"}],"wp:attachment":[{"href":"https:\/\/futbolhoy.co\/index.php\/wp-json\/wp\/v2\/media?parent=117038"}],"wp:term":[{"taxonomy":"category","embeddable":true,"href":"https:\/\/futbolhoy.co\/index.php\/wp-json\/wp\/v2\/categories?post=117038"},{"taxonomy":"post_tag","embeddable":true,"href":"https:\/\/futbolhoy.co\/index.php\/wp-json\/wp\/v2\/tags?post=117038"}],"curies":[{"name":"wp","href":"https:\/\/api.w.org\/{rel}","templated":true}]}}