{"id":117046,"date":"2025-03-05T07:17:27","date_gmt":"2025-03-05T12:17:27","guid":{"rendered":"https:\/\/futbolhoy.co\/?p=117046"},"modified":"2025-03-05T17:36:20","modified_gmt":"2025-03-05T22:36:20","slug":"luis-diaz-a-la-espera-del-brillo-en-champions-ante-el-psg","status":"publish","type":"post","link":"https:\/\/futbolhoy.co\/index.php\/2025\/03\/05\/luis-diaz-a-la-espera-del-brillo-en-champions-ante-el-psg\/","title":{"rendered":"Luis D\u00edaz busca brillar en Champions ante el PSG"},"content":{"rendered":"<p style=\"text-align: justify;\"><span style=\"font-family: helvetica, arial, sans-serif;\"><strong>Luis D\u00edaz<\/strong> tiene una gran ocasi\u00f3n para brillar en la constelaci\u00f3n de estrellas del ataque del <strong>Liverpool<\/strong> con la visita al <strong>Par\u00eds Saint-Germain<\/strong> en la ida de octavos de la<strong> Liga de Campeones.<\/strong><\/span><\/p>\n<p style=\"text-align: justify;\"><span style=\"font-family: helvetica, arial, sans-serif;\">\"Jugadores como Lucho est\u00e1n teniendo una<strong> gran temporada<\/strong>. En mi caso puede que sea mi mejor temporada, no solo por lo que marco sino porque estoy consiguiendo que los jugadores que est\u00e1n a mi alrededor sean mejores\", estim\u00f3 recientemente <strong>Salah<\/strong> en declaraciones a la televisi\u00f3n brit\u00e1nica TNT Sports.<\/span><\/p>\n<p style=\"text-align: justify;\"><span style=\"font-family: helvetica, arial, sans-serif;\">Luis D\u00edaz (28 a\u00f1os), que ha ocupado distintas posiciones en el dibujo t\u00e1ctico de <strong>Arne Slot<\/strong>, lleva 13 dianas entre todas las competiciones en lo que va de temporada, como titular habitual de un Liverpool que es l\u00edder en la <strong>Premier League<\/strong> y que gan\u00f3 la liguilla de 36 equipos de la primera fase de la Champions.<\/span><\/p>\n<p style=\"text-align: justify;\"><span style=\"font-family: helvetica, arial, sans-serif;\">La llegada de Luis D\u00edaz a Anfield fue en el mercado de enero de 2022, procedente del <strong>Porto<\/strong>. Dos meses antes hab\u00eda impresionado a los responsables ingleses en un duelo de Champions entre ambos equipos.<\/span><\/p>\n<p style=\"text-align: justify;\"><span style=\"font-family: helvetica, arial, sans-serif;\">Pese a que tiene contrato hasta junio de 2027, los rumores sobre una posible salida del club ingl\u00e9s llevan meses sucedi\u00e9ndose. Cuando <strong>Kylian Mbapp\u00e9<\/strong> dej\u00f3 el PSG para irse al <strong>Real Madrid<\/strong>, se especul\u00f3 con su nombre como nuevo jugador del club campe\u00f3n de Francia, pero \u00e9l mismo se encarg\u00f3 de desviar el tema.<\/span><\/p>\n<p style=\"text-align: justify;\"><span style=\"font-family: helvetica, arial, sans-serif;\">\"Estoy muy feliz en Liverpool, es un gran club. Siempre quise jugar ah\u00ed, <strong>as\u00ed que estoy feliz, tranquilo<\/strong>\", dijo el pasado junio, antes de la Copa Am\u00e9rica.<\/span><\/p>\n","protected":false},"excerpt":{"rendered":"<p>Luis D\u00edaz tiene una gran ocasi\u00f3n para brillar en la constelaci\u00f3n de estrellas del ataque del Liverpool con la visita al Par\u00eds Saint-Germain en la ida de octavos de la Liga de Campeones. \"Jugadores como Lucho est\u00e1n teniendo una gran temporada. En mi caso puede que sea mi mejor temporada, no solo por lo que [&hellip;]<\/p>\n","protected":false},"author":4,"featured_media":117050,"comment_status":"open","ping_status":"open","sticky":false,"template":"","format":"standard","meta":{"_acf_changed":false,"footnotes":""},"categories":[152],"tags":[],"class_list":{"0":"post-117046","1":"post","2":"type-post","3":"status-publish","4":"format-standard","5":"has-post-thumbnail","7":"category-mundo-futbol"},"acf":[],"yoast_head":"<!-- This site is optimized with the Yoast SEO plugin v26.8 - https:\/\/yoast.com\/product\/yoast-seo-wordpress\/ -->\n<title>Luis D\u00edaz busca brillar en Champions ante el PSG -<\/title>\n<meta name=\"robots\" content=\"index, follow, max-snippet:-1, max-image-preview:large, max-video-preview:-1\" \/>\n<link rel=\"canonical\" href=\"https:\/\/futbolhoy.co\/index.php\/2025\/03\/05\/luis-diaz-a-la-espera-del-brillo-en-champions-ante-el-psg\/\" \/>\n<meta property=\"og:locale\" content=\"es_ES\" \/>\n<meta property=\"og:type\" content=\"article\" \/>\n<meta property=\"og:title\" content=\"Luis D\u00edaz busca brillar en Champions ante el PSG -\" \/>\n<meta property=\"og:description\" content=\"Luis D\u00edaz tiene una gran ocasi\u00f3n para brillar en la constelaci\u00f3n de estrellas del ataque del Liverpool con la visita al Par\u00eds Saint-Germain en la ida de octavos de la Liga de Campeones. &quot;Jugadores como Lucho est\u00e1n teniendo una gran temporada. En mi caso puede que sea mi mejor temporada, no solo por lo que [&hellip;]\" \/>\n<meta property=\"og:url\" content=\"https:\/\/futbolhoy.co\/index.php\/2025\/03\/05\/luis-diaz-a-la-espera-del-brillo-en-champions-ante-el-psg\/\" \/>\n<meta property=\"article:publisher\" content=\"https:\/\/www.facebook.com\/FutbolHoyCol\/\" \/>\n<meta property=\"article:published_time\" content=\"2025-03-05T12:17:27+00:00\" \/>\n<meta property=\"article:modified_time\" content=\"2025-03-05T22:36:20+00:00\" \/>\n<meta property=\"og:image\" content=\"https:\/\/futbolhoy.co\/wp-content\/uploads\/2025\/03\/GlMz1lQWQAAS1mF.jpg\" \/>\n\t<meta property=\"og:image:width\" content=\"2000\" \/>\n\t<meta property=\"og:image:height\" content=\"1401\" \/>\n\t<meta property=\"og:image:type\" content=\"image\/jpeg\" \/>\n<meta name=\"author\" content=\"contenido\" \/>\n<meta name=\"twitter:card\" content=\"summary_large_image\" \/>\n<meta name=\"twitter:creator\" content=\"@FutbolHoyCol\" \/>\n<meta name=\"twitter:site\" content=\"@FutbolHoyCol\" \/>\n<meta name=\"twitter:label1\" content=\"Escrito por\" \/>\n\t<meta name=\"twitter:data1\" content=\"contenido\" \/>\n\t<meta name=\"twitter:label2\" content=\"Tiempo de lectura\" \/>\n\t<meta name=\"twitter:data2\" content=\"1 minuto\" \/>\n<script type=\"application\/ld+json\" class=\"yoast-schema-graph\">{\"@context\":\"https:\/\/schema.org\",\"@graph\":[{\"@type\":\"Article\",\"@id\":\"https:\/\/futbolhoy.co\/index.php\/2025\/03\/05\/luis-diaz-a-la-espera-del-brillo-en-champions-ante-el-psg\/#article\",\"isPartOf\":{\"@id\":\"https:\/\/futbolhoy.co\/index.php\/2025\/03\/05\/luis-diaz-a-la-espera-del-brillo-en-champions-ante-el-psg\/\"},\"author\":{\"name\":\"contenido\",\"@id\":\"https:\/\/futbolhoy.co\/#\/schema\/person\/1721b69355b6623eaff15ac7b92d4cc3\"},\"headline\":\"Luis D\u00edaz busca brillar en Champions ante el PSG\",\"datePublished\":\"2025-03-05T12:17:27+00:00\",\"dateModified\":\"2025-03-05T22:36:20+00:00\",\"mainEntityOfPage\":{\"@id\":\"https:\/\/futbolhoy.co\/index.php\/2025\/03\/05\/luis-diaz-a-la-espera-del-brillo-en-champions-ante-el-psg\/\"},\"wordCount\":277,\"commentCount\":0,\"publisher\":{\"@id\":\"https:\/\/futbolhoy.co\/#organization\"},\"image\":{\"@id\":\"https:\/\/futbolhoy.co\/index.php\/2025\/03\/05\/luis-diaz-a-la-espera-del-brillo-en-champions-ante-el-psg\/#primaryimage\"},\"thumbnailUrl\":\"https:\/\/futbolhoy.co\/wp-content\/uploads\/2025\/03\/GlMz1lQWQAAS1mF.jpg\",\"articleSection\":[\"Mundo Futbol\"],\"inLanguage\":\"es\",\"potentialAction\":[{\"@type\":\"CommentAction\",\"name\":\"Comment\",\"target\":[\"https:\/\/futbolhoy.co\/index.php\/2025\/03\/05\/luis-diaz-a-la-espera-del-brillo-en-champions-ante-el-psg\/#respond\"]}]},{\"@type\":\"WebPage\",\"@id\":\"https:\/\/futbolhoy.co\/index.php\/2025\/03\/05\/luis-diaz-a-la-espera-del-brillo-en-champions-ante-el-psg\/\",\"url\":\"https:\/\/futbolhoy.co\/index.php\/2025\/03\/05\/luis-diaz-a-la-espera-del-brillo-en-champions-ante-el-psg\/\",\"name\":\"Luis D\u00edaz busca brillar en Champions ante el PSG -\",\"isPartOf\":{\"@id\":\"https:\/\/futbolhoy.co\/#website\"},\"primaryImageOfPage\":{\"@id\":\"https:\/\/futbolhoy.co\/index.php\/2025\/03\/05\/luis-diaz-a-la-espera-del-brillo-en-champions-ante-el-psg\/#primaryimage\"},\"image\":{\"@id\":\"https:\/\/futbolhoy.co\/index.php\/2025\/03\/05\/luis-diaz-a-la-espera-del-brillo-en-champions-ante-el-psg\/#primaryimage\"},\"thumbnailUrl\":\"https:\/\/futbolhoy.co\/wp-content\/uploads\/2025\/03\/GlMz1lQWQAAS1mF.jpg\",\"datePublished\":\"2025-03-05T12:17:27+00:00\",\"dateModified\":\"2025-03-05T22:36:20+00:00\",\"breadcrumb\":{\"@id\":\"https:\/\/futbolhoy.co\/index.php\/2025\/03\/05\/luis-diaz-a-la-espera-del-brillo-en-champions-ante-el-psg\/#breadcrumb\"},\"inLanguage\":\"es\",\"potentialAction\":[{\"@type\":\"ReadAction\",\"target\":[\"https:\/\/futbolhoy.co\/index.php\/2025\/03\/05\/luis-diaz-a-la-espera-del-brillo-en-champions-ante-el-psg\/\"]}]},{\"@type\":\"ImageObject\",\"inLanguage\":\"es\",\"@id\":\"https:\/\/futbolhoy.co\/index.php\/2025\/03\/05\/luis-diaz-a-la-espera-del-brillo-en-champions-ante-el-psg\/#primaryimage\",\"url\":\"https:\/\/futbolhoy.co\/wp-content\/uploads\/2025\/03\/GlMz1lQWQAAS1mF.jpg\",\"contentUrl\":\"https:\/\/futbolhoy.co\/wp-content\/uploads\/2025\/03\/GlMz1lQWQAAS1mF.jpg\",\"width\":2000,\"height\":1401},{\"@type\":\"BreadcrumbList\",\"@id\":\"https:\/\/futbolhoy.co\/index.php\/2025\/03\/05\/luis-diaz-a-la-espera-del-brillo-en-champions-ante-el-psg\/#breadcrumb\",\"itemListElement\":[{\"@type\":\"ListItem\",\"position\":1,\"name\":\"Portada\",\"item\":\"https:\/\/futbolhoy.co\/\"},{\"@type\":\"ListItem\",\"position\":2,\"name\":\"Luis D\u00edaz busca brillar en Champions ante el PSG\"}]},{\"@type\":\"WebSite\",\"@id\":\"https:\/\/futbolhoy.co\/#website\",\"url\":\"https:\/\/futbolhoy.co\/\",\"name\":\"FutbolHoy\",\"description\":\"\",\"publisher\":{\"@id\":\"https:\/\/futbolhoy.co\/#organization\"},\"potentialAction\":[{\"@type\":\"SearchAction\",\"target\":{\"@type\":\"EntryPoint\",\"urlTemplate\":\"https:\/\/futbolhoy.co\/?s={search_term_string}\"},\"query-input\":{\"@type\":\"PropertyValueSpecification\",\"valueRequired\":true,\"valueName\":\"search_term_string\"}}],\"inLanguage\":\"es\"},{\"@type\":\"Organization\",\"@id\":\"https:\/\/futbolhoy.co\/#organization\",\"name\":\"Futbolhoy.co\",\"url\":\"https:\/\/futbolhoy.co\/\",\"logo\":{\"@type\":\"ImageObject\",\"inLanguage\":\"es\",\"@id\":\"https:\/\/futbolhoy.co\/#\/schema\/logo\/image\/\",\"url\":\"https:\/\/futbolhoy.co\/wp-content\/uploads\/2018\/08\/17426380_1906371736249227_6326180412931521141_n.jpg\",\"contentUrl\":\"https:\/\/futbolhoy.co\/wp-content\/uploads\/2018\/08\/17426380_1906371736249227_6326180412931521141_n.jpg\",\"width\":960,\"height\":960,\"caption\":\"Futbolhoy.co\"},\"image\":{\"@id\":\"https:\/\/futbolhoy.co\/#\/schema\/logo\/image\/\"},\"sameAs\":[\"https:\/\/www.facebook.com\/FutbolHoyCol\/\",\"https:\/\/x.com\/FutbolHoyCol\",\"https:\/\/www.instagram.com\/futbolhoycol\/\"]},{\"@type\":\"Person\",\"@id\":\"https:\/\/futbolhoy.co\/#\/schema\/person\/1721b69355b6623eaff15ac7b92d4cc3\",\"name\":\"contenido\",\"image\":{\"@type\":\"ImageObject\",\"inLanguage\":\"es\",\"@id\":\"https:\/\/futbolhoy.co\/#\/schema\/person\/image\/\",\"url\":\"https:\/\/secure.gravatar.com\/avatar\/4f656d3256f5134f466206e7c3941518?s=96&d=mm&r=g\",\"contentUrl\":\"https:\/\/secure.gravatar.com\/avatar\/4f656d3256f5134f466206e7c3941518?s=96&d=mm&r=g\",\"caption\":\"contenido\"}}]}<\/script>\n<!-- \/ Yoast SEO plugin. -->","yoast_head_json":{"title":"Luis D\u00edaz busca brillar en Champions ante el PSG -","robots":{"index":"index","follow":"follow","max-snippet":"max-snippet:-1","max-image-preview":"max-image-preview:large","max-video-preview":"max-video-preview:-1"},"canonical":"https:\/\/futbolhoy.co\/index.php\/2025\/03\/05\/luis-diaz-a-la-espera-del-brillo-en-champions-ante-el-psg\/","og_locale":"es_ES","og_type":"article","og_title":"Luis D\u00edaz busca brillar en Champions ante el PSG -","og_description":"Luis D\u00edaz tiene una gran ocasi\u00f3n para brillar en la constelaci\u00f3n de estrellas del ataque del Liverpool con la visita al Par\u00eds Saint-Germain en la ida de octavos de la Liga de Campeones. \"Jugadores como Lucho est\u00e1n teniendo una gran temporada. En mi caso puede que sea mi mejor temporada, no solo por lo que [&hellip;]","og_url":"https:\/\/futbolhoy.co\/index.php\/2025\/03\/05\/luis-diaz-a-la-espera-del-brillo-en-champions-ante-el-psg\/","article_publisher":"https:\/\/www.facebook.com\/FutbolHoyCol\/","article_published_time":"2025-03-05T12:17:27+00:00","article_modified_time":"2025-03-05T22:36:20+00:00","og_image":[{"width":2000,"height":1401,"url":"https:\/\/futbolhoy.co\/wp-content\/uploads\/2025\/03\/GlMz1lQWQAAS1mF.jpg","type":"image\/jpeg"}],"author":"contenido","twitter_card":"summary_large_image","twitter_creator":"@FutbolHoyCol","twitter_site":"@FutbolHoyCol","twitter_misc":{"Escrito por":"contenido","Tiempo de lectura":"1 minuto"},"schema":{"@context":"https:\/\/schema.org","@graph":[{"@type":"Article","@id":"https:\/\/futbolhoy.co\/index.php\/2025\/03\/05\/luis-diaz-a-la-espera-del-brillo-en-champions-ante-el-psg\/#article","isPartOf":{"@id":"https:\/\/futbolhoy.co\/index.php\/2025\/03\/05\/luis-diaz-a-la-espera-del-brillo-en-champions-ante-el-psg\/"},"author":{"name":"contenido","@id":"https:\/\/futbolhoy.co\/#\/schema\/person\/1721b69355b6623eaff15ac7b92d4cc3"},"headline":"Luis D\u00edaz busca brillar en Champions ante el PSG","datePublished":"2025-03-05T12:17:27+00:00","dateModified":"2025-03-05T22:36:20+00:00","mainEntityOfPage":{"@id":"https:\/\/futbolhoy.co\/index.php\/2025\/03\/05\/luis-diaz-a-la-espera-del-brillo-en-champions-ante-el-psg\/"},"wordCount":277,"commentCount":0,"publisher":{"@id":"https:\/\/futbolhoy.co\/#organization"},"image":{"@id":"https:\/\/futbolhoy.co\/index.php\/2025\/03\/05\/luis-diaz-a-la-espera-del-brillo-en-champions-ante-el-psg\/#primaryimage"},"thumbnailUrl":"https:\/\/futbolhoy.co\/wp-content\/uploads\/2025\/03\/GlMz1lQWQAAS1mF.jpg","articleSection":["Mundo Futbol"],"inLanguage":"es","potentialAction":[{"@type":"CommentAction","name":"Comment","target":["https:\/\/futbolhoy.co\/index.php\/2025\/03\/05\/luis-diaz-a-la-espera-del-brillo-en-champions-ante-el-psg\/#respond"]}]},{"@type":"WebPage","@id":"https:\/\/futbolhoy.co\/index.php\/2025\/03\/05\/luis-diaz-a-la-espera-del-brillo-en-champions-ante-el-psg\/","url":"https:\/\/futbolhoy.co\/index.php\/2025\/03\/05\/luis-diaz-a-la-espera-del-brillo-en-champions-ante-el-psg\/","name":"Luis D\u00edaz busca brillar en Champions ante el PSG -","isPartOf":{"@id":"https:\/\/futbolhoy.co\/#website"},"primaryImageOfPage":{"@id":"https:\/\/futbolhoy.co\/index.php\/2025\/03\/05\/luis-diaz-a-la-espera-del-brillo-en-champions-ante-el-psg\/#primaryimage"},"image":{"@id":"https:\/\/futbolhoy.co\/index.php\/2025\/03\/05\/luis-diaz-a-la-espera-del-brillo-en-champions-ante-el-psg\/#primaryimage"},"thumbnailUrl":"https:\/\/futbolhoy.co\/wp-content\/uploads\/2025\/03\/GlMz1lQWQAAS1mF.jpg","datePublished":"2025-03-05T12:17:27+00:00","dateModified":"2025-03-05T22:36:20+00:00","breadcrumb":{"@id":"https:\/\/futbolhoy.co\/index.php\/2025\/03\/05\/luis-diaz-a-la-espera-del-brillo-en-champions-ante-el-psg\/#breadcrumb"},"inLanguage":"es","potentialAction":[{"@type":"ReadAction","target":["https:\/\/futbolhoy.co\/index.php\/2025\/03\/05\/luis-diaz-a-la-espera-del-brillo-en-champions-ante-el-psg\/"]}]},{"@type":"ImageObject","inLanguage":"es","@id":"https:\/\/futbolhoy.co\/index.php\/2025\/03\/05\/luis-diaz-a-la-espera-del-brillo-en-champions-ante-el-psg\/#primaryimage","url":"https:\/\/futbolhoy.co\/wp-content\/uploads\/2025\/03\/GlMz1lQWQAAS1mF.jpg","contentUrl":"https:\/\/futbolhoy.co\/wp-content\/uploads\/2025\/03\/GlMz1lQWQAAS1mF.jpg","width":2000,"height":1401},{"@type":"BreadcrumbList","@id":"https:\/\/futbolhoy.co\/index.php\/2025\/03\/05\/luis-diaz-a-la-espera-del-brillo-en-champions-ante-el-psg\/#breadcrumb","itemListElement":[{"@type":"ListItem","position":1,"name":"Portada","item":"https:\/\/futbolhoy.co\/"},{"@type":"ListItem","position":2,"name":"Luis D\u00edaz busca brillar en Champions ante el PSG"}]},{"@type":"WebSite","@id":"https:\/\/futbolhoy.co\/#website","url":"https:\/\/futbolhoy.co\/","name":"FutbolHoy","description":"","publisher":{"@id":"https:\/\/futbolhoy.co\/#organization"},"potentialAction":[{"@type":"SearchAction","target":{"@type":"EntryPoint","urlTemplate":"https:\/\/futbolhoy.co\/?s={search_term_string}"},"query-input":{"@type":"PropertyValueSpecification","valueRequired":true,"valueName":"search_term_string"}}],"inLanguage":"es"},{"@type":"Organization","@id":"https:\/\/futbolhoy.co\/#organization","name":"Futbolhoy.co","url":"https:\/\/futbolhoy.co\/","logo":{"@type":"ImageObject","inLanguage":"es","@id":"https:\/\/futbolhoy.co\/#\/schema\/logo\/image\/","url":"https:\/\/futbolhoy.co\/wp-content\/uploads\/2018\/08\/17426380_1906371736249227_6326180412931521141_n.jpg","contentUrl":"https:\/\/futbolhoy.co\/wp-content\/uploads\/2018\/08\/17426380_1906371736249227_6326180412931521141_n.jpg","width":960,"height":960,"caption":"Futbolhoy.co"},"image":{"@id":"https:\/\/futbolhoy.co\/#\/schema\/logo\/image\/"},"sameAs":["https:\/\/www.facebook.com\/FutbolHoyCol\/","https:\/\/x.com\/FutbolHoyCol","https:\/\/www.instagram.com\/futbolhoycol\/"]},{"@type":"Person","@id":"https:\/\/futbolhoy.co\/#\/schema\/person\/1721b69355b6623eaff15ac7b92d4cc3","name":"contenido","image":{"@type":"ImageObject","inLanguage":"es","@id":"https:\/\/futbolhoy.co\/#\/schema\/person\/image\/","url":"https:\/\/secure.gravatar.com\/avatar\/4f656d3256f5134f466206e7c3941518?s=96&d=mm&r=g","contentUrl":"https:\/\/secure.gravatar.com\/avatar\/4f656d3256f5134f466206e7c3941518?s=96&d=mm&r=g","caption":"contenido"}}]}},"publishpress_future_action":{"enabled":false,"date":"2026-05-04 06:46:46","action":"change-status","newStatus":"draft","terms":[],"taxonomy":"category","extraData":[]},"publishpress_future_workflow_manual_trigger":{"enabledWorkflows":[]},"_links":{"self":[{"href":"https:\/\/futbolhoy.co\/index.php\/wp-json\/wp\/v2\/posts\/117046","targetHints":{"allow":["GET"]}}],"collection":[{"href":"https:\/\/futbolhoy.co\/index.php\/wp-json\/wp\/v2\/posts"}],"about":[{"href":"https:\/\/futbolhoy.co\/index.php\/wp-json\/wp\/v2\/types\/post"}],"author":[{"embeddable":true,"href":"https:\/\/futbolhoy.co\/index.php\/wp-json\/wp\/v2\/users\/4"}],"replies":[{"embeddable":true,"href":"https:\/\/futbolhoy.co\/index.php\/wp-json\/wp\/v2\/comments?post=117046"}],"version-history":[{"count":2,"href":"https:\/\/futbolhoy.co\/index.php\/wp-json\/wp\/v2\/posts\/117046\/revisions"}],"predecessor-version":[{"id":117051,"href":"https:\/\/futbolhoy.co\/index.php\/wp-json\/wp\/v2\/posts\/117046\/revisions\/117051"}],"wp:featuredmedia":[{"embeddable":true,"href":"https:\/\/futbolhoy.co\/index.php\/wp-json\/wp\/v2\/media\/117050"}],"wp:attachment":[{"href":"https:\/\/futbolhoy.co\/index.php\/wp-json\/wp\/v2\/media?parent=117046"}],"wp:term":[{"taxonomy":"category","embeddable":true,"href":"https:\/\/futbolhoy.co\/index.php\/wp-json\/wp\/v2\/categories?post=117046"},{"taxonomy":"post_tag","embeddable":true,"href":"https:\/\/futbolhoy.co\/index.php\/wp-json\/wp\/v2\/tags?post=117046"}],"curies":[{"name":"wp","href":"https:\/\/api.w.org\/{rel}","templated":true}]}}