{"id":117073,"date":"2025-03-05T21:34:37","date_gmt":"2025-03-06T02:34:37","guid":{"rendered":"https:\/\/futbolhoy.co\/?p=117073"},"modified":"2025-03-06T15:02:41","modified_gmt":"2025-03-06T20:02:41","slug":"equidad-ya-tiene-nuevo-tecnico-comienza-la-era-jhon-bodmer","status":"publish","type":"post","link":"https:\/\/futbolhoy.co\/index.php\/2025\/03\/05\/equidad-ya-tiene-nuevo-tecnico-comienza-la-era-jhon-bodmer\/","title":{"rendered":"Equidad ya tiene nuevo t\u00e9cnico: comienza la era Jhon Bodmer"},"content":{"rendered":"<p style=\"text-align: justify;\"><span style=\"font-weight: 400; font-family: helvetica, arial, sans-serif;\">Jhon Jairo Bodmer tendr\u00e1 una nueva oportunidad como director t\u00e9cnico, luego que este mi\u00e9rcoles fuera confirmado<strong> como el reemplazo de Alexis Garc\u00eda en La Equidad.<\/strong> El bogotano recibe a un cuadro asegurador colero y que todav\u00eda no conoce la victoria en esta Liga BetPlay.<\/span><\/p>\n<p style=\"text-align: justify;\"><span style=\"font-weight: 400; font-family: helvetica, arial, sans-serif;\">El entrenador de 43 a\u00f1os llega a La Equidad tras su paso como asistente t\u00e9cnico de Luis Fernando Su\u00e1rez en Deportivo Pereira, equipo que tampoco ha tenido un buen inicio de campeonato y se ubica <strong>actualmente en la casilla 16 con 5 puntos y solamente 1 victoria.<\/strong><\/span><\/p>\n<p><span style=\"font-family: helvetica, arial, sans-serif;\">\"Jhon Jairo Bodmer inicia un nuevo camino para liderar nuestro proyecto, acompa\u00f1ado por Juan Pablo Sarmiento Pinilla. <strong>\u00a1Bienvenidos a La Equidad,<\/strong> vamos juntos por grandes \u00e9xitos!\", anunci\u00f3 Equidad en redes sociales.<\/span><\/p>\n<p style=\"text-align: justify;\"><span style=\"font-weight: 400; font-family: helvetica, arial, sans-serif;\">El presente de La Equidad no es muy diferente. <strong>Los bogotanos son coleros de la tabla con 2 puntos,<\/strong> tras 5 derrotas y 2 empates, resultados que cobraron la salida de Alexis Garc\u00eda despu\u00e9s de cinco a\u00f1os como entrenador.<\/span><\/p>\n<blockquote class=\"twitter-tweet\">\n<p dir=\"ltr\" lang=\"es\">\ud835\udc75\ud835\udc96\ud835\udc86\ud835\udc97\ud835\udc90 \ud835\udc84\ud835\udc82\ud835\udc8e\ud835\udc8a\ud835\udc8f\ud835\udc90, \ud835\udc8e\ud835\udc8a\ud835\udc94\ud835\udc8e\ud835\udc90 \ud835\udc90\ud835\udc83\ud835\udc8b\ud835\udc86\ud835\udc95\ud835\udc8a\ud835\udc97\ud835\udc90 \ud83c\udfc6<\/p>\n<p>Jhon Jairo Bodmer inicia un nuevo camino para liderar nuestro proyecto, acompa\u00f1ado por Juan Pablo Sarmiento Pinilla. \u00a1Bienvenidos a La Equidad, vamos juntos por grandes \u00e9xitos! \u26bd\ufe0f<a href=\"https:\/\/twitter.com\/hashtag\/EquidadMiPasi%C3%B3n?src=hash&amp;ref_src=twsrc%5Etfw\">#EquidadMiPasi\u00f3n<\/a>\ud83d\udc9a <a href=\"https:\/\/t.co\/l1oQpcrQli\">pic.twitter.com\/l1oQpcrQli<\/a><\/p>\n<p>\u2014 Club Deportivo La Equidad (@Equidadfutbol) <a href=\"https:\/\/twitter.com\/Equidadfutbol\/status\/1897410969510535526?ref_src=twsrc%5Etfw\">March 5, 2025<\/a><\/p><\/blockquote>\n<p><script async src=\"https:\/\/platform.twitter.com\/widgets.js\" charset=\"utf-8\"><\/script><\/p>\n<p style=\"text-align: justify;\"><span style=\"font-family: helvetica, arial, sans-serif;\"><span style=\"font-weight: 400;\">Bodmer, por su parte, tuvo su m\u00e1s reciente experiencia como entrenador en Atl\u00e9tico Nacional, de donde sali\u00f3 en febrero de 2024 tras 22 partidos dirigidos, con un saldo <\/span><b>de 8 victorias, 4 empates y 10 derrotas.<\/b><\/span><\/p>\n","protected":false},"excerpt":{"rendered":"<p>Jhon Jairo Bodmer tendr\u00e1 una nueva oportunidad como director t\u00e9cnico, luego que este mi\u00e9rcoles fuera confirmado como el reemplazo de Alexis Garc\u00eda en La Equidad. El bogotano recibe a un cuadro asegurador colero y que todav\u00eda no conoce la victoria en esta Liga BetPlay. El entrenador de 43 a\u00f1os llega a La Equidad tras su [&hellip;]<\/p>\n","protected":false},"author":4,"featured_media":117074,"comment_status":"open","ping_status":"open","sticky":false,"template":"","format":"standard","meta":{"_acf_changed":false,"footnotes":""},"categories":[7],"tags":[],"class_list":{"0":"post-117073","1":"post","2":"type-post","3":"status-publish","4":"format-standard","5":"has-post-thumbnail","7":"category-liga-betplay"},"acf":[],"yoast_head":"<!-- This site is optimized with the Yoast SEO plugin v26.8 - https:\/\/yoast.com\/product\/yoast-seo-wordpress\/ -->\n<title>Equidad ya tiene nuevo t\u00e9cnico: comienza la era Jhon Bodmer -<\/title>\n<meta name=\"robots\" content=\"index, follow, max-snippet:-1, max-image-preview:large, max-video-preview:-1\" \/>\n<link rel=\"canonical\" href=\"https:\/\/futbolhoy.co\/index.php\/2025\/03\/05\/equidad-ya-tiene-nuevo-tecnico-comienza-la-era-jhon-bodmer\/\" \/>\n<meta property=\"og:locale\" content=\"es_ES\" \/>\n<meta property=\"og:type\" content=\"article\" \/>\n<meta property=\"og:title\" content=\"Equidad ya tiene nuevo t\u00e9cnico: comienza la era Jhon Bodmer -\" \/>\n<meta property=\"og:description\" content=\"Jhon Jairo Bodmer tendr\u00e1 una nueva oportunidad como director t\u00e9cnico, luego que este mi\u00e9rcoles fuera confirmado como el reemplazo de Alexis Garc\u00eda en La Equidad. El bogotano recibe a un cuadro asegurador colero y que todav\u00eda no conoce la victoria en esta Liga BetPlay. El entrenador de 43 a\u00f1os llega a La Equidad tras su [&hellip;]\" \/>\n<meta property=\"og:url\" content=\"https:\/\/futbolhoy.co\/index.php\/2025\/03\/05\/equidad-ya-tiene-nuevo-tecnico-comienza-la-era-jhon-bodmer\/\" \/>\n<meta property=\"article:publisher\" content=\"https:\/\/www.facebook.com\/FutbolHoyCol\/\" \/>\n<meta property=\"article:published_time\" content=\"2025-03-06T02:34:37+00:00\" \/>\n<meta property=\"article:modified_time\" content=\"2025-03-06T20:02:41+00:00\" \/>\n<meta property=\"og:image\" content=\"https:\/\/futbolhoy.co\/wp-content\/uploads\/2025\/03\/Captura-de-pantalla-2025-03-05-a-las-9.32.05\u202fp.-m-1024x683.png\" \/>\n\t<meta property=\"og:image:width\" content=\"1024\" \/>\n\t<meta property=\"og:image:height\" content=\"683\" \/>\n\t<meta property=\"og:image:type\" content=\"image\/png\" \/>\n<meta name=\"author\" content=\"contenido\" \/>\n<meta name=\"twitter:card\" content=\"summary_large_image\" \/>\n<meta name=\"twitter:creator\" content=\"@FutbolHoyCol\" \/>\n<meta name=\"twitter:site\" content=\"@FutbolHoyCol\" \/>\n<meta name=\"twitter:label1\" content=\"Escrito por\" \/>\n\t<meta name=\"twitter:data1\" content=\"contenido\" \/>\n\t<meta name=\"twitter:label2\" content=\"Tiempo de lectura\" \/>\n\t<meta name=\"twitter:data2\" content=\"1 minuto\" \/>\n<script type=\"application\/ld+json\" class=\"yoast-schema-graph\">{\"@context\":\"https:\/\/schema.org\",\"@graph\":[{\"@type\":\"Article\",\"@id\":\"https:\/\/futbolhoy.co\/index.php\/2025\/03\/05\/equidad-ya-tiene-nuevo-tecnico-comienza-la-era-jhon-bodmer\/#article\",\"isPartOf\":{\"@id\":\"https:\/\/futbolhoy.co\/index.php\/2025\/03\/05\/equidad-ya-tiene-nuevo-tecnico-comienza-la-era-jhon-bodmer\/\"},\"author\":{\"name\":\"contenido\",\"@id\":\"https:\/\/futbolhoy.co\/#\/schema\/person\/1721b69355b6623eaff15ac7b92d4cc3\"},\"headline\":\"Equidad ya tiene nuevo t\u00e9cnico: comienza la era Jhon Bodmer\",\"datePublished\":\"2025-03-06T02:34:37+00:00\",\"dateModified\":\"2025-03-06T20:02:41+00:00\",\"mainEntityOfPage\":{\"@id\":\"https:\/\/futbolhoy.co\/index.php\/2025\/03\/05\/equidad-ya-tiene-nuevo-tecnico-comienza-la-era-jhon-bodmer\/\"},\"wordCount\":249,\"commentCount\":0,\"publisher\":{\"@id\":\"https:\/\/futbolhoy.co\/#organization\"},\"image\":{\"@id\":\"https:\/\/futbolhoy.co\/index.php\/2025\/03\/05\/equidad-ya-tiene-nuevo-tecnico-comienza-la-era-jhon-bodmer\/#primaryimage\"},\"thumbnailUrl\":\"https:\/\/futbolhoy.co\/wp-content\/uploads\/2025\/03\/Captura-de-pantalla-2025-03-05-a-las-9.32.05\u202fp.-m.png\",\"articleSection\":[\"Liga BetPlay\"],\"inLanguage\":\"es\",\"potentialAction\":[{\"@type\":\"CommentAction\",\"name\":\"Comment\",\"target\":[\"https:\/\/futbolhoy.co\/index.php\/2025\/03\/05\/equidad-ya-tiene-nuevo-tecnico-comienza-la-era-jhon-bodmer\/#respond\"]}]},{\"@type\":\"WebPage\",\"@id\":\"https:\/\/futbolhoy.co\/index.php\/2025\/03\/05\/equidad-ya-tiene-nuevo-tecnico-comienza-la-era-jhon-bodmer\/\",\"url\":\"https:\/\/futbolhoy.co\/index.php\/2025\/03\/05\/equidad-ya-tiene-nuevo-tecnico-comienza-la-era-jhon-bodmer\/\",\"name\":\"Equidad ya tiene nuevo t\u00e9cnico: comienza la era Jhon Bodmer -\",\"isPartOf\":{\"@id\":\"https:\/\/futbolhoy.co\/#website\"},\"primaryImageOfPage\":{\"@id\":\"https:\/\/futbolhoy.co\/index.php\/2025\/03\/05\/equidad-ya-tiene-nuevo-tecnico-comienza-la-era-jhon-bodmer\/#primaryimage\"},\"image\":{\"@id\":\"https:\/\/futbolhoy.co\/index.php\/2025\/03\/05\/equidad-ya-tiene-nuevo-tecnico-comienza-la-era-jhon-bodmer\/#primaryimage\"},\"thumbnailUrl\":\"https:\/\/futbolhoy.co\/wp-content\/uploads\/2025\/03\/Captura-de-pantalla-2025-03-05-a-las-9.32.05\u202fp.-m.png\",\"datePublished\":\"2025-03-06T02:34:37+00:00\",\"dateModified\":\"2025-03-06T20:02:41+00:00\",\"breadcrumb\":{\"@id\":\"https:\/\/futbolhoy.co\/index.php\/2025\/03\/05\/equidad-ya-tiene-nuevo-tecnico-comienza-la-era-jhon-bodmer\/#breadcrumb\"},\"inLanguage\":\"es\",\"potentialAction\":[{\"@type\":\"ReadAction\",\"target\":[\"https:\/\/futbolhoy.co\/index.php\/2025\/03\/05\/equidad-ya-tiene-nuevo-tecnico-comienza-la-era-jhon-bodmer\/\"]}]},{\"@type\":\"ImageObject\",\"inLanguage\":\"es\",\"@id\":\"https:\/\/futbolhoy.co\/index.php\/2025\/03\/05\/equidad-ya-tiene-nuevo-tecnico-comienza-la-era-jhon-bodmer\/#primaryimage\",\"url\":\"https:\/\/futbolhoy.co\/wp-content\/uploads\/2025\/03\/Captura-de-pantalla-2025-03-05-a-las-9.32.05\u202fp.-m.png\",\"contentUrl\":\"https:\/\/futbolhoy.co\/wp-content\/uploads\/2025\/03\/Captura-de-pantalla-2025-03-05-a-las-9.32.05\u202fp.-m.png\",\"width\":1394,\"height\":930},{\"@type\":\"BreadcrumbList\",\"@id\":\"https:\/\/futbolhoy.co\/index.php\/2025\/03\/05\/equidad-ya-tiene-nuevo-tecnico-comienza-la-era-jhon-bodmer\/#breadcrumb\",\"itemListElement\":[{\"@type\":\"ListItem\",\"position\":1,\"name\":\"Portada\",\"item\":\"https:\/\/futbolhoy.co\/\"},{\"@type\":\"ListItem\",\"position\":2,\"name\":\"Equidad ya tiene nuevo t\u00e9cnico: comienza la era Jhon Bodmer\"}]},{\"@type\":\"WebSite\",\"@id\":\"https:\/\/futbolhoy.co\/#website\",\"url\":\"https:\/\/futbolhoy.co\/\",\"name\":\"FutbolHoy\",\"description\":\"\",\"publisher\":{\"@id\":\"https:\/\/futbolhoy.co\/#organization\"},\"potentialAction\":[{\"@type\":\"SearchAction\",\"target\":{\"@type\":\"EntryPoint\",\"urlTemplate\":\"https:\/\/futbolhoy.co\/?s={search_term_string}\"},\"query-input\":{\"@type\":\"PropertyValueSpecification\",\"valueRequired\":true,\"valueName\":\"search_term_string\"}}],\"inLanguage\":\"es\"},{\"@type\":\"Organization\",\"@id\":\"https:\/\/futbolhoy.co\/#organization\",\"name\":\"Futbolhoy.co\",\"url\":\"https:\/\/futbolhoy.co\/\",\"logo\":{\"@type\":\"ImageObject\",\"inLanguage\":\"es\",\"@id\":\"https:\/\/futbolhoy.co\/#\/schema\/logo\/image\/\",\"url\":\"https:\/\/futbolhoy.co\/wp-content\/uploads\/2018\/08\/17426380_1906371736249227_6326180412931521141_n.jpg\",\"contentUrl\":\"https:\/\/futbolhoy.co\/wp-content\/uploads\/2018\/08\/17426380_1906371736249227_6326180412931521141_n.jpg\",\"width\":960,\"height\":960,\"caption\":\"Futbolhoy.co\"},\"image\":{\"@id\":\"https:\/\/futbolhoy.co\/#\/schema\/logo\/image\/\"},\"sameAs\":[\"https:\/\/www.facebook.com\/FutbolHoyCol\/\",\"https:\/\/x.com\/FutbolHoyCol\",\"https:\/\/www.instagram.com\/futbolhoycol\/\"]},{\"@type\":\"Person\",\"@id\":\"https:\/\/futbolhoy.co\/#\/schema\/person\/1721b69355b6623eaff15ac7b92d4cc3\",\"name\":\"contenido\",\"image\":{\"@type\":\"ImageObject\",\"inLanguage\":\"es\",\"@id\":\"https:\/\/futbolhoy.co\/#\/schema\/person\/image\/\",\"url\":\"https:\/\/secure.gravatar.com\/avatar\/4f656d3256f5134f466206e7c3941518?s=96&d=mm&r=g\",\"contentUrl\":\"https:\/\/secure.gravatar.com\/avatar\/4f656d3256f5134f466206e7c3941518?s=96&d=mm&r=g\",\"caption\":\"contenido\"}}]}<\/script>\n<!-- \/ Yoast SEO plugin. -->","yoast_head_json":{"title":"Equidad ya tiene nuevo t\u00e9cnico: comienza la era Jhon Bodmer -","robots":{"index":"index","follow":"follow","max-snippet":"max-snippet:-1","max-image-preview":"max-image-preview:large","max-video-preview":"max-video-preview:-1"},"canonical":"https:\/\/futbolhoy.co\/index.php\/2025\/03\/05\/equidad-ya-tiene-nuevo-tecnico-comienza-la-era-jhon-bodmer\/","og_locale":"es_ES","og_type":"article","og_title":"Equidad ya tiene nuevo t\u00e9cnico: comienza la era Jhon Bodmer -","og_description":"Jhon Jairo Bodmer tendr\u00e1 una nueva oportunidad como director t\u00e9cnico, luego que este mi\u00e9rcoles fuera confirmado como el reemplazo de Alexis Garc\u00eda en La Equidad. El bogotano recibe a un cuadro asegurador colero y que todav\u00eda no conoce la victoria en esta Liga BetPlay. El entrenador de 43 a\u00f1os llega a La Equidad tras su [&hellip;]","og_url":"https:\/\/futbolhoy.co\/index.php\/2025\/03\/05\/equidad-ya-tiene-nuevo-tecnico-comienza-la-era-jhon-bodmer\/","article_publisher":"https:\/\/www.facebook.com\/FutbolHoyCol\/","article_published_time":"2025-03-06T02:34:37+00:00","article_modified_time":"2025-03-06T20:02:41+00:00","og_image":[{"width":1024,"height":683,"url":"https:\/\/futbolhoy.co\/wp-content\/uploads\/2025\/03\/Captura-de-pantalla-2025-03-05-a-las-9.32.05\u202fp.-m-1024x683.png","type":"image\/png"}],"author":"contenido","twitter_card":"summary_large_image","twitter_creator":"@FutbolHoyCol","twitter_site":"@FutbolHoyCol","twitter_misc":{"Escrito por":"contenido","Tiempo de lectura":"1 minuto"},"schema":{"@context":"https:\/\/schema.org","@graph":[{"@type":"Article","@id":"https:\/\/futbolhoy.co\/index.php\/2025\/03\/05\/equidad-ya-tiene-nuevo-tecnico-comienza-la-era-jhon-bodmer\/#article","isPartOf":{"@id":"https:\/\/futbolhoy.co\/index.php\/2025\/03\/05\/equidad-ya-tiene-nuevo-tecnico-comienza-la-era-jhon-bodmer\/"},"author":{"name":"contenido","@id":"https:\/\/futbolhoy.co\/#\/schema\/person\/1721b69355b6623eaff15ac7b92d4cc3"},"headline":"Equidad ya tiene nuevo t\u00e9cnico: comienza la era Jhon Bodmer","datePublished":"2025-03-06T02:34:37+00:00","dateModified":"2025-03-06T20:02:41+00:00","mainEntityOfPage":{"@id":"https:\/\/futbolhoy.co\/index.php\/2025\/03\/05\/equidad-ya-tiene-nuevo-tecnico-comienza-la-era-jhon-bodmer\/"},"wordCount":249,"commentCount":0,"publisher":{"@id":"https:\/\/futbolhoy.co\/#organization"},"image":{"@id":"https:\/\/futbolhoy.co\/index.php\/2025\/03\/05\/equidad-ya-tiene-nuevo-tecnico-comienza-la-era-jhon-bodmer\/#primaryimage"},"thumbnailUrl":"https:\/\/futbolhoy.co\/wp-content\/uploads\/2025\/03\/Captura-de-pantalla-2025-03-05-a-las-9.32.05\u202fp.-m.png","articleSection":["Liga BetPlay"],"inLanguage":"es","potentialAction":[{"@type":"CommentAction","name":"Comment","target":["https:\/\/futbolhoy.co\/index.php\/2025\/03\/05\/equidad-ya-tiene-nuevo-tecnico-comienza-la-era-jhon-bodmer\/#respond"]}]},{"@type":"WebPage","@id":"https:\/\/futbolhoy.co\/index.php\/2025\/03\/05\/equidad-ya-tiene-nuevo-tecnico-comienza-la-era-jhon-bodmer\/","url":"https:\/\/futbolhoy.co\/index.php\/2025\/03\/05\/equidad-ya-tiene-nuevo-tecnico-comienza-la-era-jhon-bodmer\/","name":"Equidad ya tiene nuevo t\u00e9cnico: comienza la era Jhon Bodmer -","isPartOf":{"@id":"https:\/\/futbolhoy.co\/#website"},"primaryImageOfPage":{"@id":"https:\/\/futbolhoy.co\/index.php\/2025\/03\/05\/equidad-ya-tiene-nuevo-tecnico-comienza-la-era-jhon-bodmer\/#primaryimage"},"image":{"@id":"https:\/\/futbolhoy.co\/index.php\/2025\/03\/05\/equidad-ya-tiene-nuevo-tecnico-comienza-la-era-jhon-bodmer\/#primaryimage"},"thumbnailUrl":"https:\/\/futbolhoy.co\/wp-content\/uploads\/2025\/03\/Captura-de-pantalla-2025-03-05-a-las-9.32.05\u202fp.-m.png","datePublished":"2025-03-06T02:34:37+00:00","dateModified":"2025-03-06T20:02:41+00:00","breadcrumb":{"@id":"https:\/\/futbolhoy.co\/index.php\/2025\/03\/05\/equidad-ya-tiene-nuevo-tecnico-comienza-la-era-jhon-bodmer\/#breadcrumb"},"inLanguage":"es","potentialAction":[{"@type":"ReadAction","target":["https:\/\/futbolhoy.co\/index.php\/2025\/03\/05\/equidad-ya-tiene-nuevo-tecnico-comienza-la-era-jhon-bodmer\/"]}]},{"@type":"ImageObject","inLanguage":"es","@id":"https:\/\/futbolhoy.co\/index.php\/2025\/03\/05\/equidad-ya-tiene-nuevo-tecnico-comienza-la-era-jhon-bodmer\/#primaryimage","url":"https:\/\/futbolhoy.co\/wp-content\/uploads\/2025\/03\/Captura-de-pantalla-2025-03-05-a-las-9.32.05\u202fp.-m.png","contentUrl":"https:\/\/futbolhoy.co\/wp-content\/uploads\/2025\/03\/Captura-de-pantalla-2025-03-05-a-las-9.32.05\u202fp.-m.png","width":1394,"height":930},{"@type":"BreadcrumbList","@id":"https:\/\/futbolhoy.co\/index.php\/2025\/03\/05\/equidad-ya-tiene-nuevo-tecnico-comienza-la-era-jhon-bodmer\/#breadcrumb","itemListElement":[{"@type":"ListItem","position":1,"name":"Portada","item":"https:\/\/futbolhoy.co\/"},{"@type":"ListItem","position":2,"name":"Equidad ya tiene nuevo t\u00e9cnico: comienza la era Jhon Bodmer"}]},{"@type":"WebSite","@id":"https:\/\/futbolhoy.co\/#website","url":"https:\/\/futbolhoy.co\/","name":"FutbolHoy","description":"","publisher":{"@id":"https:\/\/futbolhoy.co\/#organization"},"potentialAction":[{"@type":"SearchAction","target":{"@type":"EntryPoint","urlTemplate":"https:\/\/futbolhoy.co\/?s={search_term_string}"},"query-input":{"@type":"PropertyValueSpecification","valueRequired":true,"valueName":"search_term_string"}}],"inLanguage":"es"},{"@type":"Organization","@id":"https:\/\/futbolhoy.co\/#organization","name":"Futbolhoy.co","url":"https:\/\/futbolhoy.co\/","logo":{"@type":"ImageObject","inLanguage":"es","@id":"https:\/\/futbolhoy.co\/#\/schema\/logo\/image\/","url":"https:\/\/futbolhoy.co\/wp-content\/uploads\/2018\/08\/17426380_1906371736249227_6326180412931521141_n.jpg","contentUrl":"https:\/\/futbolhoy.co\/wp-content\/uploads\/2018\/08\/17426380_1906371736249227_6326180412931521141_n.jpg","width":960,"height":960,"caption":"Futbolhoy.co"},"image":{"@id":"https:\/\/futbolhoy.co\/#\/schema\/logo\/image\/"},"sameAs":["https:\/\/www.facebook.com\/FutbolHoyCol\/","https:\/\/x.com\/FutbolHoyCol","https:\/\/www.instagram.com\/futbolhoycol\/"]},{"@type":"Person","@id":"https:\/\/futbolhoy.co\/#\/schema\/person\/1721b69355b6623eaff15ac7b92d4cc3","name":"contenido","image":{"@type":"ImageObject","inLanguage":"es","@id":"https:\/\/futbolhoy.co\/#\/schema\/person\/image\/","url":"https:\/\/secure.gravatar.com\/avatar\/4f656d3256f5134f466206e7c3941518?s=96&d=mm&r=g","contentUrl":"https:\/\/secure.gravatar.com\/avatar\/4f656d3256f5134f466206e7c3941518?s=96&d=mm&r=g","caption":"contenido"}}]}},"publishpress_future_action":{"enabled":false,"date":"2026-05-04 02:27:03","action":"change-status","newStatus":"draft","terms":[],"taxonomy":"category","extraData":[]},"publishpress_future_workflow_manual_trigger":{"enabledWorkflows":[]},"_links":{"self":[{"href":"https:\/\/futbolhoy.co\/index.php\/wp-json\/wp\/v2\/posts\/117073","targetHints":{"allow":["GET"]}}],"collection":[{"href":"https:\/\/futbolhoy.co\/index.php\/wp-json\/wp\/v2\/posts"}],"about":[{"href":"https:\/\/futbolhoy.co\/index.php\/wp-json\/wp\/v2\/types\/post"}],"author":[{"embeddable":true,"href":"https:\/\/futbolhoy.co\/index.php\/wp-json\/wp\/v2\/users\/4"}],"replies":[{"embeddable":true,"href":"https:\/\/futbolhoy.co\/index.php\/wp-json\/wp\/v2\/comments?post=117073"}],"version-history":[{"count":2,"href":"https:\/\/futbolhoy.co\/index.php\/wp-json\/wp\/v2\/posts\/117073\/revisions"}],"predecessor-version":[{"id":117095,"href":"https:\/\/futbolhoy.co\/index.php\/wp-json\/wp\/v2\/posts\/117073\/revisions\/117095"}],"wp:featuredmedia":[{"embeddable":true,"href":"https:\/\/futbolhoy.co\/index.php\/wp-json\/wp\/v2\/media\/117074"}],"wp:attachment":[{"href":"https:\/\/futbolhoy.co\/index.php\/wp-json\/wp\/v2\/media?parent=117073"}],"wp:term":[{"taxonomy":"category","embeddable":true,"href":"https:\/\/futbolhoy.co\/index.php\/wp-json\/wp\/v2\/categories?post=117073"},{"taxonomy":"post_tag","embeddable":true,"href":"https:\/\/futbolhoy.co\/index.php\/wp-json\/wp\/v2\/tags?post=117073"}],"curies":[{"name":"wp","href":"https:\/\/api.w.org\/{rel}","templated":true}]}}