{"id":117089,"date":"2025-03-06T09:37:02","date_gmt":"2025-03-06T14:37:02","guid":{"rendered":"https:\/\/futbolhoy.co\/?p=117089"},"modified":"2025-03-07T09:40:11","modified_gmt":"2025-03-07T14:40:11","slug":"brasil-confirmo-los-convocados-para-enfrentar-a-colombia-y-argentina","status":"publish","type":"post","link":"https:\/\/futbolhoy.co\/index.php\/2025\/03\/06\/brasil-confirmo-los-convocados-para-enfrentar-a-colombia-y-argentina\/","title":{"rendered":"Brasil confirm\u00f3 los convocados para enfrentar a Colombia y Argentina"},"content":{"rendered":"<p style=\"text-align: justify;\"><span style=\"font-weight: 400; font-family: helvetica, arial, sans-serif;\"><strong>Se acerca la pr\u00f3xima fecha de Eliminatorias al Mundial de 2026<\/strong> y la Selecci\u00f3n de Brasil fue la primera en anunciar a sus jugadores convocados para la jornada que iniciar\u00e1 el pr\u00f3ximo 20 de marzo, en la que enfrentar\u00e1 a Colombia y Argentina.<\/span><\/p>\n<p style=\"text-align: justify;\"><span style=\"font-weight: 400; font-family: helvetica, arial, sans-serif;\"><strong>El t\u00e9cnico Dorival Junior anunci\u00f3 el regreso de Neymar<\/strong> a la convocatoria de la canarinha, en una lista de 23 jugadores, para recibir a <strong>Colombia en el Man\u00e9 Garrincha<\/strong> y visitar a Argentina en el Monumental.<\/span><\/p>\n<p style=\"text-align: justify;\"><strong><span style=\"font-family: helvetica, arial, sans-serif;\">Los convocados por Brasil<\/span><\/strong><\/p>\n<p style=\"text-align: justify;\"><span style=\"font-weight: 400; font-family: helvetica, arial, sans-serif;\">Arqueros: <strong>Alisson<\/strong> (Liverpool), Bento (Al-Nassr), Ederson (Manchester City).<\/span><\/p>\n<p style=\"text-align: justify;\"><span style=\"font-weight: 400; font-family: helvetica, arial, sans-serif;\"><strong>Defensas: Danilo (Flamengo),<\/strong> Gabriel Magalhaes (Arsenal), L\u00e9o Ortiz (Flamengo), Marquinhos (PSG), Murillo (Nottingham Forest), Guilherme Arana (Atl\u00e9tico Mineiro), Vanderson (M\u00f3naco), Wesley (Flamengo).<\/span><\/p>\n<p style=\"text-align: justify;\"><span style=\"font-weight: 400; font-family: helvetica, arial, sans-serif;\">Volantes: Andr\u00e9 (Wolverhampton), Bruno Guimaraes (Newcastle), Gerson (Flamengo), Joelinton (Newcastle), Matheus Cunha (Wolverhampton),<strong> Neymar (Santos).<\/strong><\/span><\/p>\n<p style=\"text-align: justify;\"><span style=\"font-weight: 400; font-family: helvetica, arial, sans-serif;\"><strong>Delanteros: Estevao (Palmeiras), Joao Pedro (Brighton),<\/strong> Raphinha (Barcelona), Rodrygo (Real Madrid), Savinho (Manchester City), Vinicius Jr. (Real Madrid).<\/span><\/p>\n","protected":false},"excerpt":{"rendered":"<p>Se acerca la pr\u00f3xima fecha de Eliminatorias al Mundial de 2026 y la Selecci\u00f3n de Brasil fue la primera en anunciar a sus jugadores convocados para la jornada que iniciar\u00e1 el pr\u00f3ximo 20 de marzo, en la que enfrentar\u00e1 a Colombia y Argentina. El t\u00e9cnico Dorival Junior anunci\u00f3 el regreso de Neymar a la convocatoria [&hellip;]<\/p>\n","protected":false},"author":4,"featured_media":117090,"comment_status":"open","ping_status":"open","sticky":false,"template":"","format":"standard","meta":{"_acf_changed":false,"footnotes":""},"categories":[153],"tags":[],"class_list":{"0":"post-117089","1":"post","2":"type-post","3":"status-publish","4":"format-standard","5":"has-post-thumbnail","7":"category-selecion-colombia"},"acf":[],"yoast_head":"<!-- This site is optimized with the Yoast SEO plugin v26.8 - https:\/\/yoast.com\/product\/yoast-seo-wordpress\/ -->\n<title>Brasil confirm\u00f3 los convocados para enfrentar a Colombia y Argentina -<\/title>\n<meta name=\"robots\" content=\"index, follow, max-snippet:-1, max-image-preview:large, max-video-preview:-1\" \/>\n<link rel=\"canonical\" href=\"https:\/\/futbolhoy.co\/index.php\/2025\/03\/06\/brasil-confirmo-los-convocados-para-enfrentar-a-colombia-y-argentina\/\" \/>\n<meta property=\"og:locale\" content=\"es_ES\" \/>\n<meta property=\"og:type\" content=\"article\" \/>\n<meta property=\"og:title\" content=\"Brasil confirm\u00f3 los convocados para enfrentar a Colombia y Argentina -\" \/>\n<meta property=\"og:description\" content=\"Se acerca la pr\u00f3xima fecha de Eliminatorias al Mundial de 2026 y la Selecci\u00f3n de Brasil fue la primera en anunciar a sus jugadores convocados para la jornada que iniciar\u00e1 el pr\u00f3ximo 20 de marzo, en la que enfrentar\u00e1 a Colombia y Argentina. El t\u00e9cnico Dorival Junior anunci\u00f3 el regreso de Neymar a la convocatoria [&hellip;]\" \/>\n<meta property=\"og:url\" content=\"https:\/\/futbolhoy.co\/index.php\/2025\/03\/06\/brasil-confirmo-los-convocados-para-enfrentar-a-colombia-y-argentina\/\" \/>\n<meta property=\"article:publisher\" content=\"https:\/\/www.facebook.com\/FutbolHoyCol\/\" \/>\n<meta property=\"article:published_time\" content=\"2025-03-06T14:37:02+00:00\" \/>\n<meta property=\"article:modified_time\" content=\"2025-03-07T14:40:11+00:00\" \/>\n<meta property=\"og:image\" content=\"https:\/\/futbolhoy.co\/wp-content\/uploads\/2025\/03\/Captura-de-pantalla-2025-03-06-a-las-9.35.06\u202fa.-m-1024x667.png\" \/>\n\t<meta property=\"og:image:width\" content=\"1024\" \/>\n\t<meta property=\"og:image:height\" content=\"667\" \/>\n\t<meta property=\"og:image:type\" content=\"image\/png\" \/>\n<meta name=\"author\" content=\"contenido\" \/>\n<meta name=\"twitter:card\" content=\"summary_large_image\" \/>\n<meta name=\"twitter:creator\" content=\"@FutbolHoyCol\" \/>\n<meta name=\"twitter:site\" content=\"@FutbolHoyCol\" \/>\n<meta name=\"twitter:label1\" content=\"Escrito por\" \/>\n\t<meta name=\"twitter:data1\" content=\"contenido\" \/>\n\t<meta name=\"twitter:label2\" content=\"Tiempo de lectura\" \/>\n\t<meta name=\"twitter:data2\" content=\"1 minuto\" \/>\n<script type=\"application\/ld+json\" class=\"yoast-schema-graph\">{\"@context\":\"https:\/\/schema.org\",\"@graph\":[{\"@type\":\"Article\",\"@id\":\"https:\/\/futbolhoy.co\/index.php\/2025\/03\/06\/brasil-confirmo-los-convocados-para-enfrentar-a-colombia-y-argentina\/#article\",\"isPartOf\":{\"@id\":\"https:\/\/futbolhoy.co\/index.php\/2025\/03\/06\/brasil-confirmo-los-convocados-para-enfrentar-a-colombia-y-argentina\/\"},\"author\":{\"name\":\"contenido\",\"@id\":\"https:\/\/futbolhoy.co\/#\/schema\/person\/1721b69355b6623eaff15ac7b92d4cc3\"},\"headline\":\"Brasil confirm\u00f3 los convocados para enfrentar a Colombia y Argentina\",\"datePublished\":\"2025-03-06T14:37:02+00:00\",\"dateModified\":\"2025-03-07T14:40:11+00:00\",\"mainEntityOfPage\":{\"@id\":\"https:\/\/futbolhoy.co\/index.php\/2025\/03\/06\/brasil-confirmo-los-convocados-para-enfrentar-a-colombia-y-argentina\/\"},\"wordCount\":160,\"commentCount\":0,\"publisher\":{\"@id\":\"https:\/\/futbolhoy.co\/#organization\"},\"image\":{\"@id\":\"https:\/\/futbolhoy.co\/index.php\/2025\/03\/06\/brasil-confirmo-los-convocados-para-enfrentar-a-colombia-y-argentina\/#primaryimage\"},\"thumbnailUrl\":\"https:\/\/futbolhoy.co\/wp-content\/uploads\/2025\/03\/Captura-de-pantalla-2025-03-06-a-las-9.35.06\u202fa.-m.png\",\"articleSection\":[\"Selecci\u00f3n Colombia\"],\"inLanguage\":\"es\",\"potentialAction\":[{\"@type\":\"CommentAction\",\"name\":\"Comment\",\"target\":[\"https:\/\/futbolhoy.co\/index.php\/2025\/03\/06\/brasil-confirmo-los-convocados-para-enfrentar-a-colombia-y-argentina\/#respond\"]}]},{\"@type\":\"WebPage\",\"@id\":\"https:\/\/futbolhoy.co\/index.php\/2025\/03\/06\/brasil-confirmo-los-convocados-para-enfrentar-a-colombia-y-argentina\/\",\"url\":\"https:\/\/futbolhoy.co\/index.php\/2025\/03\/06\/brasil-confirmo-los-convocados-para-enfrentar-a-colombia-y-argentina\/\",\"name\":\"Brasil confirm\u00f3 los convocados para enfrentar a Colombia y Argentina -\",\"isPartOf\":{\"@id\":\"https:\/\/futbolhoy.co\/#website\"},\"primaryImageOfPage\":{\"@id\":\"https:\/\/futbolhoy.co\/index.php\/2025\/03\/06\/brasil-confirmo-los-convocados-para-enfrentar-a-colombia-y-argentina\/#primaryimage\"},\"image\":{\"@id\":\"https:\/\/futbolhoy.co\/index.php\/2025\/03\/06\/brasil-confirmo-los-convocados-para-enfrentar-a-colombia-y-argentina\/#primaryimage\"},\"thumbnailUrl\":\"https:\/\/futbolhoy.co\/wp-content\/uploads\/2025\/03\/Captura-de-pantalla-2025-03-06-a-las-9.35.06\u202fa.-m.png\",\"datePublished\":\"2025-03-06T14:37:02+00:00\",\"dateModified\":\"2025-03-07T14:40:11+00:00\",\"breadcrumb\":{\"@id\":\"https:\/\/futbolhoy.co\/index.php\/2025\/03\/06\/brasil-confirmo-los-convocados-para-enfrentar-a-colombia-y-argentina\/#breadcrumb\"},\"inLanguage\":\"es\",\"potentialAction\":[{\"@type\":\"ReadAction\",\"target\":[\"https:\/\/futbolhoy.co\/index.php\/2025\/03\/06\/brasil-confirmo-los-convocados-para-enfrentar-a-colombia-y-argentina\/\"]}]},{\"@type\":\"ImageObject\",\"inLanguage\":\"es\",\"@id\":\"https:\/\/futbolhoy.co\/index.php\/2025\/03\/06\/brasil-confirmo-los-convocados-para-enfrentar-a-colombia-y-argentina\/#primaryimage\",\"url\":\"https:\/\/futbolhoy.co\/wp-content\/uploads\/2025\/03\/Captura-de-pantalla-2025-03-06-a-las-9.35.06\u202fa.-m.png\",\"contentUrl\":\"https:\/\/futbolhoy.co\/wp-content\/uploads\/2025\/03\/Captura-de-pantalla-2025-03-06-a-las-9.35.06\u202fa.-m.png\",\"width\":2076,\"height\":1352},{\"@type\":\"BreadcrumbList\",\"@id\":\"https:\/\/futbolhoy.co\/index.php\/2025\/03\/06\/brasil-confirmo-los-convocados-para-enfrentar-a-colombia-y-argentina\/#breadcrumb\",\"itemListElement\":[{\"@type\":\"ListItem\",\"position\":1,\"name\":\"Portada\",\"item\":\"https:\/\/futbolhoy.co\/\"},{\"@type\":\"ListItem\",\"position\":2,\"name\":\"Brasil confirm\u00f3 los convocados para enfrentar a Colombia y Argentina\"}]},{\"@type\":\"WebSite\",\"@id\":\"https:\/\/futbolhoy.co\/#website\",\"url\":\"https:\/\/futbolhoy.co\/\",\"name\":\"FutbolHoy\",\"description\":\"\",\"publisher\":{\"@id\":\"https:\/\/futbolhoy.co\/#organization\"},\"potentialAction\":[{\"@type\":\"SearchAction\",\"target\":{\"@type\":\"EntryPoint\",\"urlTemplate\":\"https:\/\/futbolhoy.co\/?s={search_term_string}\"},\"query-input\":{\"@type\":\"PropertyValueSpecification\",\"valueRequired\":true,\"valueName\":\"search_term_string\"}}],\"inLanguage\":\"es\"},{\"@type\":\"Organization\",\"@id\":\"https:\/\/futbolhoy.co\/#organization\",\"name\":\"Futbolhoy.co\",\"url\":\"https:\/\/futbolhoy.co\/\",\"logo\":{\"@type\":\"ImageObject\",\"inLanguage\":\"es\",\"@id\":\"https:\/\/futbolhoy.co\/#\/schema\/logo\/image\/\",\"url\":\"https:\/\/futbolhoy.co\/wp-content\/uploads\/2018\/08\/17426380_1906371736249227_6326180412931521141_n.jpg\",\"contentUrl\":\"https:\/\/futbolhoy.co\/wp-content\/uploads\/2018\/08\/17426380_1906371736249227_6326180412931521141_n.jpg\",\"width\":960,\"height\":960,\"caption\":\"Futbolhoy.co\"},\"image\":{\"@id\":\"https:\/\/futbolhoy.co\/#\/schema\/logo\/image\/\"},\"sameAs\":[\"https:\/\/www.facebook.com\/FutbolHoyCol\/\",\"https:\/\/x.com\/FutbolHoyCol\",\"https:\/\/www.instagram.com\/futbolhoycol\/\"]},{\"@type\":\"Person\",\"@id\":\"https:\/\/futbolhoy.co\/#\/schema\/person\/1721b69355b6623eaff15ac7b92d4cc3\",\"name\":\"contenido\",\"image\":{\"@type\":\"ImageObject\",\"inLanguage\":\"es\",\"@id\":\"https:\/\/futbolhoy.co\/#\/schema\/person\/image\/\",\"url\":\"https:\/\/secure.gravatar.com\/avatar\/4f656d3256f5134f466206e7c3941518?s=96&d=mm&r=g\",\"contentUrl\":\"https:\/\/secure.gravatar.com\/avatar\/4f656d3256f5134f466206e7c3941518?s=96&d=mm&r=g\",\"caption\":\"contenido\"}}]}<\/script>\n<!-- \/ Yoast SEO plugin. -->","yoast_head_json":{"title":"Brasil confirm\u00f3 los convocados para enfrentar a Colombia y Argentina -","robots":{"index":"index","follow":"follow","max-snippet":"max-snippet:-1","max-image-preview":"max-image-preview:large","max-video-preview":"max-video-preview:-1"},"canonical":"https:\/\/futbolhoy.co\/index.php\/2025\/03\/06\/brasil-confirmo-los-convocados-para-enfrentar-a-colombia-y-argentina\/","og_locale":"es_ES","og_type":"article","og_title":"Brasil confirm\u00f3 los convocados para enfrentar a Colombia y Argentina -","og_description":"Se acerca la pr\u00f3xima fecha de Eliminatorias al Mundial de 2026 y la Selecci\u00f3n de Brasil fue la primera en anunciar a sus jugadores convocados para la jornada que iniciar\u00e1 el pr\u00f3ximo 20 de marzo, en la que enfrentar\u00e1 a Colombia y Argentina. El t\u00e9cnico Dorival Junior anunci\u00f3 el regreso de Neymar a la convocatoria [&hellip;]","og_url":"https:\/\/futbolhoy.co\/index.php\/2025\/03\/06\/brasil-confirmo-los-convocados-para-enfrentar-a-colombia-y-argentina\/","article_publisher":"https:\/\/www.facebook.com\/FutbolHoyCol\/","article_published_time":"2025-03-06T14:37:02+00:00","article_modified_time":"2025-03-07T14:40:11+00:00","og_image":[{"width":1024,"height":667,"url":"https:\/\/futbolhoy.co\/wp-content\/uploads\/2025\/03\/Captura-de-pantalla-2025-03-06-a-las-9.35.06\u202fa.-m-1024x667.png","type":"image\/png"}],"author":"contenido","twitter_card":"summary_large_image","twitter_creator":"@FutbolHoyCol","twitter_site":"@FutbolHoyCol","twitter_misc":{"Escrito por":"contenido","Tiempo de lectura":"1 minuto"},"schema":{"@context":"https:\/\/schema.org","@graph":[{"@type":"Article","@id":"https:\/\/futbolhoy.co\/index.php\/2025\/03\/06\/brasil-confirmo-los-convocados-para-enfrentar-a-colombia-y-argentina\/#article","isPartOf":{"@id":"https:\/\/futbolhoy.co\/index.php\/2025\/03\/06\/brasil-confirmo-los-convocados-para-enfrentar-a-colombia-y-argentina\/"},"author":{"name":"contenido","@id":"https:\/\/futbolhoy.co\/#\/schema\/person\/1721b69355b6623eaff15ac7b92d4cc3"},"headline":"Brasil confirm\u00f3 los convocados para enfrentar a Colombia y Argentina","datePublished":"2025-03-06T14:37:02+00:00","dateModified":"2025-03-07T14:40:11+00:00","mainEntityOfPage":{"@id":"https:\/\/futbolhoy.co\/index.php\/2025\/03\/06\/brasil-confirmo-los-convocados-para-enfrentar-a-colombia-y-argentina\/"},"wordCount":160,"commentCount":0,"publisher":{"@id":"https:\/\/futbolhoy.co\/#organization"},"image":{"@id":"https:\/\/futbolhoy.co\/index.php\/2025\/03\/06\/brasil-confirmo-los-convocados-para-enfrentar-a-colombia-y-argentina\/#primaryimage"},"thumbnailUrl":"https:\/\/futbolhoy.co\/wp-content\/uploads\/2025\/03\/Captura-de-pantalla-2025-03-06-a-las-9.35.06\u202fa.-m.png","articleSection":["Selecci\u00f3n Colombia"],"inLanguage":"es","potentialAction":[{"@type":"CommentAction","name":"Comment","target":["https:\/\/futbolhoy.co\/index.php\/2025\/03\/06\/brasil-confirmo-los-convocados-para-enfrentar-a-colombia-y-argentina\/#respond"]}]},{"@type":"WebPage","@id":"https:\/\/futbolhoy.co\/index.php\/2025\/03\/06\/brasil-confirmo-los-convocados-para-enfrentar-a-colombia-y-argentina\/","url":"https:\/\/futbolhoy.co\/index.php\/2025\/03\/06\/brasil-confirmo-los-convocados-para-enfrentar-a-colombia-y-argentina\/","name":"Brasil confirm\u00f3 los convocados para enfrentar a Colombia y Argentina -","isPartOf":{"@id":"https:\/\/futbolhoy.co\/#website"},"primaryImageOfPage":{"@id":"https:\/\/futbolhoy.co\/index.php\/2025\/03\/06\/brasil-confirmo-los-convocados-para-enfrentar-a-colombia-y-argentina\/#primaryimage"},"image":{"@id":"https:\/\/futbolhoy.co\/index.php\/2025\/03\/06\/brasil-confirmo-los-convocados-para-enfrentar-a-colombia-y-argentina\/#primaryimage"},"thumbnailUrl":"https:\/\/futbolhoy.co\/wp-content\/uploads\/2025\/03\/Captura-de-pantalla-2025-03-06-a-las-9.35.06\u202fa.-m.png","datePublished":"2025-03-06T14:37:02+00:00","dateModified":"2025-03-07T14:40:11+00:00","breadcrumb":{"@id":"https:\/\/futbolhoy.co\/index.php\/2025\/03\/06\/brasil-confirmo-los-convocados-para-enfrentar-a-colombia-y-argentina\/#breadcrumb"},"inLanguage":"es","potentialAction":[{"@type":"ReadAction","target":["https:\/\/futbolhoy.co\/index.php\/2025\/03\/06\/brasil-confirmo-los-convocados-para-enfrentar-a-colombia-y-argentina\/"]}]},{"@type":"ImageObject","inLanguage":"es","@id":"https:\/\/futbolhoy.co\/index.php\/2025\/03\/06\/brasil-confirmo-los-convocados-para-enfrentar-a-colombia-y-argentina\/#primaryimage","url":"https:\/\/futbolhoy.co\/wp-content\/uploads\/2025\/03\/Captura-de-pantalla-2025-03-06-a-las-9.35.06\u202fa.-m.png","contentUrl":"https:\/\/futbolhoy.co\/wp-content\/uploads\/2025\/03\/Captura-de-pantalla-2025-03-06-a-las-9.35.06\u202fa.-m.png","width":2076,"height":1352},{"@type":"BreadcrumbList","@id":"https:\/\/futbolhoy.co\/index.php\/2025\/03\/06\/brasil-confirmo-los-convocados-para-enfrentar-a-colombia-y-argentina\/#breadcrumb","itemListElement":[{"@type":"ListItem","position":1,"name":"Portada","item":"https:\/\/futbolhoy.co\/"},{"@type":"ListItem","position":2,"name":"Brasil confirm\u00f3 los convocados para enfrentar a Colombia y Argentina"}]},{"@type":"WebSite","@id":"https:\/\/futbolhoy.co\/#website","url":"https:\/\/futbolhoy.co\/","name":"FutbolHoy","description":"","publisher":{"@id":"https:\/\/futbolhoy.co\/#organization"},"potentialAction":[{"@type":"SearchAction","target":{"@type":"EntryPoint","urlTemplate":"https:\/\/futbolhoy.co\/?s={search_term_string}"},"query-input":{"@type":"PropertyValueSpecification","valueRequired":true,"valueName":"search_term_string"}}],"inLanguage":"es"},{"@type":"Organization","@id":"https:\/\/futbolhoy.co\/#organization","name":"Futbolhoy.co","url":"https:\/\/futbolhoy.co\/","logo":{"@type":"ImageObject","inLanguage":"es","@id":"https:\/\/futbolhoy.co\/#\/schema\/logo\/image\/","url":"https:\/\/futbolhoy.co\/wp-content\/uploads\/2018\/08\/17426380_1906371736249227_6326180412931521141_n.jpg","contentUrl":"https:\/\/futbolhoy.co\/wp-content\/uploads\/2018\/08\/17426380_1906371736249227_6326180412931521141_n.jpg","width":960,"height":960,"caption":"Futbolhoy.co"},"image":{"@id":"https:\/\/futbolhoy.co\/#\/schema\/logo\/image\/"},"sameAs":["https:\/\/www.facebook.com\/FutbolHoyCol\/","https:\/\/x.com\/FutbolHoyCol","https:\/\/www.instagram.com\/futbolhoycol\/"]},{"@type":"Person","@id":"https:\/\/futbolhoy.co\/#\/schema\/person\/1721b69355b6623eaff15ac7b92d4cc3","name":"contenido","image":{"@type":"ImageObject","inLanguage":"es","@id":"https:\/\/futbolhoy.co\/#\/schema\/person\/image\/","url":"https:\/\/secure.gravatar.com\/avatar\/4f656d3256f5134f466206e7c3941518?s=96&d=mm&r=g","contentUrl":"https:\/\/secure.gravatar.com\/avatar\/4f656d3256f5134f466206e7c3941518?s=96&d=mm&r=g","caption":"contenido"}}]}},"publishpress_future_action":{"enabled":false,"date":"2026-05-03 20:48:14","action":"change-status","newStatus":"draft","terms":[],"taxonomy":"category","extraData":[]},"publishpress_future_workflow_manual_trigger":{"enabledWorkflows":[]},"_links":{"self":[{"href":"https:\/\/futbolhoy.co\/index.php\/wp-json\/wp\/v2\/posts\/117089","targetHints":{"allow":["GET"]}}],"collection":[{"href":"https:\/\/futbolhoy.co\/index.php\/wp-json\/wp\/v2\/posts"}],"about":[{"href":"https:\/\/futbolhoy.co\/index.php\/wp-json\/wp\/v2\/types\/post"}],"author":[{"embeddable":true,"href":"https:\/\/futbolhoy.co\/index.php\/wp-json\/wp\/v2\/users\/4"}],"replies":[{"embeddable":true,"href":"https:\/\/futbolhoy.co\/index.php\/wp-json\/wp\/v2\/comments?post=117089"}],"version-history":[{"count":1,"href":"https:\/\/futbolhoy.co\/index.php\/wp-json\/wp\/v2\/posts\/117089\/revisions"}],"predecessor-version":[{"id":117091,"href":"https:\/\/futbolhoy.co\/index.php\/wp-json\/wp\/v2\/posts\/117089\/revisions\/117091"}],"wp:featuredmedia":[{"embeddable":true,"href":"https:\/\/futbolhoy.co\/index.php\/wp-json\/wp\/v2\/media\/117090"}],"wp:attachment":[{"href":"https:\/\/futbolhoy.co\/index.php\/wp-json\/wp\/v2\/media?parent=117089"}],"wp:term":[{"taxonomy":"category","embeddable":true,"href":"https:\/\/futbolhoy.co\/index.php\/wp-json\/wp\/v2\/categories?post=117089"},{"taxonomy":"post_tag","embeddable":true,"href":"https:\/\/futbolhoy.co\/index.php\/wp-json\/wp\/v2\/tags?post=117089"}],"curies":[{"name":"wp","href":"https:\/\/api.w.org\/{rel}","templated":true}]}}