{"id":117096,"date":"2025-03-06T15:08:33","date_gmt":"2025-03-06T20:08:33","guid":{"rendered":"https:\/\/futbolhoy.co\/?p=117096"},"modified":"2025-03-07T13:34:54","modified_gmt":"2025-03-07T18:34:54","slug":"fifa-anuncia-el-ano-para-el-primer-mundial-de-clubes-femenino","status":"publish","type":"post","link":"https:\/\/futbolhoy.co\/index.php\/2025\/03\/06\/fifa-anuncia-el-ano-para-el-primer-mundial-de-clubes-femenino\/","title":{"rendered":"FIFA anuncia el a\u00f1o para el primer Mundial de Clubes femenino"},"content":{"rendered":"<p style=\"text-align: justify;\"><span style=\"font-family: helvetica, arial, sans-serif;\">La <strong>FIFA<\/strong> anunci\u00f3 este mi\u00e9rcoles que la primera edici\u00f3n del <strong>Mundial de clubes femenino<\/strong> se celebrar\u00e1 finalmente en 2028, con 19 equipos, y la creaci\u00f3n de una <strong>Copa de Campeones<\/strong> femenina anual, salvo cuando se celebre el anterior, cuya primera edici\u00f3n ser\u00e1 en 2026 con los seis ganadores de cada confederaci\u00f3n.<\/span><\/p>\n<p style=\"text-align: justify;\"><span style=\"font-family: helvetica, arial, sans-serif;\">La creaci\u00f3n del Mundial de Clubes femenino fue anunciada por la FIFA<strong> en mayo del a\u00f1o pasado<\/strong> con la intenci\u00f3n de que se jugase por primera vez entre enero y febrero de 2026, pero finalmente la competici\u00f3n <strong>retrasar\u00e1 su debut hasta 2028 con un total de 19 clubes.<\/strong><\/span><\/p>\n<p style=\"text-align: justify;\"><span style=\"font-family: helvetica, arial, sans-serif;\">Seis de ellos participar\u00e1n en la <strong>fase de play-in<\/strong>, y los tres ganadores se unir\u00e1n a otros 13 clubes clasificados directamente en la siguiente fase, que constar\u00e1 de cuatro grupos de cuatro, en los que los dos primeros de cada uno de ellos avanzar\u00e1n a la fase eliminatoria.<\/span><\/p>\n<p style=\"text-align: justify;\"><span style=\"font-family: helvetica, arial, sans-serif;\">Esos trece equipos que se clasificar\u00e1n directamente ser\u00e1n <strong>5 de UEFA, 2 de Asia (AFC), 2 de \u00c1frica (CAF), 2 de Am\u00e9rica Central y del norte (CONCAFAF), 2 de Sudam\u00e9rica (CONMEBOL)<\/strong> y o Ocean\u00eda (OFC) y 6 de cada confederaci\u00f3n jugar\u00e1n una eliminatoria de la que saldr\u00e1n 3 clasificados para la fase de grupos.<\/span><\/p>\n<p style=\"text-align: justify;\"><span style=\"font-family: helvetica, arial, sans-serif;\">Esta fase constar\u00e1 de 4 grupos de 4 equipos cada uno y<strong> a su t\u00e9rmino los 2 primeros de cada grupo pasar\u00e1n a cuartos de final<\/strong> (1A-2B, 1C- 2D, 1B-2A y 1D-2C).<\/span><\/p>\n<p style=\"text-align: justify;\">Las fechas y la sede del torneo todav\u00eda no han sido decididas, <strong>as\u00ed como los premios<\/strong>.<\/p>\n","protected":false},"excerpt":{"rendered":"<p>La FIFA anunci\u00f3 este mi\u00e9rcoles que la primera edici\u00f3n del Mundial de clubes femenino se celebrar\u00e1 finalmente en 2028, con 19 equipos, y la creaci\u00f3n de una Copa de Campeones femenina anual, salvo cuando se celebre el anterior, cuya primera edici\u00f3n ser\u00e1 en 2026 con los seis ganadores de cada confederaci\u00f3n. La creaci\u00f3n del Mundial [&hellip;]<\/p>\n","protected":false},"author":4,"featured_media":117097,"comment_status":"open","ping_status":"open","sticky":false,"template":"","format":"standard","meta":{"_acf_changed":false,"footnotes":""},"categories":[152],"tags":[],"class_list":{"0":"post-117096","1":"post","2":"type-post","3":"status-publish","4":"format-standard","5":"has-post-thumbnail","7":"category-mundo-futbol"},"acf":[],"yoast_head":"<!-- This site is optimized with the Yoast SEO plugin v26.8 - https:\/\/yoast.com\/product\/yoast-seo-wordpress\/ -->\n<title>FIFA anuncia el a\u00f1o para el primer Mundial de Clubes femenino -<\/title>\n<meta name=\"robots\" content=\"index, follow, max-snippet:-1, max-image-preview:large, max-video-preview:-1\" \/>\n<link rel=\"canonical\" href=\"https:\/\/futbolhoy.co\/index.php\/2025\/03\/06\/fifa-anuncia-el-ano-para-el-primer-mundial-de-clubes-femenino\/\" \/>\n<meta property=\"og:locale\" content=\"es_ES\" \/>\n<meta property=\"og:type\" content=\"article\" \/>\n<meta property=\"og:title\" content=\"FIFA anuncia el a\u00f1o para el primer Mundial de Clubes femenino -\" \/>\n<meta property=\"og:description\" content=\"La FIFA anunci\u00f3 este mi\u00e9rcoles que la primera edici\u00f3n del Mundial de clubes femenino se celebrar\u00e1 finalmente en 2028, con 19 equipos, y la creaci\u00f3n de una Copa de Campeones femenina anual, salvo cuando se celebre el anterior, cuya primera edici\u00f3n ser\u00e1 en 2026 con los seis ganadores de cada confederaci\u00f3n. La creaci\u00f3n del Mundial [&hellip;]\" \/>\n<meta property=\"og:url\" content=\"https:\/\/futbolhoy.co\/index.php\/2025\/03\/06\/fifa-anuncia-el-ano-para-el-primer-mundial-de-clubes-femenino\/\" \/>\n<meta property=\"article:publisher\" content=\"https:\/\/www.facebook.com\/FutbolHoyCol\/\" \/>\n<meta property=\"article:published_time\" content=\"2025-03-06T20:08:33+00:00\" \/>\n<meta property=\"article:modified_time\" content=\"2025-03-07T18:34:54+00:00\" \/>\n<meta property=\"og:image\" content=\"https:\/\/futbolhoy.co\/wp-content\/uploads\/2025\/03\/GlYGqaMWkAEQvyq-scaled.jpg\" \/>\n\t<meta property=\"og:image:width\" content=\"2560\" \/>\n\t<meta property=\"og:image:height\" content=\"1675\" \/>\n\t<meta property=\"og:image:type\" content=\"image\/jpeg\" \/>\n<meta name=\"author\" content=\"contenido\" \/>\n<meta name=\"twitter:card\" content=\"summary_large_image\" \/>\n<meta name=\"twitter:creator\" content=\"@FutbolHoyCol\" \/>\n<meta name=\"twitter:site\" content=\"@FutbolHoyCol\" \/>\n<meta name=\"twitter:label1\" content=\"Escrito por\" \/>\n\t<meta name=\"twitter:data1\" content=\"contenido\" \/>\n\t<meta name=\"twitter:label2\" content=\"Tiempo de lectura\" \/>\n\t<meta name=\"twitter:data2\" content=\"1 minuto\" \/>\n<script type=\"application\/ld+json\" class=\"yoast-schema-graph\">{\"@context\":\"https:\/\/schema.org\",\"@graph\":[{\"@type\":\"Article\",\"@id\":\"https:\/\/futbolhoy.co\/index.php\/2025\/03\/06\/fifa-anuncia-el-ano-para-el-primer-mundial-de-clubes-femenino\/#article\",\"isPartOf\":{\"@id\":\"https:\/\/futbolhoy.co\/index.php\/2025\/03\/06\/fifa-anuncia-el-ano-para-el-primer-mundial-de-clubes-femenino\/\"},\"author\":{\"name\":\"contenido\",\"@id\":\"https:\/\/futbolhoy.co\/#\/schema\/person\/1721b69355b6623eaff15ac7b92d4cc3\"},\"headline\":\"FIFA anuncia el a\u00f1o para el primer Mundial de Clubes femenino\",\"datePublished\":\"2025-03-06T20:08:33+00:00\",\"dateModified\":\"2025-03-07T18:34:54+00:00\",\"mainEntityOfPage\":{\"@id\":\"https:\/\/futbolhoy.co\/index.php\/2025\/03\/06\/fifa-anuncia-el-ano-para-el-primer-mundial-de-clubes-femenino\/\"},\"wordCount\":270,\"commentCount\":0,\"publisher\":{\"@id\":\"https:\/\/futbolhoy.co\/#organization\"},\"image\":{\"@id\":\"https:\/\/futbolhoy.co\/index.php\/2025\/03\/06\/fifa-anuncia-el-ano-para-el-primer-mundial-de-clubes-femenino\/#primaryimage\"},\"thumbnailUrl\":\"https:\/\/futbolhoy.co\/wp-content\/uploads\/2025\/03\/GlYGqaMWkAEQvyq-scaled.jpg\",\"articleSection\":[\"Mundo Futbol\"],\"inLanguage\":\"es\",\"potentialAction\":[{\"@type\":\"CommentAction\",\"name\":\"Comment\",\"target\":[\"https:\/\/futbolhoy.co\/index.php\/2025\/03\/06\/fifa-anuncia-el-ano-para-el-primer-mundial-de-clubes-femenino\/#respond\"]}]},{\"@type\":\"WebPage\",\"@id\":\"https:\/\/futbolhoy.co\/index.php\/2025\/03\/06\/fifa-anuncia-el-ano-para-el-primer-mundial-de-clubes-femenino\/\",\"url\":\"https:\/\/futbolhoy.co\/index.php\/2025\/03\/06\/fifa-anuncia-el-ano-para-el-primer-mundial-de-clubes-femenino\/\",\"name\":\"FIFA anuncia el a\u00f1o para el primer Mundial de Clubes femenino -\",\"isPartOf\":{\"@id\":\"https:\/\/futbolhoy.co\/#website\"},\"primaryImageOfPage\":{\"@id\":\"https:\/\/futbolhoy.co\/index.php\/2025\/03\/06\/fifa-anuncia-el-ano-para-el-primer-mundial-de-clubes-femenino\/#primaryimage\"},\"image\":{\"@id\":\"https:\/\/futbolhoy.co\/index.php\/2025\/03\/06\/fifa-anuncia-el-ano-para-el-primer-mundial-de-clubes-femenino\/#primaryimage\"},\"thumbnailUrl\":\"https:\/\/futbolhoy.co\/wp-content\/uploads\/2025\/03\/GlYGqaMWkAEQvyq-scaled.jpg\",\"datePublished\":\"2025-03-06T20:08:33+00:00\",\"dateModified\":\"2025-03-07T18:34:54+00:00\",\"breadcrumb\":{\"@id\":\"https:\/\/futbolhoy.co\/index.php\/2025\/03\/06\/fifa-anuncia-el-ano-para-el-primer-mundial-de-clubes-femenino\/#breadcrumb\"},\"inLanguage\":\"es\",\"potentialAction\":[{\"@type\":\"ReadAction\",\"target\":[\"https:\/\/futbolhoy.co\/index.php\/2025\/03\/06\/fifa-anuncia-el-ano-para-el-primer-mundial-de-clubes-femenino\/\"]}]},{\"@type\":\"ImageObject\",\"inLanguage\":\"es\",\"@id\":\"https:\/\/futbolhoy.co\/index.php\/2025\/03\/06\/fifa-anuncia-el-ano-para-el-primer-mundial-de-clubes-femenino\/#primaryimage\",\"url\":\"https:\/\/futbolhoy.co\/wp-content\/uploads\/2025\/03\/GlYGqaMWkAEQvyq-scaled.jpg\",\"contentUrl\":\"https:\/\/futbolhoy.co\/wp-content\/uploads\/2025\/03\/GlYGqaMWkAEQvyq-scaled.jpg\",\"width\":2560,\"height\":1675},{\"@type\":\"BreadcrumbList\",\"@id\":\"https:\/\/futbolhoy.co\/index.php\/2025\/03\/06\/fifa-anuncia-el-ano-para-el-primer-mundial-de-clubes-femenino\/#breadcrumb\",\"itemListElement\":[{\"@type\":\"ListItem\",\"position\":1,\"name\":\"Portada\",\"item\":\"https:\/\/futbolhoy.co\/\"},{\"@type\":\"ListItem\",\"position\":2,\"name\":\"FIFA anuncia el a\u00f1o para el primer Mundial de Clubes femenino\"}]},{\"@type\":\"WebSite\",\"@id\":\"https:\/\/futbolhoy.co\/#website\",\"url\":\"https:\/\/futbolhoy.co\/\",\"name\":\"FutbolHoy\",\"description\":\"\",\"publisher\":{\"@id\":\"https:\/\/futbolhoy.co\/#organization\"},\"potentialAction\":[{\"@type\":\"SearchAction\",\"target\":{\"@type\":\"EntryPoint\",\"urlTemplate\":\"https:\/\/futbolhoy.co\/?s={search_term_string}\"},\"query-input\":{\"@type\":\"PropertyValueSpecification\",\"valueRequired\":true,\"valueName\":\"search_term_string\"}}],\"inLanguage\":\"es\"},{\"@type\":\"Organization\",\"@id\":\"https:\/\/futbolhoy.co\/#organization\",\"name\":\"Futbolhoy.co\",\"url\":\"https:\/\/futbolhoy.co\/\",\"logo\":{\"@type\":\"ImageObject\",\"inLanguage\":\"es\",\"@id\":\"https:\/\/futbolhoy.co\/#\/schema\/logo\/image\/\",\"url\":\"https:\/\/futbolhoy.co\/wp-content\/uploads\/2018\/08\/17426380_1906371736249227_6326180412931521141_n.jpg\",\"contentUrl\":\"https:\/\/futbolhoy.co\/wp-content\/uploads\/2018\/08\/17426380_1906371736249227_6326180412931521141_n.jpg\",\"width\":960,\"height\":960,\"caption\":\"Futbolhoy.co\"},\"image\":{\"@id\":\"https:\/\/futbolhoy.co\/#\/schema\/logo\/image\/\"},\"sameAs\":[\"https:\/\/www.facebook.com\/FutbolHoyCol\/\",\"https:\/\/x.com\/FutbolHoyCol\",\"https:\/\/www.instagram.com\/futbolhoycol\/\"]},{\"@type\":\"Person\",\"@id\":\"https:\/\/futbolhoy.co\/#\/schema\/person\/1721b69355b6623eaff15ac7b92d4cc3\",\"name\":\"contenido\",\"image\":{\"@type\":\"ImageObject\",\"inLanguage\":\"es\",\"@id\":\"https:\/\/futbolhoy.co\/#\/schema\/person\/image\/\",\"url\":\"https:\/\/secure.gravatar.com\/avatar\/4f656d3256f5134f466206e7c3941518?s=96&d=mm&r=g\",\"contentUrl\":\"https:\/\/secure.gravatar.com\/avatar\/4f656d3256f5134f466206e7c3941518?s=96&d=mm&r=g\",\"caption\":\"contenido\"}}]}<\/script>\n<!-- \/ Yoast SEO plugin. -->","yoast_head_json":{"title":"FIFA anuncia el a\u00f1o para el primer Mundial de Clubes femenino -","robots":{"index":"index","follow":"follow","max-snippet":"max-snippet:-1","max-image-preview":"max-image-preview:large","max-video-preview":"max-video-preview:-1"},"canonical":"https:\/\/futbolhoy.co\/index.php\/2025\/03\/06\/fifa-anuncia-el-ano-para-el-primer-mundial-de-clubes-femenino\/","og_locale":"es_ES","og_type":"article","og_title":"FIFA anuncia el a\u00f1o para el primer Mundial de Clubes femenino -","og_description":"La FIFA anunci\u00f3 este mi\u00e9rcoles que la primera edici\u00f3n del Mundial de clubes femenino se celebrar\u00e1 finalmente en 2028, con 19 equipos, y la creaci\u00f3n de una Copa de Campeones femenina anual, salvo cuando se celebre el anterior, cuya primera edici\u00f3n ser\u00e1 en 2026 con los seis ganadores de cada confederaci\u00f3n. La creaci\u00f3n del Mundial [&hellip;]","og_url":"https:\/\/futbolhoy.co\/index.php\/2025\/03\/06\/fifa-anuncia-el-ano-para-el-primer-mundial-de-clubes-femenino\/","article_publisher":"https:\/\/www.facebook.com\/FutbolHoyCol\/","article_published_time":"2025-03-06T20:08:33+00:00","article_modified_time":"2025-03-07T18:34:54+00:00","og_image":[{"width":2560,"height":1675,"url":"https:\/\/futbolhoy.co\/wp-content\/uploads\/2025\/03\/GlYGqaMWkAEQvyq-scaled.jpg","type":"image\/jpeg"}],"author":"contenido","twitter_card":"summary_large_image","twitter_creator":"@FutbolHoyCol","twitter_site":"@FutbolHoyCol","twitter_misc":{"Escrito por":"contenido","Tiempo de lectura":"1 minuto"},"schema":{"@context":"https:\/\/schema.org","@graph":[{"@type":"Article","@id":"https:\/\/futbolhoy.co\/index.php\/2025\/03\/06\/fifa-anuncia-el-ano-para-el-primer-mundial-de-clubes-femenino\/#article","isPartOf":{"@id":"https:\/\/futbolhoy.co\/index.php\/2025\/03\/06\/fifa-anuncia-el-ano-para-el-primer-mundial-de-clubes-femenino\/"},"author":{"name":"contenido","@id":"https:\/\/futbolhoy.co\/#\/schema\/person\/1721b69355b6623eaff15ac7b92d4cc3"},"headline":"FIFA anuncia el a\u00f1o para el primer Mundial de Clubes femenino","datePublished":"2025-03-06T20:08:33+00:00","dateModified":"2025-03-07T18:34:54+00:00","mainEntityOfPage":{"@id":"https:\/\/futbolhoy.co\/index.php\/2025\/03\/06\/fifa-anuncia-el-ano-para-el-primer-mundial-de-clubes-femenino\/"},"wordCount":270,"commentCount":0,"publisher":{"@id":"https:\/\/futbolhoy.co\/#organization"},"image":{"@id":"https:\/\/futbolhoy.co\/index.php\/2025\/03\/06\/fifa-anuncia-el-ano-para-el-primer-mundial-de-clubes-femenino\/#primaryimage"},"thumbnailUrl":"https:\/\/futbolhoy.co\/wp-content\/uploads\/2025\/03\/GlYGqaMWkAEQvyq-scaled.jpg","articleSection":["Mundo Futbol"],"inLanguage":"es","potentialAction":[{"@type":"CommentAction","name":"Comment","target":["https:\/\/futbolhoy.co\/index.php\/2025\/03\/06\/fifa-anuncia-el-ano-para-el-primer-mundial-de-clubes-femenino\/#respond"]}]},{"@type":"WebPage","@id":"https:\/\/futbolhoy.co\/index.php\/2025\/03\/06\/fifa-anuncia-el-ano-para-el-primer-mundial-de-clubes-femenino\/","url":"https:\/\/futbolhoy.co\/index.php\/2025\/03\/06\/fifa-anuncia-el-ano-para-el-primer-mundial-de-clubes-femenino\/","name":"FIFA anuncia el a\u00f1o para el primer Mundial de Clubes femenino -","isPartOf":{"@id":"https:\/\/futbolhoy.co\/#website"},"primaryImageOfPage":{"@id":"https:\/\/futbolhoy.co\/index.php\/2025\/03\/06\/fifa-anuncia-el-ano-para-el-primer-mundial-de-clubes-femenino\/#primaryimage"},"image":{"@id":"https:\/\/futbolhoy.co\/index.php\/2025\/03\/06\/fifa-anuncia-el-ano-para-el-primer-mundial-de-clubes-femenino\/#primaryimage"},"thumbnailUrl":"https:\/\/futbolhoy.co\/wp-content\/uploads\/2025\/03\/GlYGqaMWkAEQvyq-scaled.jpg","datePublished":"2025-03-06T20:08:33+00:00","dateModified":"2025-03-07T18:34:54+00:00","breadcrumb":{"@id":"https:\/\/futbolhoy.co\/index.php\/2025\/03\/06\/fifa-anuncia-el-ano-para-el-primer-mundial-de-clubes-femenino\/#breadcrumb"},"inLanguage":"es","potentialAction":[{"@type":"ReadAction","target":["https:\/\/futbolhoy.co\/index.php\/2025\/03\/06\/fifa-anuncia-el-ano-para-el-primer-mundial-de-clubes-femenino\/"]}]},{"@type":"ImageObject","inLanguage":"es","@id":"https:\/\/futbolhoy.co\/index.php\/2025\/03\/06\/fifa-anuncia-el-ano-para-el-primer-mundial-de-clubes-femenino\/#primaryimage","url":"https:\/\/futbolhoy.co\/wp-content\/uploads\/2025\/03\/GlYGqaMWkAEQvyq-scaled.jpg","contentUrl":"https:\/\/futbolhoy.co\/wp-content\/uploads\/2025\/03\/GlYGqaMWkAEQvyq-scaled.jpg","width":2560,"height":1675},{"@type":"BreadcrumbList","@id":"https:\/\/futbolhoy.co\/index.php\/2025\/03\/06\/fifa-anuncia-el-ano-para-el-primer-mundial-de-clubes-femenino\/#breadcrumb","itemListElement":[{"@type":"ListItem","position":1,"name":"Portada","item":"https:\/\/futbolhoy.co\/"},{"@type":"ListItem","position":2,"name":"FIFA anuncia el a\u00f1o para el primer Mundial de Clubes femenino"}]},{"@type":"WebSite","@id":"https:\/\/futbolhoy.co\/#website","url":"https:\/\/futbolhoy.co\/","name":"FutbolHoy","description":"","publisher":{"@id":"https:\/\/futbolhoy.co\/#organization"},"potentialAction":[{"@type":"SearchAction","target":{"@type":"EntryPoint","urlTemplate":"https:\/\/futbolhoy.co\/?s={search_term_string}"},"query-input":{"@type":"PropertyValueSpecification","valueRequired":true,"valueName":"search_term_string"}}],"inLanguage":"es"},{"@type":"Organization","@id":"https:\/\/futbolhoy.co\/#organization","name":"Futbolhoy.co","url":"https:\/\/futbolhoy.co\/","logo":{"@type":"ImageObject","inLanguage":"es","@id":"https:\/\/futbolhoy.co\/#\/schema\/logo\/image\/","url":"https:\/\/futbolhoy.co\/wp-content\/uploads\/2018\/08\/17426380_1906371736249227_6326180412931521141_n.jpg","contentUrl":"https:\/\/futbolhoy.co\/wp-content\/uploads\/2018\/08\/17426380_1906371736249227_6326180412931521141_n.jpg","width":960,"height":960,"caption":"Futbolhoy.co"},"image":{"@id":"https:\/\/futbolhoy.co\/#\/schema\/logo\/image\/"},"sameAs":["https:\/\/www.facebook.com\/FutbolHoyCol\/","https:\/\/x.com\/FutbolHoyCol","https:\/\/www.instagram.com\/futbolhoycol\/"]},{"@type":"Person","@id":"https:\/\/futbolhoy.co\/#\/schema\/person\/1721b69355b6623eaff15ac7b92d4cc3","name":"contenido","image":{"@type":"ImageObject","inLanguage":"es","@id":"https:\/\/futbolhoy.co\/#\/schema\/person\/image\/","url":"https:\/\/secure.gravatar.com\/avatar\/4f656d3256f5134f466206e7c3941518?s=96&d=mm&r=g","contentUrl":"https:\/\/secure.gravatar.com\/avatar\/4f656d3256f5134f466206e7c3941518?s=96&d=mm&r=g","caption":"contenido"}}]}},"publishpress_future_action":{"enabled":false,"date":"2026-05-03 20:48:01","action":"change-status","newStatus":"draft","terms":[],"taxonomy":"category","extraData":[]},"publishpress_future_workflow_manual_trigger":{"enabledWorkflows":[]},"_links":{"self":[{"href":"https:\/\/futbolhoy.co\/index.php\/wp-json\/wp\/v2\/posts\/117096","targetHints":{"allow":["GET"]}}],"collection":[{"href":"https:\/\/futbolhoy.co\/index.php\/wp-json\/wp\/v2\/posts"}],"about":[{"href":"https:\/\/futbolhoy.co\/index.php\/wp-json\/wp\/v2\/types\/post"}],"author":[{"embeddable":true,"href":"https:\/\/futbolhoy.co\/index.php\/wp-json\/wp\/v2\/users\/4"}],"replies":[{"embeddable":true,"href":"https:\/\/futbolhoy.co\/index.php\/wp-json\/wp\/v2\/comments?post=117096"}],"version-history":[{"count":1,"href":"https:\/\/futbolhoy.co\/index.php\/wp-json\/wp\/v2\/posts\/117096\/revisions"}],"predecessor-version":[{"id":117098,"href":"https:\/\/futbolhoy.co\/index.php\/wp-json\/wp\/v2\/posts\/117096\/revisions\/117098"}],"wp:featuredmedia":[{"embeddable":true,"href":"https:\/\/futbolhoy.co\/index.php\/wp-json\/wp\/v2\/media\/117097"}],"wp:attachment":[{"href":"https:\/\/futbolhoy.co\/index.php\/wp-json\/wp\/v2\/media?parent=117096"}],"wp:term":[{"taxonomy":"category","embeddable":true,"href":"https:\/\/futbolhoy.co\/index.php\/wp-json\/wp\/v2\/categories?post=117096"},{"taxonomy":"post_tag","embeddable":true,"href":"https:\/\/futbolhoy.co\/index.php\/wp-json\/wp\/v2\/tags?post=117096"}],"curies":[{"name":"wp","href":"https:\/\/api.w.org\/{rel}","templated":true}]}}