{"id":117102,"date":"2025-03-06T20:05:40","date_gmt":"2025-03-07T01:05:40","guid":{"rendered":"https:\/\/futbolhoy.co\/?p=117102"},"modified":"2025-03-08T13:17:26","modified_gmt":"2025-03-08T18:17:26","slug":"falcao-y-un-mensaje-contundente-sobre-su-futuro","status":"publish","type":"post","link":"https:\/\/futbolhoy.co\/index.php\/2025\/03\/06\/falcao-y-un-mensaje-contundente-sobre-su-futuro\/","title":{"rendered":"Falcao y un mensaje contundente sobre su futuro"},"content":{"rendered":"<p style=\"text-align: justify;\"><span style=\"font-family: helvetica, arial, sans-serif;\"><strong>Radamel Falcao Garc\u00eda<\/strong> public\u00f3 en sus redes sociales un mensaje que alcanz\u00f3 a asustar a sus aficionados. Sin embargo, se trat\u00f3 de una situaci\u00f3n conmemorativa, aunque s\u00ed dej\u00f3, entre l\u00edneas, que <strong>Millonarios<\/strong> ser\u00e1 su \u00faltimo club.<\/span><\/p>\n<p style=\"text-align: justify;\"><span style=\"font-family: helvetica, arial, sans-serif;\">Un 6 de marzo del 2005 El Tigre debut\u00f3 con <strong>River Plate<\/strong>, por lo que est\u00e1 celebrando 20 a\u00f1os de carrera profesional. Record\u00f3 los equipos por los que ha pasado, as\u00ed como asegur\u00f3 que seguir\u00e1 comprometido entreg\u00e1ndose al m\u00e1ximo.<\/span><\/p>\n<p style=\"text-align: justify;\"><span style=\"font-family: helvetica, arial, sans-serif;\">\u201cHace 20 a\u00f1os, el f\u00fatbol me regal\u00f3 la oportunidad de vivir un sue\u00f1o.\u00a0<strong>Lo que comenz\u00f3 con un bal\u00f3n y una ilusi\u00f3n, se convirti\u00f3 en un camino lleno de aprendizajes<\/strong>, sacrificios y momentos inolvidables\u201d, se lee inicialmente.<\/span><\/p>\n<p style=\"text-align: justify;\"><span style=\"font-family: helvetica, arial, sans-serif;\">En el \u00faltimo p\u00e1rrafo, da a entender que el equipo con el que se retirar\u00e1 ser\u00e1 el Embajador: El f\u00fatbol me ha dado todo, y ahora la vida me ha dado la alegr\u00eda de volver a casa, a un club que siempre llev\u00e9 en mi coraz\u00f3n.\u00a0<strong>Vestir la camiseta de Millonarios es cerrar un c\u00edrculo que inici\u00f3 con un sue\u00f1o de ni\u00f1o.\u00a0<\/strong>Seguir\u00e9 entreg\u00e1ndolo todo con la misma pasi\u00f3n de siempre. \u00a1Gracias por tanto y vamos por m\u00e1s!\u201d.<\/span><\/p>\n<p>&nbsp;<\/p>\n<blockquote class=\"twitter-tweet\" data-media-max-width=\"560\">\n<p dir=\"ltr\" lang=\"es\">Hace 20 a\u00f1os, el f\u00fatbol me regal\u00f3 la oportunidad de vivir un sue\u00f1o. Lo que comenz\u00f3 con un bal\u00f3n y una ilusi\u00f3n, se convirti\u00f3 en un camino lleno de aprendizajes, sacrificios y momentos inolvidables.<\/p>\n<p>Desde mi debut hasta jugar en algunos de los estadios m\u00e1s emblem\u00e1ticos del mundo,\u2026 <a href=\"https:\/\/t.co\/bkcejec1tU\">pic.twitter.com\/bkcejec1tU<\/a><\/p>\n<p>\u2014 Radamel Falcao (@FALCAO) <a href=\"https:\/\/twitter.com\/FALCAO\/status\/1897996951947182544?ref_src=twsrc%5Etfw\">March 7, 2025<\/a><\/p><\/blockquote>\n<p><script async src=\"https:\/\/platform.twitter.com\/widgets.js\" charset=\"utf-8\"><\/script><\/p>\n","protected":false},"excerpt":{"rendered":"<p>Radamel Falcao Garc\u00eda public\u00f3 en sus redes sociales un mensaje que alcanz\u00f3 a asustar a sus aficionados. Sin embargo, se trat\u00f3 de una situaci\u00f3n conmemorativa, aunque s\u00ed dej\u00f3, entre l\u00edneas, que Millonarios ser\u00e1 su \u00faltimo club. Un 6 de marzo del 2005 El Tigre debut\u00f3 con River Plate, por lo que est\u00e1 celebrando 20 a\u00f1os [&hellip;]<\/p>\n","protected":false},"author":4,"featured_media":117103,"comment_status":"open","ping_status":"open","sticky":false,"template":"","format":"standard","meta":{"_acf_changed":false,"footnotes":""},"categories":[7],"tags":[],"class_list":{"0":"post-117102","1":"post","2":"type-post","3":"status-publish","4":"format-standard","5":"has-post-thumbnail","7":"category-liga-betplay"},"acf":[],"yoast_head":"<!-- This site is optimized with the Yoast SEO plugin v26.8 - https:\/\/yoast.com\/product\/yoast-seo-wordpress\/ -->\n<title>Falcao y un mensaje contundente sobre su futuro -<\/title>\n<meta name=\"robots\" content=\"index, follow, max-snippet:-1, max-image-preview:large, max-video-preview:-1\" \/>\n<link rel=\"canonical\" href=\"https:\/\/futbolhoy.co\/index.php\/2025\/03\/06\/falcao-y-un-mensaje-contundente-sobre-su-futuro\/\" \/>\n<meta property=\"og:locale\" content=\"es_ES\" \/>\n<meta property=\"og:type\" content=\"article\" \/>\n<meta property=\"og:title\" content=\"Falcao y un mensaje contundente sobre su futuro -\" \/>\n<meta property=\"og:description\" content=\"Radamel Falcao Garc\u00eda public\u00f3 en sus redes sociales un mensaje que alcanz\u00f3 a asustar a sus aficionados. Sin embargo, se trat\u00f3 de una situaci\u00f3n conmemorativa, aunque s\u00ed dej\u00f3, entre l\u00edneas, que Millonarios ser\u00e1 su \u00faltimo club. Un 6 de marzo del 2005 El Tigre debut\u00f3 con River Plate, por lo que est\u00e1 celebrando 20 a\u00f1os [&hellip;]\" \/>\n<meta property=\"og:url\" content=\"https:\/\/futbolhoy.co\/index.php\/2025\/03\/06\/falcao-y-un-mensaje-contundente-sobre-su-futuro\/\" \/>\n<meta property=\"article:publisher\" content=\"https:\/\/www.facebook.com\/FutbolHoyCol\/\" \/>\n<meta property=\"article:published_time\" content=\"2025-03-07T01:05:40+00:00\" \/>\n<meta property=\"article:modified_time\" content=\"2025-03-08T18:17:26+00:00\" \/>\n<meta property=\"og:image\" content=\"https:\/\/futbolhoy.co\/wp-content\/uploads\/2025\/03\/GkUnZ3wXIAACKCy.jpg\" \/>\n\t<meta property=\"og:image:width\" content=\"1613\" \/>\n\t<meta property=\"og:image:height\" content=\"1057\" \/>\n\t<meta property=\"og:image:type\" content=\"image\/jpeg\" \/>\n<meta name=\"author\" content=\"contenido\" \/>\n<meta name=\"twitter:card\" content=\"summary_large_image\" \/>\n<meta name=\"twitter:creator\" content=\"@FutbolHoyCol\" \/>\n<meta name=\"twitter:site\" content=\"@FutbolHoyCol\" \/>\n<meta name=\"twitter:label1\" content=\"Escrito por\" \/>\n\t<meta name=\"twitter:data1\" content=\"contenido\" \/>\n\t<meta name=\"twitter:label2\" content=\"Tiempo de lectura\" \/>\n\t<meta name=\"twitter:data2\" content=\"1 minuto\" \/>\n<script type=\"application\/ld+json\" class=\"yoast-schema-graph\">{\"@context\":\"https:\/\/schema.org\",\"@graph\":[{\"@type\":\"Article\",\"@id\":\"https:\/\/futbolhoy.co\/index.php\/2025\/03\/06\/falcao-y-un-mensaje-contundente-sobre-su-futuro\/#article\",\"isPartOf\":{\"@id\":\"https:\/\/futbolhoy.co\/index.php\/2025\/03\/06\/falcao-y-un-mensaje-contundente-sobre-su-futuro\/\"},\"author\":{\"name\":\"contenido\",\"@id\":\"https:\/\/futbolhoy.co\/#\/schema\/person\/1721b69355b6623eaff15ac7b92d4cc3\"},\"headline\":\"Falcao y un mensaje contundente sobre su futuro\",\"datePublished\":\"2025-03-07T01:05:40+00:00\",\"dateModified\":\"2025-03-08T18:17:26+00:00\",\"mainEntityOfPage\":{\"@id\":\"https:\/\/futbolhoy.co\/index.php\/2025\/03\/06\/falcao-y-un-mensaje-contundente-sobre-su-futuro\/\"},\"wordCount\":279,\"commentCount\":0,\"publisher\":{\"@id\":\"https:\/\/futbolhoy.co\/#organization\"},\"image\":{\"@id\":\"https:\/\/futbolhoy.co\/index.php\/2025\/03\/06\/falcao-y-un-mensaje-contundente-sobre-su-futuro\/#primaryimage\"},\"thumbnailUrl\":\"https:\/\/futbolhoy.co\/wp-content\/uploads\/2025\/03\/GkUnZ3wXIAACKCy.jpg\",\"articleSection\":[\"Liga BetPlay\"],\"inLanguage\":\"es\",\"potentialAction\":[{\"@type\":\"CommentAction\",\"name\":\"Comment\",\"target\":[\"https:\/\/futbolhoy.co\/index.php\/2025\/03\/06\/falcao-y-un-mensaje-contundente-sobre-su-futuro\/#respond\"]}]},{\"@type\":\"WebPage\",\"@id\":\"https:\/\/futbolhoy.co\/index.php\/2025\/03\/06\/falcao-y-un-mensaje-contundente-sobre-su-futuro\/\",\"url\":\"https:\/\/futbolhoy.co\/index.php\/2025\/03\/06\/falcao-y-un-mensaje-contundente-sobre-su-futuro\/\",\"name\":\"Falcao y un mensaje contundente sobre su futuro -\",\"isPartOf\":{\"@id\":\"https:\/\/futbolhoy.co\/#website\"},\"primaryImageOfPage\":{\"@id\":\"https:\/\/futbolhoy.co\/index.php\/2025\/03\/06\/falcao-y-un-mensaje-contundente-sobre-su-futuro\/#primaryimage\"},\"image\":{\"@id\":\"https:\/\/futbolhoy.co\/index.php\/2025\/03\/06\/falcao-y-un-mensaje-contundente-sobre-su-futuro\/#primaryimage\"},\"thumbnailUrl\":\"https:\/\/futbolhoy.co\/wp-content\/uploads\/2025\/03\/GkUnZ3wXIAACKCy.jpg\",\"datePublished\":\"2025-03-07T01:05:40+00:00\",\"dateModified\":\"2025-03-08T18:17:26+00:00\",\"breadcrumb\":{\"@id\":\"https:\/\/futbolhoy.co\/index.php\/2025\/03\/06\/falcao-y-un-mensaje-contundente-sobre-su-futuro\/#breadcrumb\"},\"inLanguage\":\"es\",\"potentialAction\":[{\"@type\":\"ReadAction\",\"target\":[\"https:\/\/futbolhoy.co\/index.php\/2025\/03\/06\/falcao-y-un-mensaje-contundente-sobre-su-futuro\/\"]}]},{\"@type\":\"ImageObject\",\"inLanguage\":\"es\",\"@id\":\"https:\/\/futbolhoy.co\/index.php\/2025\/03\/06\/falcao-y-un-mensaje-contundente-sobre-su-futuro\/#primaryimage\",\"url\":\"https:\/\/futbolhoy.co\/wp-content\/uploads\/2025\/03\/GkUnZ3wXIAACKCy.jpg\",\"contentUrl\":\"https:\/\/futbolhoy.co\/wp-content\/uploads\/2025\/03\/GkUnZ3wXIAACKCy.jpg\",\"width\":1613,\"height\":1057},{\"@type\":\"BreadcrumbList\",\"@id\":\"https:\/\/futbolhoy.co\/index.php\/2025\/03\/06\/falcao-y-un-mensaje-contundente-sobre-su-futuro\/#breadcrumb\",\"itemListElement\":[{\"@type\":\"ListItem\",\"position\":1,\"name\":\"Portada\",\"item\":\"https:\/\/futbolhoy.co\/\"},{\"@type\":\"ListItem\",\"position\":2,\"name\":\"Falcao y un mensaje contundente sobre su futuro\"}]},{\"@type\":\"WebSite\",\"@id\":\"https:\/\/futbolhoy.co\/#website\",\"url\":\"https:\/\/futbolhoy.co\/\",\"name\":\"FutbolHoy\",\"description\":\"\",\"publisher\":{\"@id\":\"https:\/\/futbolhoy.co\/#organization\"},\"potentialAction\":[{\"@type\":\"SearchAction\",\"target\":{\"@type\":\"EntryPoint\",\"urlTemplate\":\"https:\/\/futbolhoy.co\/?s={search_term_string}\"},\"query-input\":{\"@type\":\"PropertyValueSpecification\",\"valueRequired\":true,\"valueName\":\"search_term_string\"}}],\"inLanguage\":\"es\"},{\"@type\":\"Organization\",\"@id\":\"https:\/\/futbolhoy.co\/#organization\",\"name\":\"Futbolhoy.co\",\"url\":\"https:\/\/futbolhoy.co\/\",\"logo\":{\"@type\":\"ImageObject\",\"inLanguage\":\"es\",\"@id\":\"https:\/\/futbolhoy.co\/#\/schema\/logo\/image\/\",\"url\":\"https:\/\/futbolhoy.co\/wp-content\/uploads\/2018\/08\/17426380_1906371736249227_6326180412931521141_n.jpg\",\"contentUrl\":\"https:\/\/futbolhoy.co\/wp-content\/uploads\/2018\/08\/17426380_1906371736249227_6326180412931521141_n.jpg\",\"width\":960,\"height\":960,\"caption\":\"Futbolhoy.co\"},\"image\":{\"@id\":\"https:\/\/futbolhoy.co\/#\/schema\/logo\/image\/\"},\"sameAs\":[\"https:\/\/www.facebook.com\/FutbolHoyCol\/\",\"https:\/\/x.com\/FutbolHoyCol\",\"https:\/\/www.instagram.com\/futbolhoycol\/\"]},{\"@type\":\"Person\",\"@id\":\"https:\/\/futbolhoy.co\/#\/schema\/person\/1721b69355b6623eaff15ac7b92d4cc3\",\"name\":\"contenido\",\"image\":{\"@type\":\"ImageObject\",\"inLanguage\":\"es\",\"@id\":\"https:\/\/futbolhoy.co\/#\/schema\/person\/image\/\",\"url\":\"https:\/\/secure.gravatar.com\/avatar\/4f656d3256f5134f466206e7c3941518?s=96&d=mm&r=g\",\"contentUrl\":\"https:\/\/secure.gravatar.com\/avatar\/4f656d3256f5134f466206e7c3941518?s=96&d=mm&r=g\",\"caption\":\"contenido\"}}]}<\/script>\n<!-- \/ Yoast SEO plugin. -->","yoast_head_json":{"title":"Falcao y un mensaje contundente sobre su futuro -","robots":{"index":"index","follow":"follow","max-snippet":"max-snippet:-1","max-image-preview":"max-image-preview:large","max-video-preview":"max-video-preview:-1"},"canonical":"https:\/\/futbolhoy.co\/index.php\/2025\/03\/06\/falcao-y-un-mensaje-contundente-sobre-su-futuro\/","og_locale":"es_ES","og_type":"article","og_title":"Falcao y un mensaje contundente sobre su futuro -","og_description":"Radamel Falcao Garc\u00eda public\u00f3 en sus redes sociales un mensaje que alcanz\u00f3 a asustar a sus aficionados. Sin embargo, se trat\u00f3 de una situaci\u00f3n conmemorativa, aunque s\u00ed dej\u00f3, entre l\u00edneas, que Millonarios ser\u00e1 su \u00faltimo club. Un 6 de marzo del 2005 El Tigre debut\u00f3 con River Plate, por lo que est\u00e1 celebrando 20 a\u00f1os [&hellip;]","og_url":"https:\/\/futbolhoy.co\/index.php\/2025\/03\/06\/falcao-y-un-mensaje-contundente-sobre-su-futuro\/","article_publisher":"https:\/\/www.facebook.com\/FutbolHoyCol\/","article_published_time":"2025-03-07T01:05:40+00:00","article_modified_time":"2025-03-08T18:17:26+00:00","og_image":[{"width":1613,"height":1057,"url":"https:\/\/futbolhoy.co\/wp-content\/uploads\/2025\/03\/GkUnZ3wXIAACKCy.jpg","type":"image\/jpeg"}],"author":"contenido","twitter_card":"summary_large_image","twitter_creator":"@FutbolHoyCol","twitter_site":"@FutbolHoyCol","twitter_misc":{"Escrito por":"contenido","Tiempo de lectura":"1 minuto"},"schema":{"@context":"https:\/\/schema.org","@graph":[{"@type":"Article","@id":"https:\/\/futbolhoy.co\/index.php\/2025\/03\/06\/falcao-y-un-mensaje-contundente-sobre-su-futuro\/#article","isPartOf":{"@id":"https:\/\/futbolhoy.co\/index.php\/2025\/03\/06\/falcao-y-un-mensaje-contundente-sobre-su-futuro\/"},"author":{"name":"contenido","@id":"https:\/\/futbolhoy.co\/#\/schema\/person\/1721b69355b6623eaff15ac7b92d4cc3"},"headline":"Falcao y un mensaje contundente sobre su futuro","datePublished":"2025-03-07T01:05:40+00:00","dateModified":"2025-03-08T18:17:26+00:00","mainEntityOfPage":{"@id":"https:\/\/futbolhoy.co\/index.php\/2025\/03\/06\/falcao-y-un-mensaje-contundente-sobre-su-futuro\/"},"wordCount":279,"commentCount":0,"publisher":{"@id":"https:\/\/futbolhoy.co\/#organization"},"image":{"@id":"https:\/\/futbolhoy.co\/index.php\/2025\/03\/06\/falcao-y-un-mensaje-contundente-sobre-su-futuro\/#primaryimage"},"thumbnailUrl":"https:\/\/futbolhoy.co\/wp-content\/uploads\/2025\/03\/GkUnZ3wXIAACKCy.jpg","articleSection":["Liga BetPlay"],"inLanguage":"es","potentialAction":[{"@type":"CommentAction","name":"Comment","target":["https:\/\/futbolhoy.co\/index.php\/2025\/03\/06\/falcao-y-un-mensaje-contundente-sobre-su-futuro\/#respond"]}]},{"@type":"WebPage","@id":"https:\/\/futbolhoy.co\/index.php\/2025\/03\/06\/falcao-y-un-mensaje-contundente-sobre-su-futuro\/","url":"https:\/\/futbolhoy.co\/index.php\/2025\/03\/06\/falcao-y-un-mensaje-contundente-sobre-su-futuro\/","name":"Falcao y un mensaje contundente sobre su futuro -","isPartOf":{"@id":"https:\/\/futbolhoy.co\/#website"},"primaryImageOfPage":{"@id":"https:\/\/futbolhoy.co\/index.php\/2025\/03\/06\/falcao-y-un-mensaje-contundente-sobre-su-futuro\/#primaryimage"},"image":{"@id":"https:\/\/futbolhoy.co\/index.php\/2025\/03\/06\/falcao-y-un-mensaje-contundente-sobre-su-futuro\/#primaryimage"},"thumbnailUrl":"https:\/\/futbolhoy.co\/wp-content\/uploads\/2025\/03\/GkUnZ3wXIAACKCy.jpg","datePublished":"2025-03-07T01:05:40+00:00","dateModified":"2025-03-08T18:17:26+00:00","breadcrumb":{"@id":"https:\/\/futbolhoy.co\/index.php\/2025\/03\/06\/falcao-y-un-mensaje-contundente-sobre-su-futuro\/#breadcrumb"},"inLanguage":"es","potentialAction":[{"@type":"ReadAction","target":["https:\/\/futbolhoy.co\/index.php\/2025\/03\/06\/falcao-y-un-mensaje-contundente-sobre-su-futuro\/"]}]},{"@type":"ImageObject","inLanguage":"es","@id":"https:\/\/futbolhoy.co\/index.php\/2025\/03\/06\/falcao-y-un-mensaje-contundente-sobre-su-futuro\/#primaryimage","url":"https:\/\/futbolhoy.co\/wp-content\/uploads\/2025\/03\/GkUnZ3wXIAACKCy.jpg","contentUrl":"https:\/\/futbolhoy.co\/wp-content\/uploads\/2025\/03\/GkUnZ3wXIAACKCy.jpg","width":1613,"height":1057},{"@type":"BreadcrumbList","@id":"https:\/\/futbolhoy.co\/index.php\/2025\/03\/06\/falcao-y-un-mensaje-contundente-sobre-su-futuro\/#breadcrumb","itemListElement":[{"@type":"ListItem","position":1,"name":"Portada","item":"https:\/\/futbolhoy.co\/"},{"@type":"ListItem","position":2,"name":"Falcao y un mensaje contundente sobre su futuro"}]},{"@type":"WebSite","@id":"https:\/\/futbolhoy.co\/#website","url":"https:\/\/futbolhoy.co\/","name":"FutbolHoy","description":"","publisher":{"@id":"https:\/\/futbolhoy.co\/#organization"},"potentialAction":[{"@type":"SearchAction","target":{"@type":"EntryPoint","urlTemplate":"https:\/\/futbolhoy.co\/?s={search_term_string}"},"query-input":{"@type":"PropertyValueSpecification","valueRequired":true,"valueName":"search_term_string"}}],"inLanguage":"es"},{"@type":"Organization","@id":"https:\/\/futbolhoy.co\/#organization","name":"Futbolhoy.co","url":"https:\/\/futbolhoy.co\/","logo":{"@type":"ImageObject","inLanguage":"es","@id":"https:\/\/futbolhoy.co\/#\/schema\/logo\/image\/","url":"https:\/\/futbolhoy.co\/wp-content\/uploads\/2018\/08\/17426380_1906371736249227_6326180412931521141_n.jpg","contentUrl":"https:\/\/futbolhoy.co\/wp-content\/uploads\/2018\/08\/17426380_1906371736249227_6326180412931521141_n.jpg","width":960,"height":960,"caption":"Futbolhoy.co"},"image":{"@id":"https:\/\/futbolhoy.co\/#\/schema\/logo\/image\/"},"sameAs":["https:\/\/www.facebook.com\/FutbolHoyCol\/","https:\/\/x.com\/FutbolHoyCol","https:\/\/www.instagram.com\/futbolhoycol\/"]},{"@type":"Person","@id":"https:\/\/futbolhoy.co\/#\/schema\/person\/1721b69355b6623eaff15ac7b92d4cc3","name":"contenido","image":{"@type":"ImageObject","inLanguage":"es","@id":"https:\/\/futbolhoy.co\/#\/schema\/person\/image\/","url":"https:\/\/secure.gravatar.com\/avatar\/4f656d3256f5134f466206e7c3941518?s=96&d=mm&r=g","contentUrl":"https:\/\/secure.gravatar.com\/avatar\/4f656d3256f5134f466206e7c3941518?s=96&d=mm&r=g","caption":"contenido"}}]}},"publishpress_future_action":{"enabled":false,"date":"2026-05-03 19:17:26","action":"change-status","newStatus":"draft","terms":[],"taxonomy":"category","extraData":[]},"publishpress_future_workflow_manual_trigger":{"enabledWorkflows":[]},"_links":{"self":[{"href":"https:\/\/futbolhoy.co\/index.php\/wp-json\/wp\/v2\/posts\/117102","targetHints":{"allow":["GET"]}}],"collection":[{"href":"https:\/\/futbolhoy.co\/index.php\/wp-json\/wp\/v2\/posts"}],"about":[{"href":"https:\/\/futbolhoy.co\/index.php\/wp-json\/wp\/v2\/types\/post"}],"author":[{"embeddable":true,"href":"https:\/\/futbolhoy.co\/index.php\/wp-json\/wp\/v2\/users\/4"}],"replies":[{"embeddable":true,"href":"https:\/\/futbolhoy.co\/index.php\/wp-json\/wp\/v2\/comments?post=117102"}],"version-history":[{"count":4,"href":"https:\/\/futbolhoy.co\/index.php\/wp-json\/wp\/v2\/posts\/117102\/revisions"}],"predecessor-version":[{"id":117157,"href":"https:\/\/futbolhoy.co\/index.php\/wp-json\/wp\/v2\/posts\/117102\/revisions\/117157"}],"wp:featuredmedia":[{"embeddable":true,"href":"https:\/\/futbolhoy.co\/index.php\/wp-json\/wp\/v2\/media\/117103"}],"wp:attachment":[{"href":"https:\/\/futbolhoy.co\/index.php\/wp-json\/wp\/v2\/media?parent=117102"}],"wp:term":[{"taxonomy":"category","embeddable":true,"href":"https:\/\/futbolhoy.co\/index.php\/wp-json\/wp\/v2\/categories?post=117102"},{"taxonomy":"post_tag","embeddable":true,"href":"https:\/\/futbolhoy.co\/index.php\/wp-json\/wp\/v2\/tags?post=117102"}],"curies":[{"name":"wp","href":"https:\/\/api.w.org\/{rel}","templated":true}]}}