{"id":117105,"date":"2025-03-06T22:05:17","date_gmt":"2025-03-07T03:05:17","guid":{"rendered":"https:\/\/futbolhoy.co\/?p=117105"},"modified":"2025-03-08T16:22:53","modified_gmt":"2025-03-08T21:22:53","slug":"america-deja-sin-sudamericana-a-junior","status":"publish","type":"post","link":"https:\/\/futbolhoy.co\/index.php\/2025\/03\/06\/america-deja-sin-sudamericana-a-junior\/","title":{"rendered":"Am\u00e9rica deja sin Sudamericana a Junior"},"content":{"rendered":"<p style=\"text-align: justify;\"><span style=\"font-family: helvetica, arial, sans-serif;\">Listos los dos representantes de <strong>Colombia<\/strong> en la fase de grupos de la <strong>Copa Sudamericana.<\/strong> <strong>Am\u00e9rica<\/strong> dej\u00f3 en el camino a <strong>Junior,<\/strong> tras el empate 2-2 en el tiempo regular e imponerse en los penales (3-4, para as\u00ed acompa\u00f1ar a <strong>Once Caldas<\/strong> en esta instancia del certamen.<\/span><\/p>\n<p style=\"text-align: justify;\"><span style=\"font-family: helvetica, arial, sans-serif;\">Empez\u00f3 emocionante el partido. Al minuto 7, a instancias del VAR, <strong>Juan Jos\u00e9 Cuen\u00fa<\/strong> cometi\u00f3 penal sobre <strong>Luis Ramos<\/strong>. <strong>Juan Fernando Quintero<\/strong> se encarg\u00f3 del cobro, pero ataj\u00f3 <strong>Santiago Mele.<\/strong><\/span><\/p>\n<p style=\"text-align: justify;\"><span style=\"font-family: helvetica, arial, sans-serif;\">No obstante, Am\u00e9rica logr\u00f3 abrir el marcador por intermedio de <strong>Jan Lucum\u00ed<\/strong>, quien sobre el 38\u2019 remat\u00f3 de cabeza un centro desde la izquierda para el 0-1. Luego, Duv\u00e1n Vergara marc\u00f3 tras pase de Quintero tras de una p\u00e9rdida de bal\u00f3n de Junior en salida (44\u2019).<\/span><\/p>\n<p style=\"text-align: justify;\"><span style=\"font-family: helvetica, arial, sans-serif;\">Tras el descanso, Junior sali\u00f3 con otra disposici\u00f3n y en 20 segundos convirti\u00f3 por intermedio de Carlos Bacca, pero estaba fuera de lugar por mil\u00edmetros. El paraguayo <strong>Guillermo Paiva<\/strong> apareci\u00f3 con un doblete para llevar todo a los penales, con sus goles al 54 y 71\u2019.<\/span><\/p>\n<p style=\"text-align: justify;\"><span style=\"font-family: helvetica, arial, sans-serif;\"><strong>Jorge Soto<\/strong> termin\u00f3 siendo el h\u00e9roe en Barranquilla al atajar dos cobros. Por Junior no pudo convertir <strong>Steven Rodr\u00edguez<\/strong> y <strong>Guillermo Paiva,<\/strong> mientras que en Am\u00e9rica la pic\u00f3 <strong>Cristian Barrios<\/strong> y Santiago Mele salv\u00f3 con los pies.<\/span><\/p>\n","protected":false},"excerpt":{"rendered":"<p>Listos los dos representantes de Colombia en la fase de grupos de la Copa Sudamericana. Am\u00e9rica dej\u00f3 en el camino a Junior, tras el empate 2-2 en el tiempo regular e imponerse en los penales (3-4, para as\u00ed acompa\u00f1ar a Once Caldas en esta instancia del certamen. Empez\u00f3 emocionante el partido. Al minuto 7, a [&hellip;]<\/p>\n","protected":false},"author":4,"featured_media":117106,"comment_status":"open","ping_status":"open","sticky":false,"template":"","format":"standard","meta":{"_acf_changed":false,"footnotes":""},"categories":[1046],"tags":[],"class_list":{"0":"post-117105","1":"post","2":"type-post","3":"status-publish","4":"format-standard","5":"has-post-thumbnail","7":"category-sudamericana"},"acf":[],"yoast_head":"<!-- This site is optimized with the Yoast SEO plugin v26.8 - https:\/\/yoast.com\/product\/yoast-seo-wordpress\/ -->\n<title>Am\u00e9rica deja sin Sudamericana a Junior -<\/title>\n<meta name=\"robots\" content=\"index, follow, max-snippet:-1, max-image-preview:large, max-video-preview:-1\" \/>\n<link rel=\"canonical\" href=\"https:\/\/futbolhoy.co\/index.php\/2025\/03\/06\/america-deja-sin-sudamericana-a-junior\/\" \/>\n<meta property=\"og:locale\" content=\"es_ES\" \/>\n<meta property=\"og:type\" content=\"article\" \/>\n<meta property=\"og:title\" content=\"Am\u00e9rica deja sin Sudamericana a Junior -\" \/>\n<meta property=\"og:description\" content=\"Listos los dos representantes de Colombia en la fase de grupos de la Copa Sudamericana. Am\u00e9rica dej\u00f3 en el camino a Junior, tras el empate 2-2 en el tiempo regular e imponerse en los penales (3-4, para as\u00ed acompa\u00f1ar a Once Caldas en esta instancia del certamen. Empez\u00f3 emocionante el partido. Al minuto 7, a [&hellip;]\" \/>\n<meta property=\"og:url\" content=\"https:\/\/futbolhoy.co\/index.php\/2025\/03\/06\/america-deja-sin-sudamericana-a-junior\/\" \/>\n<meta property=\"article:publisher\" content=\"https:\/\/www.facebook.com\/FutbolHoyCol\/\" \/>\n<meta property=\"article:published_time\" content=\"2025-03-07T03:05:17+00:00\" \/>\n<meta property=\"article:modified_time\" content=\"2025-03-08T21:22:53+00:00\" \/>\n<meta property=\"og:image\" content=\"https:\/\/futbolhoy.co\/wp-content\/uploads\/2025\/03\/GlZ91HuXQAEPdob.jpg\" \/>\n\t<meta property=\"og:image:width\" content=\"1075\" \/>\n\t<meta property=\"og:image:height\" content=\"701\" \/>\n\t<meta property=\"og:image:type\" content=\"image\/jpeg\" \/>\n<meta name=\"author\" content=\"contenido\" \/>\n<meta name=\"twitter:card\" content=\"summary_large_image\" \/>\n<meta name=\"twitter:creator\" content=\"@FutbolHoyCol\" \/>\n<meta name=\"twitter:site\" content=\"@FutbolHoyCol\" \/>\n<meta name=\"twitter:label1\" content=\"Escrito por\" \/>\n\t<meta name=\"twitter:data1\" content=\"contenido\" \/>\n\t<meta name=\"twitter:label2\" content=\"Tiempo de lectura\" \/>\n\t<meta name=\"twitter:data2\" content=\"1 minuto\" \/>\n<script type=\"application\/ld+json\" class=\"yoast-schema-graph\">{\"@context\":\"https:\/\/schema.org\",\"@graph\":[{\"@type\":\"Article\",\"@id\":\"https:\/\/futbolhoy.co\/index.php\/2025\/03\/06\/america-deja-sin-sudamericana-a-junior\/#article\",\"isPartOf\":{\"@id\":\"https:\/\/futbolhoy.co\/index.php\/2025\/03\/06\/america-deja-sin-sudamericana-a-junior\/\"},\"author\":{\"name\":\"contenido\",\"@id\":\"https:\/\/futbolhoy.co\/#\/schema\/person\/1721b69355b6623eaff15ac7b92d4cc3\"},\"headline\":\"Am\u00e9rica deja sin Sudamericana a Junior\",\"datePublished\":\"2025-03-07T03:05:17+00:00\",\"dateModified\":\"2025-03-08T21:22:53+00:00\",\"mainEntityOfPage\":{\"@id\":\"https:\/\/futbolhoy.co\/index.php\/2025\/03\/06\/america-deja-sin-sudamericana-a-junior\/\"},\"wordCount\":218,\"commentCount\":0,\"publisher\":{\"@id\":\"https:\/\/futbolhoy.co\/#organization\"},\"image\":{\"@id\":\"https:\/\/futbolhoy.co\/index.php\/2025\/03\/06\/america-deja-sin-sudamericana-a-junior\/#primaryimage\"},\"thumbnailUrl\":\"https:\/\/futbolhoy.co\/wp-content\/uploads\/2025\/03\/GlZ91HuXQAEPdob.jpg\",\"articleSection\":[\"Sudamericana\"],\"inLanguage\":\"es\",\"potentialAction\":[{\"@type\":\"CommentAction\",\"name\":\"Comment\",\"target\":[\"https:\/\/futbolhoy.co\/index.php\/2025\/03\/06\/america-deja-sin-sudamericana-a-junior\/#respond\"]}]},{\"@type\":\"WebPage\",\"@id\":\"https:\/\/futbolhoy.co\/index.php\/2025\/03\/06\/america-deja-sin-sudamericana-a-junior\/\",\"url\":\"https:\/\/futbolhoy.co\/index.php\/2025\/03\/06\/america-deja-sin-sudamericana-a-junior\/\",\"name\":\"Am\u00e9rica deja sin Sudamericana a Junior -\",\"isPartOf\":{\"@id\":\"https:\/\/futbolhoy.co\/#website\"},\"primaryImageOfPage\":{\"@id\":\"https:\/\/futbolhoy.co\/index.php\/2025\/03\/06\/america-deja-sin-sudamericana-a-junior\/#primaryimage\"},\"image\":{\"@id\":\"https:\/\/futbolhoy.co\/index.php\/2025\/03\/06\/america-deja-sin-sudamericana-a-junior\/#primaryimage\"},\"thumbnailUrl\":\"https:\/\/futbolhoy.co\/wp-content\/uploads\/2025\/03\/GlZ91HuXQAEPdob.jpg\",\"datePublished\":\"2025-03-07T03:05:17+00:00\",\"dateModified\":\"2025-03-08T21:22:53+00:00\",\"breadcrumb\":{\"@id\":\"https:\/\/futbolhoy.co\/index.php\/2025\/03\/06\/america-deja-sin-sudamericana-a-junior\/#breadcrumb\"},\"inLanguage\":\"es\",\"potentialAction\":[{\"@type\":\"ReadAction\",\"target\":[\"https:\/\/futbolhoy.co\/index.php\/2025\/03\/06\/america-deja-sin-sudamericana-a-junior\/\"]}]},{\"@type\":\"ImageObject\",\"inLanguage\":\"es\",\"@id\":\"https:\/\/futbolhoy.co\/index.php\/2025\/03\/06\/america-deja-sin-sudamericana-a-junior\/#primaryimage\",\"url\":\"https:\/\/futbolhoy.co\/wp-content\/uploads\/2025\/03\/GlZ91HuXQAEPdob.jpg\",\"contentUrl\":\"https:\/\/futbolhoy.co\/wp-content\/uploads\/2025\/03\/GlZ91HuXQAEPdob.jpg\",\"width\":1075,\"height\":701},{\"@type\":\"BreadcrumbList\",\"@id\":\"https:\/\/futbolhoy.co\/index.php\/2025\/03\/06\/america-deja-sin-sudamericana-a-junior\/#breadcrumb\",\"itemListElement\":[{\"@type\":\"ListItem\",\"position\":1,\"name\":\"Portada\",\"item\":\"https:\/\/futbolhoy.co\/\"},{\"@type\":\"ListItem\",\"position\":2,\"name\":\"Am\u00e9rica deja sin Sudamericana a Junior\"}]},{\"@type\":\"WebSite\",\"@id\":\"https:\/\/futbolhoy.co\/#website\",\"url\":\"https:\/\/futbolhoy.co\/\",\"name\":\"FutbolHoy\",\"description\":\"\",\"publisher\":{\"@id\":\"https:\/\/futbolhoy.co\/#organization\"},\"potentialAction\":[{\"@type\":\"SearchAction\",\"target\":{\"@type\":\"EntryPoint\",\"urlTemplate\":\"https:\/\/futbolhoy.co\/?s={search_term_string}\"},\"query-input\":{\"@type\":\"PropertyValueSpecification\",\"valueRequired\":true,\"valueName\":\"search_term_string\"}}],\"inLanguage\":\"es\"},{\"@type\":\"Organization\",\"@id\":\"https:\/\/futbolhoy.co\/#organization\",\"name\":\"Futbolhoy.co\",\"url\":\"https:\/\/futbolhoy.co\/\",\"logo\":{\"@type\":\"ImageObject\",\"inLanguage\":\"es\",\"@id\":\"https:\/\/futbolhoy.co\/#\/schema\/logo\/image\/\",\"url\":\"https:\/\/futbolhoy.co\/wp-content\/uploads\/2018\/08\/17426380_1906371736249227_6326180412931521141_n.jpg\",\"contentUrl\":\"https:\/\/futbolhoy.co\/wp-content\/uploads\/2018\/08\/17426380_1906371736249227_6326180412931521141_n.jpg\",\"width\":960,\"height\":960,\"caption\":\"Futbolhoy.co\"},\"image\":{\"@id\":\"https:\/\/futbolhoy.co\/#\/schema\/logo\/image\/\"},\"sameAs\":[\"https:\/\/www.facebook.com\/FutbolHoyCol\/\",\"https:\/\/x.com\/FutbolHoyCol\",\"https:\/\/www.instagram.com\/futbolhoycol\/\"]},{\"@type\":\"Person\",\"@id\":\"https:\/\/futbolhoy.co\/#\/schema\/person\/1721b69355b6623eaff15ac7b92d4cc3\",\"name\":\"contenido\",\"image\":{\"@type\":\"ImageObject\",\"inLanguage\":\"es\",\"@id\":\"https:\/\/futbolhoy.co\/#\/schema\/person\/image\/\",\"url\":\"https:\/\/secure.gravatar.com\/avatar\/4f656d3256f5134f466206e7c3941518?s=96&d=mm&r=g\",\"contentUrl\":\"https:\/\/secure.gravatar.com\/avatar\/4f656d3256f5134f466206e7c3941518?s=96&d=mm&r=g\",\"caption\":\"contenido\"}}]}<\/script>\n<!-- \/ Yoast SEO plugin. -->","yoast_head_json":{"title":"Am\u00e9rica deja sin Sudamericana a Junior -","robots":{"index":"index","follow":"follow","max-snippet":"max-snippet:-1","max-image-preview":"max-image-preview:large","max-video-preview":"max-video-preview:-1"},"canonical":"https:\/\/futbolhoy.co\/index.php\/2025\/03\/06\/america-deja-sin-sudamericana-a-junior\/","og_locale":"es_ES","og_type":"article","og_title":"Am\u00e9rica deja sin Sudamericana a Junior -","og_description":"Listos los dos representantes de Colombia en la fase de grupos de la Copa Sudamericana. Am\u00e9rica dej\u00f3 en el camino a Junior, tras el empate 2-2 en el tiempo regular e imponerse en los penales (3-4, para as\u00ed acompa\u00f1ar a Once Caldas en esta instancia del certamen. Empez\u00f3 emocionante el partido. Al minuto 7, a [&hellip;]","og_url":"https:\/\/futbolhoy.co\/index.php\/2025\/03\/06\/america-deja-sin-sudamericana-a-junior\/","article_publisher":"https:\/\/www.facebook.com\/FutbolHoyCol\/","article_published_time":"2025-03-07T03:05:17+00:00","article_modified_time":"2025-03-08T21:22:53+00:00","og_image":[{"width":1075,"height":701,"url":"https:\/\/futbolhoy.co\/wp-content\/uploads\/2025\/03\/GlZ91HuXQAEPdob.jpg","type":"image\/jpeg"}],"author":"contenido","twitter_card":"summary_large_image","twitter_creator":"@FutbolHoyCol","twitter_site":"@FutbolHoyCol","twitter_misc":{"Escrito por":"contenido","Tiempo de lectura":"1 minuto"},"schema":{"@context":"https:\/\/schema.org","@graph":[{"@type":"Article","@id":"https:\/\/futbolhoy.co\/index.php\/2025\/03\/06\/america-deja-sin-sudamericana-a-junior\/#article","isPartOf":{"@id":"https:\/\/futbolhoy.co\/index.php\/2025\/03\/06\/america-deja-sin-sudamericana-a-junior\/"},"author":{"name":"contenido","@id":"https:\/\/futbolhoy.co\/#\/schema\/person\/1721b69355b6623eaff15ac7b92d4cc3"},"headline":"Am\u00e9rica deja sin Sudamericana a Junior","datePublished":"2025-03-07T03:05:17+00:00","dateModified":"2025-03-08T21:22:53+00:00","mainEntityOfPage":{"@id":"https:\/\/futbolhoy.co\/index.php\/2025\/03\/06\/america-deja-sin-sudamericana-a-junior\/"},"wordCount":218,"commentCount":0,"publisher":{"@id":"https:\/\/futbolhoy.co\/#organization"},"image":{"@id":"https:\/\/futbolhoy.co\/index.php\/2025\/03\/06\/america-deja-sin-sudamericana-a-junior\/#primaryimage"},"thumbnailUrl":"https:\/\/futbolhoy.co\/wp-content\/uploads\/2025\/03\/GlZ91HuXQAEPdob.jpg","articleSection":["Sudamericana"],"inLanguage":"es","potentialAction":[{"@type":"CommentAction","name":"Comment","target":["https:\/\/futbolhoy.co\/index.php\/2025\/03\/06\/america-deja-sin-sudamericana-a-junior\/#respond"]}]},{"@type":"WebPage","@id":"https:\/\/futbolhoy.co\/index.php\/2025\/03\/06\/america-deja-sin-sudamericana-a-junior\/","url":"https:\/\/futbolhoy.co\/index.php\/2025\/03\/06\/america-deja-sin-sudamericana-a-junior\/","name":"Am\u00e9rica deja sin Sudamericana a Junior -","isPartOf":{"@id":"https:\/\/futbolhoy.co\/#website"},"primaryImageOfPage":{"@id":"https:\/\/futbolhoy.co\/index.php\/2025\/03\/06\/america-deja-sin-sudamericana-a-junior\/#primaryimage"},"image":{"@id":"https:\/\/futbolhoy.co\/index.php\/2025\/03\/06\/america-deja-sin-sudamericana-a-junior\/#primaryimage"},"thumbnailUrl":"https:\/\/futbolhoy.co\/wp-content\/uploads\/2025\/03\/GlZ91HuXQAEPdob.jpg","datePublished":"2025-03-07T03:05:17+00:00","dateModified":"2025-03-08T21:22:53+00:00","breadcrumb":{"@id":"https:\/\/futbolhoy.co\/index.php\/2025\/03\/06\/america-deja-sin-sudamericana-a-junior\/#breadcrumb"},"inLanguage":"es","potentialAction":[{"@type":"ReadAction","target":["https:\/\/futbolhoy.co\/index.php\/2025\/03\/06\/america-deja-sin-sudamericana-a-junior\/"]}]},{"@type":"ImageObject","inLanguage":"es","@id":"https:\/\/futbolhoy.co\/index.php\/2025\/03\/06\/america-deja-sin-sudamericana-a-junior\/#primaryimage","url":"https:\/\/futbolhoy.co\/wp-content\/uploads\/2025\/03\/GlZ91HuXQAEPdob.jpg","contentUrl":"https:\/\/futbolhoy.co\/wp-content\/uploads\/2025\/03\/GlZ91HuXQAEPdob.jpg","width":1075,"height":701},{"@type":"BreadcrumbList","@id":"https:\/\/futbolhoy.co\/index.php\/2025\/03\/06\/america-deja-sin-sudamericana-a-junior\/#breadcrumb","itemListElement":[{"@type":"ListItem","position":1,"name":"Portada","item":"https:\/\/futbolhoy.co\/"},{"@type":"ListItem","position":2,"name":"Am\u00e9rica deja sin Sudamericana a Junior"}]},{"@type":"WebSite","@id":"https:\/\/futbolhoy.co\/#website","url":"https:\/\/futbolhoy.co\/","name":"FutbolHoy","description":"","publisher":{"@id":"https:\/\/futbolhoy.co\/#organization"},"potentialAction":[{"@type":"SearchAction","target":{"@type":"EntryPoint","urlTemplate":"https:\/\/futbolhoy.co\/?s={search_term_string}"},"query-input":{"@type":"PropertyValueSpecification","valueRequired":true,"valueName":"search_term_string"}}],"inLanguage":"es"},{"@type":"Organization","@id":"https:\/\/futbolhoy.co\/#organization","name":"Futbolhoy.co","url":"https:\/\/futbolhoy.co\/","logo":{"@type":"ImageObject","inLanguage":"es","@id":"https:\/\/futbolhoy.co\/#\/schema\/logo\/image\/","url":"https:\/\/futbolhoy.co\/wp-content\/uploads\/2018\/08\/17426380_1906371736249227_6326180412931521141_n.jpg","contentUrl":"https:\/\/futbolhoy.co\/wp-content\/uploads\/2018\/08\/17426380_1906371736249227_6326180412931521141_n.jpg","width":960,"height":960,"caption":"Futbolhoy.co"},"image":{"@id":"https:\/\/futbolhoy.co\/#\/schema\/logo\/image\/"},"sameAs":["https:\/\/www.facebook.com\/FutbolHoyCol\/","https:\/\/x.com\/FutbolHoyCol","https:\/\/www.instagram.com\/futbolhoycol\/"]},{"@type":"Person","@id":"https:\/\/futbolhoy.co\/#\/schema\/person\/1721b69355b6623eaff15ac7b92d4cc3","name":"contenido","image":{"@type":"ImageObject","inLanguage":"es","@id":"https:\/\/futbolhoy.co\/#\/schema\/person\/image\/","url":"https:\/\/secure.gravatar.com\/avatar\/4f656d3256f5134f466206e7c3941518?s=96&d=mm&r=g","contentUrl":"https:\/\/secure.gravatar.com\/avatar\/4f656d3256f5134f466206e7c3941518?s=96&d=mm&r=g","caption":"contenido"}}]}},"publishpress_future_action":{"enabled":false,"date":"2026-05-03 17:47:57","action":"change-status","newStatus":"draft","terms":[],"taxonomy":"category","extraData":[]},"publishpress_future_workflow_manual_trigger":{"enabledWorkflows":[]},"_links":{"self":[{"href":"https:\/\/futbolhoy.co\/index.php\/wp-json\/wp\/v2\/posts\/117105","targetHints":{"allow":["GET"]}}],"collection":[{"href":"https:\/\/futbolhoy.co\/index.php\/wp-json\/wp\/v2\/posts"}],"about":[{"href":"https:\/\/futbolhoy.co\/index.php\/wp-json\/wp\/v2\/types\/post"}],"author":[{"embeddable":true,"href":"https:\/\/futbolhoy.co\/index.php\/wp-json\/wp\/v2\/users\/4"}],"replies":[{"embeddable":true,"href":"https:\/\/futbolhoy.co\/index.php\/wp-json\/wp\/v2\/comments?post=117105"}],"version-history":[{"count":1,"href":"https:\/\/futbolhoy.co\/index.php\/wp-json\/wp\/v2\/posts\/117105\/revisions"}],"predecessor-version":[{"id":117107,"href":"https:\/\/futbolhoy.co\/index.php\/wp-json\/wp\/v2\/posts\/117105\/revisions\/117107"}],"wp:featuredmedia":[{"embeddable":true,"href":"https:\/\/futbolhoy.co\/index.php\/wp-json\/wp\/v2\/media\/117106"}],"wp:attachment":[{"href":"https:\/\/futbolhoy.co\/index.php\/wp-json\/wp\/v2\/media?parent=117105"}],"wp:term":[{"taxonomy":"category","embeddable":true,"href":"https:\/\/futbolhoy.co\/index.php\/wp-json\/wp\/v2\/categories?post=117105"},{"taxonomy":"post_tag","embeddable":true,"href":"https:\/\/futbolhoy.co\/index.php\/wp-json\/wp\/v2\/tags?post=117105"}],"curies":[{"name":"wp","href":"https:\/\/api.w.org\/{rel}","templated":true}]}}