{"id":117124,"date":"2025-03-07T13:41:16","date_gmt":"2025-03-07T18:41:16","guid":{"rendered":"https:\/\/futbolhoy.co\/?p=117124"},"modified":"2025-03-09T09:48:38","modified_gmt":"2025-03-09T14:48:38","slug":"dt-extranjero-revela-dialogos-con-santa-fe","status":"publish","type":"post","link":"https:\/\/futbolhoy.co\/index.php\/2025\/03\/07\/dt-extranjero-revela-dialogos-con-santa-fe\/","title":{"rendered":"DT extranjero revela di\u00e1logos con Santa Fe"},"content":{"rendered":"<p><span style=\"font-family: helvetica, arial, sans-serif; text-align: justify;\"><strong>Independiente Santa Fe<\/strong> sigue sin anunciar al reemplazante de<strong> Pablo Peirano.<\/strong> Las directivas se encuentran trabajando en la contrataci\u00f3n del nuevo entrenador y, si bien no quieren que se filtre mucha informaci\u00f3n, un candidato revel\u00f3 que hay di\u00e1logos adelantados.<\/span><\/p>\n<p style=\"text-align: justify;\"><span style=\"font-family: helvetica, arial, sans-serif;\">Se trata del uruguyao<strong> Jorge Bava,<\/strong> quien ha tenido dos experiencias en la dirigencia t\u00e9cnica, en el <strong>Liverpool de Uruguay y Le\u00f3n de M\u00e9xico<\/strong>. Con el cuadro Charr\u00faa sali\u00f3 campe\u00f3n de la Liga y de la Supercopa en 2023.<\/span><\/p>\n<p style=\"text-align: justify;\"><span style=\"font-family: helvetica, arial, sans-serif;\">Desde su salida de Le\u00f3n en septiembre del 2024, no ha dirigido ning\u00fan club. No obstante, en di\u00e1logo con ESPN, dijo: \"Eso ya lo est\u00e1 hablando mi representante.\u00a0<strong>Tuvo contacto d\u00edas despu\u00e9s del \u00faltimo partido de Liga<\/strong>, pero como el formato del campeonato colombiano es primero clasificar a un cuadrangular, se quer\u00edan tomar las cosas con calma\".<\/span><\/p>\n<p style=\"text-align: justify;\"><span style=\"font-family: helvetica, arial, sans-serif;\">\"Desde Independiente Santa Fe ya me entrevistaron y dem\u00e1s. Es algo similar a lo de <strong>V\u00e9lez Sarsfield,<\/strong> tuve la oportunidad, estando en Liverpool, pero no quer\u00eda cortar el proceso en ese entonces, pero se va mirando con calma\", agreg\u00f3 mencionando que el club bogotano no le pide tomar la decisi\u00f3n la pr\u00f3xima semana.<\/span><\/p>\n<p style=\"text-align: justify;\"><span style=\"font-family: helvetica, arial, sans-serif;\">Bava ya estuvo en el f\u00fatbol colombiano. Fue arquero de <strong>Atl\u00e9tico Bucaramanga<\/strong> entre 2016 y 2017, atajando en 21 partidos.<\/span><\/p>\n","protected":false},"excerpt":{"rendered":"<p>Independiente Santa Fe sigue sin anunciar al reemplazante de Pablo Peirano. Las directivas se encuentran trabajando en la contrataci\u00f3n del nuevo entrenador y, si bien no quieren que se filtre mucha informaci\u00f3n, un candidato revel\u00f3 que hay di\u00e1logos adelantados. Se trata del uruguyao Jorge Bava, quien ha tenido dos experiencias en la dirigencia t\u00e9cnica, en [&hellip;]<\/p>\n","protected":false},"author":4,"featured_media":117125,"comment_status":"open","ping_status":"open","sticky":false,"template":"","format":"standard","meta":{"_acf_changed":false,"footnotes":""},"categories":[7],"tags":[],"class_list":{"0":"post-117124","1":"post","2":"type-post","3":"status-publish","4":"format-standard","5":"has-post-thumbnail","7":"category-liga-betplay"},"acf":[],"yoast_head":"<!-- This site is optimized with the Yoast SEO plugin v26.8 - https:\/\/yoast.com\/product\/yoast-seo-wordpress\/ -->\n<title>DT extranjero revela di\u00e1logos con Santa Fe -<\/title>\n<meta name=\"robots\" content=\"index, follow, max-snippet:-1, max-image-preview:large, max-video-preview:-1\" \/>\n<link rel=\"canonical\" href=\"https:\/\/futbolhoy.co\/index.php\/2025\/03\/07\/dt-extranjero-revela-dialogos-con-santa-fe\/\" \/>\n<meta property=\"og:locale\" content=\"es_ES\" \/>\n<meta property=\"og:type\" content=\"article\" \/>\n<meta property=\"og:title\" content=\"DT extranjero revela di\u00e1logos con Santa Fe -\" \/>\n<meta property=\"og:description\" content=\"Independiente Santa Fe sigue sin anunciar al reemplazante de Pablo Peirano. Las directivas se encuentran trabajando en la contrataci\u00f3n del nuevo entrenador y, si bien no quieren que se filtre mucha informaci\u00f3n, un candidato revel\u00f3 que hay di\u00e1logos adelantados. Se trata del uruguyao Jorge Bava, quien ha tenido dos experiencias en la dirigencia t\u00e9cnica, en [&hellip;]\" \/>\n<meta property=\"og:url\" content=\"https:\/\/futbolhoy.co\/index.php\/2025\/03\/07\/dt-extranjero-revela-dialogos-con-santa-fe\/\" \/>\n<meta property=\"article:publisher\" content=\"https:\/\/www.facebook.com\/FutbolHoyCol\/\" \/>\n<meta property=\"article:published_time\" content=\"2025-03-07T18:41:16+00:00\" \/>\n<meta property=\"article:modified_time\" content=\"2025-03-09T14:48:38+00:00\" \/>\n<meta property=\"og:image\" content=\"https:\/\/futbolhoy.co\/wp-content\/uploads\/2025\/03\/bava.jpg\" \/>\n\t<meta property=\"og:image:width\" content=\"920\" \/>\n\t<meta property=\"og:image:height\" content=\"613\" \/>\n\t<meta property=\"og:image:type\" content=\"image\/jpeg\" \/>\n<meta name=\"author\" content=\"contenido\" \/>\n<meta name=\"twitter:card\" content=\"summary_large_image\" \/>\n<meta name=\"twitter:creator\" content=\"@FutbolHoyCol\" \/>\n<meta name=\"twitter:site\" content=\"@FutbolHoyCol\" \/>\n<meta name=\"twitter:label1\" content=\"Escrito por\" \/>\n\t<meta name=\"twitter:data1\" content=\"contenido\" \/>\n\t<meta name=\"twitter:label2\" content=\"Tiempo de lectura\" \/>\n\t<meta name=\"twitter:data2\" content=\"1 minuto\" \/>\n<script type=\"application\/ld+json\" class=\"yoast-schema-graph\">{\"@context\":\"https:\/\/schema.org\",\"@graph\":[{\"@type\":\"Article\",\"@id\":\"https:\/\/futbolhoy.co\/index.php\/2025\/03\/07\/dt-extranjero-revela-dialogos-con-santa-fe\/#article\",\"isPartOf\":{\"@id\":\"https:\/\/futbolhoy.co\/index.php\/2025\/03\/07\/dt-extranjero-revela-dialogos-con-santa-fe\/\"},\"author\":{\"name\":\"contenido\",\"@id\":\"https:\/\/futbolhoy.co\/#\/schema\/person\/1721b69355b6623eaff15ac7b92d4cc3\"},\"headline\":\"DT extranjero revela di\u00e1logos con Santa Fe\",\"datePublished\":\"2025-03-07T18:41:16+00:00\",\"dateModified\":\"2025-03-09T14:48:38+00:00\",\"mainEntityOfPage\":{\"@id\":\"https:\/\/futbolhoy.co\/index.php\/2025\/03\/07\/dt-extranjero-revela-dialogos-con-santa-fe\/\"},\"wordCount\":232,\"commentCount\":0,\"publisher\":{\"@id\":\"https:\/\/futbolhoy.co\/#organization\"},\"image\":{\"@id\":\"https:\/\/futbolhoy.co\/index.php\/2025\/03\/07\/dt-extranjero-revela-dialogos-con-santa-fe\/#primaryimage\"},\"thumbnailUrl\":\"https:\/\/futbolhoy.co\/wp-content\/uploads\/2025\/03\/bava.jpg\",\"articleSection\":[\"Liga BetPlay\"],\"inLanguage\":\"es\",\"potentialAction\":[{\"@type\":\"CommentAction\",\"name\":\"Comment\",\"target\":[\"https:\/\/futbolhoy.co\/index.php\/2025\/03\/07\/dt-extranjero-revela-dialogos-con-santa-fe\/#respond\"]}]},{\"@type\":\"WebPage\",\"@id\":\"https:\/\/futbolhoy.co\/index.php\/2025\/03\/07\/dt-extranjero-revela-dialogos-con-santa-fe\/\",\"url\":\"https:\/\/futbolhoy.co\/index.php\/2025\/03\/07\/dt-extranjero-revela-dialogos-con-santa-fe\/\",\"name\":\"DT extranjero revela di\u00e1logos con Santa Fe -\",\"isPartOf\":{\"@id\":\"https:\/\/futbolhoy.co\/#website\"},\"primaryImageOfPage\":{\"@id\":\"https:\/\/futbolhoy.co\/index.php\/2025\/03\/07\/dt-extranjero-revela-dialogos-con-santa-fe\/#primaryimage\"},\"image\":{\"@id\":\"https:\/\/futbolhoy.co\/index.php\/2025\/03\/07\/dt-extranjero-revela-dialogos-con-santa-fe\/#primaryimage\"},\"thumbnailUrl\":\"https:\/\/futbolhoy.co\/wp-content\/uploads\/2025\/03\/bava.jpg\",\"datePublished\":\"2025-03-07T18:41:16+00:00\",\"dateModified\":\"2025-03-09T14:48:38+00:00\",\"breadcrumb\":{\"@id\":\"https:\/\/futbolhoy.co\/index.php\/2025\/03\/07\/dt-extranjero-revela-dialogos-con-santa-fe\/#breadcrumb\"},\"inLanguage\":\"es\",\"potentialAction\":[{\"@type\":\"ReadAction\",\"target\":[\"https:\/\/futbolhoy.co\/index.php\/2025\/03\/07\/dt-extranjero-revela-dialogos-con-santa-fe\/\"]}]},{\"@type\":\"ImageObject\",\"inLanguage\":\"es\",\"@id\":\"https:\/\/futbolhoy.co\/index.php\/2025\/03\/07\/dt-extranjero-revela-dialogos-con-santa-fe\/#primaryimage\",\"url\":\"https:\/\/futbolhoy.co\/wp-content\/uploads\/2025\/03\/bava.jpg\",\"contentUrl\":\"https:\/\/futbolhoy.co\/wp-content\/uploads\/2025\/03\/bava.jpg\",\"width\":920,\"height\":613},{\"@type\":\"BreadcrumbList\",\"@id\":\"https:\/\/futbolhoy.co\/index.php\/2025\/03\/07\/dt-extranjero-revela-dialogos-con-santa-fe\/#breadcrumb\",\"itemListElement\":[{\"@type\":\"ListItem\",\"position\":1,\"name\":\"Portada\",\"item\":\"https:\/\/futbolhoy.co\/\"},{\"@type\":\"ListItem\",\"position\":2,\"name\":\"DT extranjero revela di\u00e1logos con Santa Fe\"}]},{\"@type\":\"WebSite\",\"@id\":\"https:\/\/futbolhoy.co\/#website\",\"url\":\"https:\/\/futbolhoy.co\/\",\"name\":\"FutbolHoy\",\"description\":\"\",\"publisher\":{\"@id\":\"https:\/\/futbolhoy.co\/#organization\"},\"potentialAction\":[{\"@type\":\"SearchAction\",\"target\":{\"@type\":\"EntryPoint\",\"urlTemplate\":\"https:\/\/futbolhoy.co\/?s={search_term_string}\"},\"query-input\":{\"@type\":\"PropertyValueSpecification\",\"valueRequired\":true,\"valueName\":\"search_term_string\"}}],\"inLanguage\":\"es\"},{\"@type\":\"Organization\",\"@id\":\"https:\/\/futbolhoy.co\/#organization\",\"name\":\"Futbolhoy.co\",\"url\":\"https:\/\/futbolhoy.co\/\",\"logo\":{\"@type\":\"ImageObject\",\"inLanguage\":\"es\",\"@id\":\"https:\/\/futbolhoy.co\/#\/schema\/logo\/image\/\",\"url\":\"https:\/\/futbolhoy.co\/wp-content\/uploads\/2018\/08\/17426380_1906371736249227_6326180412931521141_n.jpg\",\"contentUrl\":\"https:\/\/futbolhoy.co\/wp-content\/uploads\/2018\/08\/17426380_1906371736249227_6326180412931521141_n.jpg\",\"width\":960,\"height\":960,\"caption\":\"Futbolhoy.co\"},\"image\":{\"@id\":\"https:\/\/futbolhoy.co\/#\/schema\/logo\/image\/\"},\"sameAs\":[\"https:\/\/www.facebook.com\/FutbolHoyCol\/\",\"https:\/\/x.com\/FutbolHoyCol\",\"https:\/\/www.instagram.com\/futbolhoycol\/\"]},{\"@type\":\"Person\",\"@id\":\"https:\/\/futbolhoy.co\/#\/schema\/person\/1721b69355b6623eaff15ac7b92d4cc3\",\"name\":\"contenido\",\"image\":{\"@type\":\"ImageObject\",\"inLanguage\":\"es\",\"@id\":\"https:\/\/futbolhoy.co\/#\/schema\/person\/image\/\",\"url\":\"https:\/\/secure.gravatar.com\/avatar\/4f656d3256f5134f466206e7c3941518?s=96&d=mm&r=g\",\"contentUrl\":\"https:\/\/secure.gravatar.com\/avatar\/4f656d3256f5134f466206e7c3941518?s=96&d=mm&r=g\",\"caption\":\"contenido\"}}]}<\/script>\n<!-- \/ Yoast SEO plugin. -->","yoast_head_json":{"title":"DT extranjero revela di\u00e1logos con Santa Fe -","robots":{"index":"index","follow":"follow","max-snippet":"max-snippet:-1","max-image-preview":"max-image-preview:large","max-video-preview":"max-video-preview:-1"},"canonical":"https:\/\/futbolhoy.co\/index.php\/2025\/03\/07\/dt-extranjero-revela-dialogos-con-santa-fe\/","og_locale":"es_ES","og_type":"article","og_title":"DT extranjero revela di\u00e1logos con Santa Fe -","og_description":"Independiente Santa Fe sigue sin anunciar al reemplazante de Pablo Peirano. Las directivas se encuentran trabajando en la contrataci\u00f3n del nuevo entrenador y, si bien no quieren que se filtre mucha informaci\u00f3n, un candidato revel\u00f3 que hay di\u00e1logos adelantados. Se trata del uruguyao Jorge Bava, quien ha tenido dos experiencias en la dirigencia t\u00e9cnica, en [&hellip;]","og_url":"https:\/\/futbolhoy.co\/index.php\/2025\/03\/07\/dt-extranjero-revela-dialogos-con-santa-fe\/","article_publisher":"https:\/\/www.facebook.com\/FutbolHoyCol\/","article_published_time":"2025-03-07T18:41:16+00:00","article_modified_time":"2025-03-09T14:48:38+00:00","og_image":[{"width":920,"height":613,"url":"https:\/\/futbolhoy.co\/wp-content\/uploads\/2025\/03\/bava.jpg","type":"image\/jpeg"}],"author":"contenido","twitter_card":"summary_large_image","twitter_creator":"@FutbolHoyCol","twitter_site":"@FutbolHoyCol","twitter_misc":{"Escrito por":"contenido","Tiempo de lectura":"1 minuto"},"schema":{"@context":"https:\/\/schema.org","@graph":[{"@type":"Article","@id":"https:\/\/futbolhoy.co\/index.php\/2025\/03\/07\/dt-extranjero-revela-dialogos-con-santa-fe\/#article","isPartOf":{"@id":"https:\/\/futbolhoy.co\/index.php\/2025\/03\/07\/dt-extranjero-revela-dialogos-con-santa-fe\/"},"author":{"name":"contenido","@id":"https:\/\/futbolhoy.co\/#\/schema\/person\/1721b69355b6623eaff15ac7b92d4cc3"},"headline":"DT extranjero revela di\u00e1logos con Santa Fe","datePublished":"2025-03-07T18:41:16+00:00","dateModified":"2025-03-09T14:48:38+00:00","mainEntityOfPage":{"@id":"https:\/\/futbolhoy.co\/index.php\/2025\/03\/07\/dt-extranjero-revela-dialogos-con-santa-fe\/"},"wordCount":232,"commentCount":0,"publisher":{"@id":"https:\/\/futbolhoy.co\/#organization"},"image":{"@id":"https:\/\/futbolhoy.co\/index.php\/2025\/03\/07\/dt-extranjero-revela-dialogos-con-santa-fe\/#primaryimage"},"thumbnailUrl":"https:\/\/futbolhoy.co\/wp-content\/uploads\/2025\/03\/bava.jpg","articleSection":["Liga BetPlay"],"inLanguage":"es","potentialAction":[{"@type":"CommentAction","name":"Comment","target":["https:\/\/futbolhoy.co\/index.php\/2025\/03\/07\/dt-extranjero-revela-dialogos-con-santa-fe\/#respond"]}]},{"@type":"WebPage","@id":"https:\/\/futbolhoy.co\/index.php\/2025\/03\/07\/dt-extranjero-revela-dialogos-con-santa-fe\/","url":"https:\/\/futbolhoy.co\/index.php\/2025\/03\/07\/dt-extranjero-revela-dialogos-con-santa-fe\/","name":"DT extranjero revela di\u00e1logos con Santa Fe -","isPartOf":{"@id":"https:\/\/futbolhoy.co\/#website"},"primaryImageOfPage":{"@id":"https:\/\/futbolhoy.co\/index.php\/2025\/03\/07\/dt-extranjero-revela-dialogos-con-santa-fe\/#primaryimage"},"image":{"@id":"https:\/\/futbolhoy.co\/index.php\/2025\/03\/07\/dt-extranjero-revela-dialogos-con-santa-fe\/#primaryimage"},"thumbnailUrl":"https:\/\/futbolhoy.co\/wp-content\/uploads\/2025\/03\/bava.jpg","datePublished":"2025-03-07T18:41:16+00:00","dateModified":"2025-03-09T14:48:38+00:00","breadcrumb":{"@id":"https:\/\/futbolhoy.co\/index.php\/2025\/03\/07\/dt-extranjero-revela-dialogos-con-santa-fe\/#breadcrumb"},"inLanguage":"es","potentialAction":[{"@type":"ReadAction","target":["https:\/\/futbolhoy.co\/index.php\/2025\/03\/07\/dt-extranjero-revela-dialogos-con-santa-fe\/"]}]},{"@type":"ImageObject","inLanguage":"es","@id":"https:\/\/futbolhoy.co\/index.php\/2025\/03\/07\/dt-extranjero-revela-dialogos-con-santa-fe\/#primaryimage","url":"https:\/\/futbolhoy.co\/wp-content\/uploads\/2025\/03\/bava.jpg","contentUrl":"https:\/\/futbolhoy.co\/wp-content\/uploads\/2025\/03\/bava.jpg","width":920,"height":613},{"@type":"BreadcrumbList","@id":"https:\/\/futbolhoy.co\/index.php\/2025\/03\/07\/dt-extranjero-revela-dialogos-con-santa-fe\/#breadcrumb","itemListElement":[{"@type":"ListItem","position":1,"name":"Portada","item":"https:\/\/futbolhoy.co\/"},{"@type":"ListItem","position":2,"name":"DT extranjero revela di\u00e1logos con Santa Fe"}]},{"@type":"WebSite","@id":"https:\/\/futbolhoy.co\/#website","url":"https:\/\/futbolhoy.co\/","name":"FutbolHoy","description":"","publisher":{"@id":"https:\/\/futbolhoy.co\/#organization"},"potentialAction":[{"@type":"SearchAction","target":{"@type":"EntryPoint","urlTemplate":"https:\/\/futbolhoy.co\/?s={search_term_string}"},"query-input":{"@type":"PropertyValueSpecification","valueRequired":true,"valueName":"search_term_string"}}],"inLanguage":"es"},{"@type":"Organization","@id":"https:\/\/futbolhoy.co\/#organization","name":"Futbolhoy.co","url":"https:\/\/futbolhoy.co\/","logo":{"@type":"ImageObject","inLanguage":"es","@id":"https:\/\/futbolhoy.co\/#\/schema\/logo\/image\/","url":"https:\/\/futbolhoy.co\/wp-content\/uploads\/2018\/08\/17426380_1906371736249227_6326180412931521141_n.jpg","contentUrl":"https:\/\/futbolhoy.co\/wp-content\/uploads\/2018\/08\/17426380_1906371736249227_6326180412931521141_n.jpg","width":960,"height":960,"caption":"Futbolhoy.co"},"image":{"@id":"https:\/\/futbolhoy.co\/#\/schema\/logo\/image\/"},"sameAs":["https:\/\/www.facebook.com\/FutbolHoyCol\/","https:\/\/x.com\/FutbolHoyCol","https:\/\/www.instagram.com\/futbolhoycol\/"]},{"@type":"Person","@id":"https:\/\/futbolhoy.co\/#\/schema\/person\/1721b69355b6623eaff15ac7b92d4cc3","name":"contenido","image":{"@type":"ImageObject","inLanguage":"es","@id":"https:\/\/futbolhoy.co\/#\/schema\/person\/image\/","url":"https:\/\/secure.gravatar.com\/avatar\/4f656d3256f5134f466206e7c3941518?s=96&d=mm&r=g","contentUrl":"https:\/\/secure.gravatar.com\/avatar\/4f656d3256f5134f466206e7c3941518?s=96&d=mm&r=g","caption":"contenido"}}]}},"publishpress_future_action":{"enabled":false,"date":"2026-05-03 16:19:38","action":"change-status","newStatus":"draft","terms":[],"taxonomy":"category","extraData":[]},"publishpress_future_workflow_manual_trigger":{"enabledWorkflows":[]},"_links":{"self":[{"href":"https:\/\/futbolhoy.co\/index.php\/wp-json\/wp\/v2\/posts\/117124","targetHints":{"allow":["GET"]}}],"collection":[{"href":"https:\/\/futbolhoy.co\/index.php\/wp-json\/wp\/v2\/posts"}],"about":[{"href":"https:\/\/futbolhoy.co\/index.php\/wp-json\/wp\/v2\/types\/post"}],"author":[{"embeddable":true,"href":"https:\/\/futbolhoy.co\/index.php\/wp-json\/wp\/v2\/users\/4"}],"replies":[{"embeddable":true,"href":"https:\/\/futbolhoy.co\/index.php\/wp-json\/wp\/v2\/comments?post=117124"}],"version-history":[{"count":1,"href":"https:\/\/futbolhoy.co\/index.php\/wp-json\/wp\/v2\/posts\/117124\/revisions"}],"predecessor-version":[{"id":117126,"href":"https:\/\/futbolhoy.co\/index.php\/wp-json\/wp\/v2\/posts\/117124\/revisions\/117126"}],"wp:featuredmedia":[{"embeddable":true,"href":"https:\/\/futbolhoy.co\/index.php\/wp-json\/wp\/v2\/media\/117125"}],"wp:attachment":[{"href":"https:\/\/futbolhoy.co\/index.php\/wp-json\/wp\/v2\/media?parent=117124"}],"wp:term":[{"taxonomy":"category","embeddable":true,"href":"https:\/\/futbolhoy.co\/index.php\/wp-json\/wp\/v2\/categories?post=117124"},{"taxonomy":"post_tag","embeddable":true,"href":"https:\/\/futbolhoy.co\/index.php\/wp-json\/wp\/v2\/tags?post=117124"}],"curies":[{"name":"wp","href":"https:\/\/api.w.org\/{rel}","templated":true}]}}