{"id":117158,"date":"2025-03-09T12:20:32","date_gmt":"2025-03-09T17:20:32","guid":{"rendered":"https:\/\/futbolhoy.co\/?p=117158"},"modified":"2025-03-10T10:10:37","modified_gmt":"2025-03-10T15:10:37","slug":"falcao-sufre-lesion-con-millonarios","status":"publish","type":"post","link":"https:\/\/futbolhoy.co\/index.php\/2025\/03\/09\/falcao-sufre-lesion-con-millonarios\/","title":{"rendered":"Falcao sufre lesi\u00f3n: parte m\u00e9dico y tiempo de baja estimado"},"content":{"rendered":"<p style=\"text-align: justify;\"><span style=\"font-family: helvetica, arial, sans-serif;\"><strong>Millonarios<\/strong> anunci\u00f3 este s\u00e1bado la convocatoria de jugadores para visitar a Junior el domingo en el Metropolitano. Caus\u00f3 sorpresa la ausencia de<strong> Radamel Falcao Garc\u00eda<\/strong>, pero posteriormente se inform\u00f3 la raz\u00f3n.<\/span><\/p>\n<p style=\"text-align: justify;\"><span style=\"font-family: helvetica, arial, sans-serif;\">\u201cMillonarios informa que en el entrenamiento de este s\u00e1bado, previo al viaje a Barranquilla, Radamel Falcao Garc\u00eda <strong>sufri\u00f3 un trauma en el cu\u00e1driceps de su pierna derecha<\/strong> por lo cual no podr\u00e1 viajar al partido vs Junior\u201d, se lee en el comunicado.<\/span><\/p>\n<p style=\"text-align: justify;\"><span style=\"font-family: helvetica, arial, sans-serif;\">El delantero fue sometido a <strong>ex\u00e1menes m\u00e9dicos<\/strong> para establecer el alcance de la molestia. Este domingo, informaron que se trata de una <strong>lesi\u00f3n grado 2 al nivel del recto femoral anterior derecho. <\/strong>Lo anterior, le supondr\u00e1 un tiempo de baja entre 3 y 4 semanas.<\/span><\/p>\n<p style=\"text-align: justify;\"><span style=\"font-family: helvetica, arial, sans-serif;\">En lo que va del a\u00f1o, ha jugado cinco partidos y contribuido con un gol. En el m\u00e1s reciente compromiso del club ante <strong>Once Caldas<\/strong> por Copa Sudamericana, solo disput\u00f3 5 minutos.<\/span><\/p>\n<p style=\"text-align: justify;\"><span style=\"font-family: helvetica, arial, sans-serif;\">Otras novedades en la lista de viajeros son las de<strong> Juan Pablo Vargas y Santiago Giordana<\/strong>, quienes tampoco lo hicieron por molestias f\u00edsicas. Por su parte, el m\u00e1ximo goleador del Sudamericano Sub-20, Neiser Villarreal, recibi\u00f3 su primer llamado.<\/span><\/p>\n<p>&nbsp;<\/p>\n<blockquote class=\"twitter-tweet\">\n<p dir=\"ltr\" lang=\"es\">\ud83e\ude7a\u24c2\ufe0f Informe de Resultados Diagn\u00f3sticos: Falcao Garc\u00eda<\/p>\n<p>\u25b6\ufe0f<a href=\"https:\/\/t.co\/fh7vV7xxq5\">https:\/\/t.co\/fh7vV7xxq5<\/a> <a href=\"https:\/\/t.co\/JCxDZ6DgwO\">pic.twitter.com\/JCxDZ6DgwO<\/a><\/p>\n<p>\u2014 Millonarios FC (@MillosFCoficial) <a href=\"https:\/\/twitter.com\/MillosFCoficial\/status\/1898781541448176087?ref_src=twsrc%5Etfw\">March 9, 2025<\/a><\/p><\/blockquote>\n<p><script async src=\"https:\/\/platform.twitter.com\/widgets.js\" charset=\"utf-8\"><\/script><\/p>\n","protected":false},"excerpt":{"rendered":"<p>Millonarios anunci\u00f3 este s\u00e1bado la convocatoria de jugadores para visitar a Junior el domingo en el Metropolitano. Caus\u00f3 sorpresa la ausencia de Radamel Falcao Garc\u00eda, pero posteriormente se inform\u00f3 la raz\u00f3n. \u201cMillonarios informa que en el entrenamiento de este s\u00e1bado, previo al viaje a Barranquilla, Radamel Falcao Garc\u00eda sufri\u00f3 un trauma en el cu\u00e1driceps de [&hellip;]<\/p>\n","protected":false},"author":4,"featured_media":117159,"comment_status":"open","ping_status":"closed","sticky":false,"template":"","format":"standard","meta":{"_acf_changed":false,"footnotes":""},"categories":[7],"tags":[],"class_list":{"0":"post-117158","1":"post","2":"type-post","3":"status-publish","4":"format-standard","5":"has-post-thumbnail","7":"category-liga-betplay"},"acf":[],"_links":{"self":[{"href":"https:\/\/futbolhoy.co\/index.php\/wp-json\/wp\/v2\/posts\/117158","targetHints":{"allow":["GET"]}}],"collection":[{"href":"https:\/\/futbolhoy.co\/index.php\/wp-json\/wp\/v2\/posts"}],"about":[{"href":"https:\/\/futbolhoy.co\/index.php\/wp-json\/wp\/v2\/types\/post"}],"author":[{"embeddable":true,"href":"https:\/\/futbolhoy.co\/index.php\/wp-json\/wp\/v2\/users\/4"}],"replies":[{"embeddable":true,"href":"https:\/\/futbolhoy.co\/index.php\/wp-json\/wp\/v2\/comments?post=117158"}],"version-history":[{"count":5,"href":"https:\/\/futbolhoy.co\/index.php\/wp-json\/wp\/v2\/posts\/117158\/revisions"}],"predecessor-version":[{"id":117217,"href":"https:\/\/futbolhoy.co\/index.php\/wp-json\/wp\/v2\/posts\/117158\/revisions\/117217"}],"wp:featuredmedia":[{"embeddable":true,"href":"https:\/\/futbolhoy.co\/index.php\/wp-json\/wp\/v2\/media\/117159"}],"wp:attachment":[{"href":"https:\/\/futbolhoy.co\/index.php\/wp-json\/wp\/v2\/media?parent=117158"}],"wp:term":[{"taxonomy":"category","embeddable":true,"href":"https:\/\/futbolhoy.co\/index.php\/wp-json\/wp\/v2\/categories?post=117158"},{"taxonomy":"post_tag","embeddable":true,"href":"https:\/\/futbolhoy.co\/index.php\/wp-json\/wp\/v2\/tags?post=117158"}],"curies":[{"name":"wp","href":"https:\/\/api.w.org\/{rel}","templated":true}]}}