{"id":117205,"date":"2025-03-10T07:20:56","date_gmt":"2025-03-10T12:20:56","guid":{"rendered":"https:\/\/futbolhoy.co\/?p=117205"},"modified":"2025-03-11T16:45:16","modified_gmt":"2025-03-11T21:45:16","slug":"colombianos-que-marcaron-gol-en-el-exterior-durante-el-fin-de-semana","status":"publish","type":"post","link":"https:\/\/futbolhoy.co\/index.php\/2025\/03\/10\/colombianos-que-marcaron-gol-en-el-exterior-durante-el-fin-de-semana\/","title":{"rendered":"Colombianos que marcaron gol en el exterior durante el fin de semana"},"content":{"rendered":"<p style=\"text-align: justify;\"><span style=\"font-family: helvetica, arial, sans-serif;\">Pas\u00f3 otro fin de semana y nuevamente los futbolistas colombianos fueron protagonistas en el exterior con sus anotaciones. Entre los m\u00e1s destacados aparecen hombres que podr\u00edan ser llamados a la <strong>Selecci\u00f3n Colombia,<\/strong> como el caso de <strong>Jhon C\u00f3rdoba<\/strong> o Santiago Arias, as\u00ed como <strong>Leicy Santos<\/strong> e Ivonne Chac\u00f3n.<\/span><\/p>\n<p><span style=\"font-family: helvetica, arial, sans-serif; font-size: 14pt;\">Todos los goles colombianos durante el fin de semana:<\/span><\/p>\n<p style=\"text-align: justify;\"><span style=\"font-family: helvetica, arial, sans-serif;\">&#8211; Jhon C\u00f3rdoba confirm\u00f3 la victoria de Krasnodar 3-0 sobre Pari Nizhniy en Rusia. Noveno de la temporada.<\/span><\/p>\n<blockquote class=\"twitter-tweet\" data-media-max-width=\"560\">\n<p dir=\"ltr\" lang=\"es\">\ud83c\udde8\ud83c\uddf4 Jhon C\u00f3rdoba sell\u00f3 el triunfo de Krasnodar sobre Pari Nizhniy poniendo el 0-3<\/p>\n<p>\u26bd El colombiano lleg\u00f3 a su noveno gol en la temporada en 20 partidos jugados. Tambi\u00e9n cuenta con 3 asistencias.<a href=\"https:\/\/t.co\/u4zUGechLr\">https:\/\/t.co\/u4zUGechLr<\/a> <a href=\"https:\/\/t.co\/1U8uGeMuqm\">pic.twitter.com\/1U8uGeMuqm<\/a><\/p>\n<p>\u2014 FutbolHoy (@FutbolHoyCol) <a href=\"https:\/\/twitter.com\/FutbolHoyCol\/status\/1898068671072706780?ref_src=twsrc%5Etfw\">March 7, 2025<\/a><\/p><\/blockquote>\n<p><script async src=\"https:\/\/platform.twitter.com\/widgets.js\" charset=\"utf-8\"><\/script><span style=\"font-family: helvetica, arial, sans-serif;\">&#8211; Mateo Casierra el segundo en la victoria de Zenit 0-2 ante Fakel en la liga rusa. S\u00e9ptimo en Liga y 8 en toda la temporada.<\/span><\/p>\n<blockquote class=\"twitter-tweet\" data-media-max-width=\"560\">\n<p dir=\"ltr\" lang=\"es\">\ud83c\udde8\ud83c\uddf4 Gol de Mateo Cassierra para sentenciar el triunfo 0-2 del Zenit contra Fakel Vor\u00f3nezh por la Liga de Rusia<\/p>\n<p>\u26bd\ufe0f Octava anotaci\u00f3n en 25 juegos disputados en lo que va de temporada.<\/p>\n<p><a href=\"https:\/\/t.co\/0FaHD0Vjxe\">pic.twitter.com\/0FaHD0Vjxe<\/a><\/p>\n<p>\u2014 FutbolHoy (@FutbolHoyCol) <a href=\"https:\/\/twitter.com\/FutbolHoyCol\/status\/1898366309391351941?ref_src=twsrc%5Etfw\">March 8, 2025<\/a><\/p><\/blockquote>\n<p><script async src=\"https:\/\/platform.twitter.com\/widgets.js\" charset=\"utf-8\"><\/script><span style=\"font-family: helvetica, arial, sans-serif;\">&#8211; Johan Carbonero abri\u00f3 el triunfo de Internacional 0-2 sobre Gremio en el juego de ida por la final del Gaucho de Brasil. Segundo con su equipo.<\/span><\/p>\n<p>&nbsp;<\/p>\n<blockquote class=\"twitter-tweet\" data-media-max-width=\"560\">\n<p dir=\"ltr\" lang=\"es\">\ud83c\udde8\ud83c\uddf4 Johan Carbonero abri\u00f3 el marcador para Inter de Porto Alegre en la final ida del Torneo Gaucho ante Gremio<\/p>\n<p>\u26bd\ufe0f El colombiano, a pr\u00e9stamo desde Racing, marc\u00f3 su segunda anotaci\u00f3n en 9 juegos disputados con el club brasile\u00f1o.<\/p>\n<p><a href=\"https:\/\/t.co\/Q4v1pXz3jJ\">pic.twitter.com\/Q4v1pXz3jJ<\/a><\/p>\n<p>\u2014 FutbolHoy (@FutbolHoyCol) <a href=\"https:\/\/twitter.com\/FutbolHoyCol\/status\/1898492337699144185?ref_src=twsrc%5Etfw\">March 8, 2025<\/a><\/p><\/blockquote>\n<p><script async src=\"https:\/\/platform.twitter.com\/widgets.js\" charset=\"utf-8\"><\/script><span style=\"font-family: helvetica, arial, sans-serif;\">&#8211; Santiago Arias el segundo de Bah\u00eda en la goleada 0-5 ante Jacuipense y se clasificpo a la fiunal del torneo Bahiano. Primero del a\u00f1o.<\/span><\/p>\n<blockquote class=\"twitter-tweet\" data-media-max-width=\"560\">\n<p dir=\"ltr\" lang=\"zxx\"><a href=\"https:\/\/t.co\/V1yCJy1onc\">pic.twitter.com\/V1yCJy1onc<\/a><\/p>\n<p>\u2014 DG (@DGols01) <a href=\"https:\/\/twitter.com\/DGols01\/status\/1898850111255675177?ref_src=twsrc%5Etfw\">March 9, 2025<\/a><\/p><\/blockquote>\n<p><script async src=\"https:\/\/platform.twitter.com\/widgets.js\" charset=\"utf-8\"><\/script><span style=\"font-family: helvetica, arial, sans-serif;\">&#8211; Diber Cambindo el primero de Necaxa en la derrota 5-2 ante Toluca en M\u00e9xico. D\u00e9cimo del a\u00f1o y se anfianz\u00f3 como m\u00e1ximo artillero.<\/span><\/p>\n<blockquote class=\"twitter-tweet\" data-media-max-width=\"560\">\n<p dir=\"ltr\" lang=\"es\">Se llama Diber Armando Cambindo, unos le dicen O&#8217; Rei, pero nosotros podemos llamarle L\u00cdDER DE GOLEO.\ud83d\ude0e\ud83d\udca5<\/p>\n<p>Hidroc\u00e1lidos, revivan el tercero de la noche para los Rayos.\u26a1\ud83c\udd9a\u2693<a href=\"https:\/\/twitter.com\/ClubNecaxa?ref_src=twsrc%5Etfw\">@ClubNecaxa<\/a> 3-1 <a href=\"https:\/\/twitter.com\/MazatlanFC?ref_src=twsrc%5Etfw\">@MazatlanFC<\/a><a href=\"https:\/\/twitter.com\/hashtag\/Jornada8?src=hash&amp;ref_src=twsrc%5Etfw\">#Jornada8<\/a> <a href=\"https:\/\/twitter.com\/hashtag\/Clausura2025?src=hash&amp;ref_src=twsrc%5Etfw\">#Clausura2025<\/a>. <a href=\"https:\/\/t.co\/zR2sOHmv4j\">pic.twitter.com\/zR2sOHmv4j<\/a><\/p>\n<p>\u2014 Liga BBVA MX (@LigaBBVAMX) <a href=\"https:\/\/twitter.com\/LigaBBVAMX\/status\/1893135834661995010?ref_src=twsrc%5Etfw\">February 22, 2025<\/a><\/p><\/blockquote>\n<p><script async src=\"https:\/\/platform.twitter.com\/widgets.js\" charset=\"utf-8\"><\/script><span style=\"font-family: helvetica, arial, sans-serif;\">&#8211; Steven Mendoza el descuento de Le\u00f3n en la derrota 2-1 frente a Santos Laguna en M\u00e9xico. Cuarto del a\u00f1o.<\/span><\/p>\n<blockquote class=\"twitter-tweet\" data-media-max-width=\"560\">\n<p dir=\"ltr\" lang=\"es\">\ud83c\udde8\ud83c\uddf4 GOL COLOMBIANO<\/p>\n<p>Steven Mendoza abri\u00f3 el marcador para Le\u00f3n en su visita a Santos por la Liga MX<\/p>\n<p>\u2611\ufe0f James Rodr\u00edguez tambi\u00e9n es titular <a href=\"https:\/\/t.co\/YIGo3yhGKk\">https:\/\/t.co\/YIGo3yhGKk<\/a><\/p>\n<p><a href=\"https:\/\/t.co\/5AuNsOnSYu\">pic.twitter.com\/5AuNsOnSYu<\/a><\/p>\n<p>\u2014 FutbolHoy (@FutbolHoyCol) <a href=\"https:\/\/twitter.com\/FutbolHoyCol\/status\/1898899983933276427?ref_src=twsrc%5Etfw\">March 10, 2025<\/a><\/p><\/blockquote>\n<p><script async src=\"https:\/\/platform.twitter.com\/widgets.js\" charset=\"utf-8\"><\/script><\/p>\n<p><span style=\"font-family: helvetica, arial, sans-serif;\">&#8211; Ra\u00fal Z\u00fa\u00f1iga uno con Tijuana que cay\u00f3 3-4 ante Atlas en M\u00e9xico. Quinto del a\u00f1o.<\/span><\/p>\n<blockquote class=\"twitter-tweet\" data-media-max-width=\"560\">\n<p dir=\"ltr\" lang=\"es\">El hombre gol del XOLAJE\ud83d\udd34\u26ab<\/p>\n<p>Aqu\u00ed les dejamos el tanto que rompi\u00f3 el cero.<\/p>\n<p>\u00bfQui\u00e9n m\u00e1s? Fue la Pantera Z\u00fa\u00f1iga. \ud83d\udc08\u200d\u2b1b<a href=\"https:\/\/twitter.com\/Xolos?ref_src=twsrc%5Etfw\">@Xolos<\/a> 1-0 <a href=\"https:\/\/twitter.com\/AtlasFC?ref_src=twsrc%5Etfw\">@AtlasFC<\/a> \ud83d\udc36\ud83c\udd9a\ud83e\udd8a<a href=\"https:\/\/twitter.com\/hashtag\/Jornada11?src=hash&amp;ref_src=twsrc%5Etfw\">#Jornada11<\/a> <a href=\"https:\/\/twitter.com\/hashtag\/Clausura2025?src=hash&amp;ref_src=twsrc%5Etfw\">#Clausura2025<\/a>. <a href=\"https:\/\/t.co\/4nCwHxijWK\">pic.twitter.com\/4nCwHxijWK<\/a><\/p>\n<p>\u2014 Liga BBVA MX (@LigaBBVAMX) <a href=\"https:\/\/twitter.com\/LigaBBVAMX\/status\/1898944628486811850?ref_src=twsrc%5Etfw\">March 10, 2025<\/a><\/p><\/blockquote>\n<p><script async src=\"https:\/\/platform.twitter.com\/widgets.js\" charset=\"utf-8\"><\/script><\/p>\n<p style=\"text-align: justify;\"><span style=\"font-family: helvetica, arial, sans-serif;\">&#8211; Daniel Mosquera marc\u00f3 el descuento de Verona en la derrota 1-2 frente a Bolonia en Italia. Quinto de la temporada.<\/span><\/p>\n<p>&nbsp;<\/p>\n<blockquote class=\"twitter-tweet\" data-media-max-width=\"560\">\n<p dir=\"ltr\" lang=\"es\">FESTEJO SUDAMERICANO: el colombiano Daniel Mosquera marc\u00f3 el descuento de Hellas Verona, que ahora cae 2-1 contra Bologna.<\/p>\n<p>\ud83d\udcfa Toda la <a href=\"https:\/\/twitter.com\/hashtag\/SerieA?src=hash&amp;ref_src=twsrc%5Etfw\">#SerieA<\/a>, por <a href=\"https:\/\/twitter.com\/hashtag\/DisneyPlus?src=hash&amp;ref_src=twsrc%5Etfw\">#DisneyPlus<\/a> <a href=\"https:\/\/t.co\/YFZWDouNhV\">pic.twitter.com\/YFZWDouNhV<\/a><\/p>\n<p>\u2014 SportsCenter (@SC_ESPN) <a href=\"https:\/\/twitter.com\/SC_ESPN\/status\/1898723745981693958?ref_src=twsrc%5Etfw\">March 9, 2025<\/a><\/p><\/blockquote>\n<p><script async src=\"https:\/\/platform.twitter.com\/widgets.js\" charset=\"utf-8\"><\/script><\/p>\n<p style=\"text-align: justify;\"><span style=\"font-family: helvetica, arial, sans-serif;\">&#8211; Jeison Medina logr\u00f3 un triplete con Independiente del Valle que gole\u00f3 0-4 a Barcelona en Ecuador. Primeros del a\u00f1o.<\/span><\/p>\n<blockquote class=\"twitter-tweet\" data-media-max-width=\"560\">\n<p dir=\"ltr\" lang=\"es\">\u26bd\ufe0f\ud83d\udd25 Jeison Medina, el 9 en su m\u00e1xima expresi\u00f3n. <a href=\"https:\/\/twitter.com\/hashtag\/LigaProEcuabetConectadaPorXtrim?src=hash&amp;ref_src=twsrc%5Etfw\">#LigaProEcuabetConectadaPorXtrim<\/a> \ud83c\uddea\ud83c\udde8 <a href=\"https:\/\/t.co\/Uf2L90BNlm\">pic.twitter.com\/Uf2L90BNlm<\/a><\/p>\n<p>\u2014 LigaPro (@LigaProEC) <a href=\"https:\/\/twitter.com\/LigaProEC\/status\/1898749753547964587?ref_src=twsrc%5Etfw\">March 9, 2025<\/a><\/p><\/blockquote>\n<p><script async src=\"https:\/\/platform.twitter.com\/widgets.js\" charset=\"utf-8\"><\/script><\/p>\n<p>\u2014 SportsCenter (@SC_ESPN) <a href=\"https:\/\/twitter.com\/SC_ESPN\/status\/1898723745981693958?ref_src=twsrc%5Etfw\">March 9, 2025<\/a><\/p>\n<p><script async src=\"https:\/\/platform.twitter.com\/widgets.js\" charset=\"utf-8\"><\/script><\/p>\n<p style=\"text-align: justify;\"><span style=\"font-family: helvetica, arial, sans-serif;\">&#8211; Luis Fernando Muriel anot\u00f3 el descuento de Orlando City en la derrota 2-1 ante New York City en la MLS. Primero del a\u00f1o.<\/span><\/p>\n<blockquote class=\"twitter-tweet\" data-media-max-width=\"560\">\n<p dir=\"ltr\" lang=\"en\">Luis Muriel goes bottom left for his first of \u201825 \ud83d\ude4c <a href=\"https:\/\/t.co\/x6DjtooaIE\">pic.twitter.com\/x6DjtooaIE<\/a><\/p>\n<p>\u2014 Orlando City SC (@OrlandoCitySC) <a href=\"https:\/\/twitter.com\/OrlandoCitySC\/status\/1898559001429762333?ref_src=twsrc%5Etfw\">March 9, 2025<\/a><\/p><\/blockquote>\n<p><script async src=\"https:\/\/platform.twitter.com\/widgets.js\" charset=\"utf-8\"><\/script><\/p>\n<p style=\"text-align: justify;\"><span style=\"font-family: helvetica, arial, sans-serif;\">&#8211; Leicy Santos salv\u00f3 el empate de Washington Spirit 1-1 frente a Orlando Pride en la final de la Challenge Cup. El t\u00edtulo fue para el equipo de la capital estadounidense tras ganar 4-2 en la tanda de penaltis. Primero del a\u00f1o.<\/span><\/p>\n<blockquote class=\"twitter-tweet\" data-media-max-width=\"560\">\n<p dir=\"ltr\" lang=\"es\">\ud83c\udde8\ud83c\uddf4 La colombiana Leicy Santos marc\u00f3 este golazo de tiro libre para Washington Spirit<\/p>\n<p>\u26bd\ufe0f El juego se fue a los penales y lo gan\u00f3 el equipo de la capital por 4-2 para coronarse en la NESL Challenge Cup.<\/p>\n<p><a href=\"https:\/\/t.co\/QuDHndefmm\">pic.twitter.com\/QuDHndefmm<\/a><\/p>\n<p>\u2014 FutbolHoy (@FutbolHoyCol) <a href=\"https:\/\/twitter.com\/FutbolHoyCol\/status\/1898406728414249231?ref_src=twsrc%5Etfw\">March 8, 2025<\/a><\/p><\/blockquote>\n<p><script async src=\"https:\/\/platform.twitter.com\/widgets.js\" charset=\"utf-8\"><\/script><\/p>\n<p style=\"text-align: justify;\"><span style=\"font-family: helvetica, arial, sans-serif;\">&#8211; Ivonne Chac\u00f3n logr\u00f3 un doblete con Levante que se impuso 2-0 a Tenerife en la Liga Femenina de Espa\u00f1a. La bogotana complet\u00f3 9 tantos en la temporada.<\/span><\/p>\n<blockquote class=\"twitter-tweet\" data-media-max-width=\"560\">\n<p dir=\"ltr\" lang=\"es\">\ud83d\udc4c Control perfecto, disparo impecable<br \/>\n\ud83c\udde8\ud83c\uddf4 \ud835\udddc\ud835\ude03\ud835\uddfc\ud835\uddfb\ud835\uddfb\ud835\uddf2 \ud835\uddd6\ud835\uddf5\ud835\uddee\ud835\uddf0\ud835\uddfc\u0301\ud835\uddfb<\/p>\n<p>\ud83d\udd0c Con\u00e9ctate a <a href=\"https:\/\/twitter.com\/DAZN_ES?ref_src=twsrc%5Etfw\">@DAZN_ES<\/a> <a href=\"https:\/\/twitter.com\/hashtag\/LigaF?src=hash&amp;ref_src=twsrc%5Etfw\">#LigaF<\/a> | <a href=\"https:\/\/twitter.com\/hashtag\/LevanteUDTenerife?src=hash&amp;ref_src=twsrc%5Etfw\">#LevanteUDTenerife<\/a> <a href=\"https:\/\/t.co\/vtTAbfS6fm\">pic.twitter.com\/vtTAbfS6fm<\/a><\/p>\n<p>\u2014 Liga F (@LigaF_oficial) <a href=\"https:\/\/twitter.com\/LigaF_oficial\/status\/1898338069201224025?ref_src=twsrc%5Etfw\">March 8, 2025<\/a><\/p><\/blockquote>\n<p><script async src=\"https:\/\/platform.twitter.com\/widgets.js\" charset=\"utf-8\"><\/script><\/p>\n","protected":false},"excerpt":{"rendered":"<p>Pas\u00f3 otro fin de semana y nuevamente los futbolistas colombianos fueron protagonistas en el exterior con sus anotaciones. Entre los m\u00e1s destacados aparecen hombres que podr\u00edan ser llamados a la Selecci\u00f3n Colombia, como el caso de Jhon C\u00f3rdoba o Santiago Arias, as\u00ed como Leicy Santos e Ivonne Chac\u00f3n. Todos los goles colombianos durante el fin [&hellip;]<\/p>\n","protected":false},"author":4,"featured_media":117206,"comment_status":"open","ping_status":"closed","sticky":false,"template":"","format":"standard","meta":{"_acf_changed":false,"footnotes":""},"categories":[152],"tags":[],"class_list":{"0":"post-117205","1":"post","2":"type-post","3":"status-publish","4":"format-standard","5":"has-post-thumbnail","7":"category-mundo-futbol"},"acf":[],"_links":{"self":[{"href":"https:\/\/futbolhoy.co\/index.php\/wp-json\/wp\/v2\/posts\/117205","targetHints":{"allow":["GET"]}}],"collection":[{"href":"https:\/\/futbolhoy.co\/index.php\/wp-json\/wp\/v2\/posts"}],"about":[{"href":"https:\/\/futbolhoy.co\/index.php\/wp-json\/wp\/v2\/types\/post"}],"author":[{"embeddable":true,"href":"https:\/\/futbolhoy.co\/index.php\/wp-json\/wp\/v2\/users\/4"}],"replies":[{"embeddable":true,"href":"https:\/\/futbolhoy.co\/index.php\/wp-json\/wp\/v2\/comments?post=117205"}],"version-history":[{"count":3,"href":"https:\/\/futbolhoy.co\/index.php\/wp-json\/wp\/v2\/posts\/117205\/revisions"}],"predecessor-version":[{"id":117209,"href":"https:\/\/futbolhoy.co\/index.php\/wp-json\/wp\/v2\/posts\/117205\/revisions\/117209"}],"wp:featuredmedia":[{"embeddable":true,"href":"https:\/\/futbolhoy.co\/index.php\/wp-json\/wp\/v2\/media\/117206"}],"wp:attachment":[{"href":"https:\/\/futbolhoy.co\/index.php\/wp-json\/wp\/v2\/media?parent=117205"}],"wp:term":[{"taxonomy":"category","embeddable":true,"href":"https:\/\/futbolhoy.co\/index.php\/wp-json\/wp\/v2\/categories?post=117205"},{"taxonomy":"post_tag","embeddable":true,"href":"https:\/\/futbolhoy.co\/index.php\/wp-json\/wp\/v2\/tags?post=117205"}],"curies":[{"name":"wp","href":"https:\/\/api.w.org\/{rel}","templated":true}]}}