{"id":117218,"date":"2025-03-10T10:15:00","date_gmt":"2025-03-10T15:15:00","guid":{"rendered":"https:\/\/futbolhoy.co\/?p=117218"},"modified":"2025-03-11T17:56:33","modified_gmt":"2025-03-11T22:56:33","slug":"guerrero-la-principal-novedad-en-la-convocatoria-de-peru-para-eliminatorias","status":"publish","type":"post","link":"https:\/\/futbolhoy.co\/index.php\/2025\/03\/10\/guerrero-la-principal-novedad-en-la-convocatoria-de-peru-para-eliminatorias\/","title":{"rendered":"Guerrero, principal novedad en convocatoria de Per\u00fa para Eliminatorias"},"content":{"rendered":"<p class=\"x_ydpddf5ed50MsoNormal\" style=\"text-align: justify;\"><span style=\"font-family: helvetica, arial, sans-serif;\" data-olk-copy-source=\"MessageBody\">La primera convocatoria del nuevo seleccionador peruano,<strong> \u00d3scar Ib\u00e1\u00f1ez<\/strong>, para las Eliminatorias Sudamericanas al <strong>Mundial 2026<\/strong>, trajo de vuelta a<strong> Paolo Guerrero<\/strong>, y al delantero del Corinthians, Andr\u00e9 Carrillo, junto a nuevas figuras como el defensa Erik Noriega y el atacante<strong> Kenji Cabrera.<\/strong><\/span><\/p>\n<p class=\"x_ydpddf5ed50MsoNormal\" style=\"text-align: justify;\"><span style=\"font-family: helvetica, arial, sans-serif;\">El goleador de la Bicolor pasa por un buen momento en<strong> Alianza Lima<\/strong>, que marcha invicto en la Copa Libertadores, mientras que Carrillo hace lo propio en Corinthians y vuelve a la selecci\u00f3n, tras su ausencia en las \u00faltimas fechas dirigidas por el exentrenador peruano Jorge Fossati.<\/span><\/p>\n<p class=\"x_ydpddf5ed50MsoNormal\" style=\"text-align: justify;\"><span style=\"font-family: helvetica, arial, sans-serif;\">Con esta nueva convocatoria, Ib\u00e1\u00f1ez enfrentar\u00e1 los partidos de eliminatorias sudamericanas al Mundial 2026 que Per\u00fa jugar\u00e1 el <strong>20 de marzo contra Bolivia<\/strong> y el<strong> 25 de marzo frente a Venezuela.<\/strong><\/span><\/p>\n<p class=\"x_ydpddf5ed50MsoNormal\" style=\"text-align: justify;\"><span style=\"font-family: helvetica, arial, sans-serif;\"><strong>Arqueros:<\/strong> Pedro Gallese (Orlando City-USA), Carlos C\u00e1ceda (Melgar), y Diego Enr\u00edquez (Sporting Cristal).<\/span><\/p>\n<p class=\"x_ydpddf5ed50MsoNormal\" style=\"text-align: justify;\"><span style=\"font-family: helvetica, arial, sans-serif;\"><strong>Defensas:<\/strong> Luis Abram (Atlanta United-USA), Luis Adv\u00edncula (Boca Juniors-ARG), Miguel Araujo (Portland Timbers-USA), Aldo Corzo (Universitario), Renzo Garc\u00e9s (Alianza Lima), Marco L\u00f3pez (Copenhague-DIN), Erik Noriega (Alianza Lima), Miguel Trauco (Alianza Lima) y Carlos Zambrano (Alianza Lima).<\/span><\/p>\n<p class=\"x_ydpddf5ed50MsoNormal\" style=\"text-align: justify;\"><span style=\"font-family: helvetica, arial, sans-serif;\"><strong>Volantes:<\/strong> Pedro Aquino (Santos Laguna-MEX) Catriel Cabellos (Sporting Cristal), Jes\u00fas Castillo (Gil Vicente-POR), Sergio Pe\u00f1a (PAOK-GRE), Piero Quispe (Pumas-MEX), Oliver Sonne (Burnley-ING), Renato Tapia (Legan\u00e9s-ESP).<\/span><\/p>\n<p class=\"x_ydpddf5ed50MsoNormal\" style=\"text-align: justify;\"><span style=\"font-family: helvetica, arial, sans-serif;\"><strong>Delanteros:<\/strong> Gianluca Lapadula (Spezia-USA), Paolo Guerrero (Alianza Lima), Kevin Quevedo (Alianza Lima), Bryan Reyna (Belgrano-ARG), Edison Flores (Universitario), Luis Ramos (Am\u00e9rica-COL), Andy Polo (Universitario), Andr\u00e9 Carrillo (Corinthians-BRA) y Kenji Cabrera (Melgar).<\/span><\/p>\n<p class=\"x_ydpddf5ed50MsoNormal\" style=\"text-align: justify;\"><span style=\"font-family: helvetica, arial, sans-serif;\">Disputadas doce fechas de las eliminatorias sudamericanas, Per\u00fa est\u00e1 \u00faltimo en la tabla de posiciones, con una victoria y 7 puntos acumulados.<\/span><\/p>\n","protected":false},"excerpt":{"rendered":"<p>La primera convocatoria del nuevo seleccionador peruano, \u00d3scar Ib\u00e1\u00f1ez, para las Eliminatorias Sudamericanas al Mundial 2026, trajo de vuelta a Paolo Guerrero, y al delantero del Corinthians, Andr\u00e9 Carrillo, junto a nuevas figuras como el defensa Erik Noriega y el atacante Kenji Cabrera. El goleador de la Bicolor pasa por un buen momento en Alianza [&hellip;]<\/p>\n","protected":false},"author":4,"featured_media":117220,"comment_status":"open","ping_status":"closed","sticky":false,"template":"","format":"standard","meta":{"_acf_changed":false,"footnotes":""},"categories":[152],"tags":[],"class_list":{"0":"post-117218","1":"post","2":"type-post","3":"status-publish","4":"format-standard","5":"has-post-thumbnail","7":"category-mundo-futbol"},"acf":[],"_links":{"self":[{"href":"https:\/\/futbolhoy.co\/index.php\/wp-json\/wp\/v2\/posts\/117218","targetHints":{"allow":["GET"]}}],"collection":[{"href":"https:\/\/futbolhoy.co\/index.php\/wp-json\/wp\/v2\/posts"}],"about":[{"href":"https:\/\/futbolhoy.co\/index.php\/wp-json\/wp\/v2\/types\/post"}],"author":[{"embeddable":true,"href":"https:\/\/futbolhoy.co\/index.php\/wp-json\/wp\/v2\/users\/4"}],"replies":[{"embeddable":true,"href":"https:\/\/futbolhoy.co\/index.php\/wp-json\/wp\/v2\/comments?post=117218"}],"version-history":[{"count":2,"href":"https:\/\/futbolhoy.co\/index.php\/wp-json\/wp\/v2\/posts\/117218\/revisions"}],"predecessor-version":[{"id":117221,"href":"https:\/\/futbolhoy.co\/index.php\/wp-json\/wp\/v2\/posts\/117218\/revisions\/117221"}],"wp:featuredmedia":[{"embeddable":true,"href":"https:\/\/futbolhoy.co\/index.php\/wp-json\/wp\/v2\/media\/117220"}],"wp:attachment":[{"href":"https:\/\/futbolhoy.co\/index.php\/wp-json\/wp\/v2\/media?parent=117218"}],"wp:term":[{"taxonomy":"category","embeddable":true,"href":"https:\/\/futbolhoy.co\/index.php\/wp-json\/wp\/v2\/categories?post=117218"},{"taxonomy":"post_tag","embeddable":true,"href":"https:\/\/futbolhoy.co\/index.php\/wp-json\/wp\/v2\/tags?post=117218"}],"curies":[{"name":"wp","href":"https:\/\/api.w.org\/{rel}","templated":true}]}}