{"id":117223,"date":"2025-03-10T15:53:16","date_gmt":"2025-03-10T20:53:16","guid":{"rendered":"https:\/\/futbolhoy.co\/?p=117223"},"modified":"2025-03-11T19:24:48","modified_gmt":"2025-03-12T00:24:48","slug":"liverpool-anuncio-el-regreso-de-adidas-por-millonario-acuerdo","status":"publish","type":"post","link":"https:\/\/futbolhoy.co\/index.php\/2025\/03\/10\/liverpool-anuncio-el-regreso-de-adidas-por-millonario-acuerdo\/","title":{"rendered":"Liverpool anunci\u00f3 el regreso de Adidas por millonario acuerdo"},"content":{"rendered":"<p style=\"text-align: justify;\"><span style=\"font-weight: 400; font-family: helvetica, arial, sans-serif;\">Este lunes <strong>Liverpool anunci\u00f3 el regreso de Adidas<\/strong> como marca que dise\u00f1e su equipaci\u00f3n por los pr\u00f3ximos a\u00f1os, <strong>en un acuerdo de 71 millones de euros al a\u00f1o.<\/strong><\/span><\/p>\n<p style=\"text-align: justify;\"><span style=\"font-weight: 400; font-family: helvetica, arial, sans-serif;\">Adidas ya visti\u00f3 al<strong> Liverpool de 1985 a 1996 y de 2006 a 2012,<\/strong> y sucede a Nike como el proveedor principal de las equipaciones de los &#8216;Reds&#8217;, que no han revelado la duraci\u00f3n del acuerdo con la marca alemana, pero s\u00ed que entrar\u00e1 en vigor a partir de agosto pr\u00f3ximo.<\/span><\/p>\n<p style=\"text-align: justify;\"><span style=\"font-weight: 400; font-family: helvetica, arial, sans-serif;\">\u00abEn el pasado hemos logrado muchos \u00e9xitos y hemos creado algunas de las camisetas m\u00e1s ic\u00f3nicas del Liverpool de todos los tiempos. <strong>Le agradecemos a Nike su apoyo en los \u00faltimos cinco a\u00f1os<\/strong> y les deseamos lo mejor en el futuro\u00bb, dijo en un comunicado Billy Hogan, presidente ejecutivo del Liverpool.<\/span><\/p>\n<p style=\"text-align: justify;\"><span style=\"font-weight: 400; font-family: helvetica, arial, sans-serif;\"><strong>\u00abEs uno de los clubes m\u00e1s importantes del mundo<\/strong> y con una mayor base de aficionados. Las camisetas que creamos en el pasado son algunas de las mejores de siempre y queremos seguir haciendo cl\u00e1sicos para los fans\u00bb, se\u00f1al\u00f3 Bjorn Gulden, presidente ejecutivo de Adidas.<\/span><\/p>\n","protected":false},"excerpt":{"rendered":"<p>Este lunes Liverpool anunci\u00f3 el regreso de Adidas como marca que dise\u00f1e su equipaci\u00f3n por los pr\u00f3ximos a\u00f1os, en un acuerdo de 71 millones de euros al a\u00f1o. Adidas ya visti\u00f3 al Liverpool de 1985 a 1996 y de 2006 a 2012, y sucede a Nike como el proveedor principal de las equipaciones de los [&hellip;]<\/p>\n","protected":false},"author":4,"featured_media":117224,"comment_status":"open","ping_status":"closed","sticky":false,"template":"","format":"standard","meta":{"_acf_changed":false,"footnotes":""},"categories":[152],"tags":[],"class_list":{"0":"post-117223","1":"post","2":"type-post","3":"status-publish","4":"format-standard","5":"has-post-thumbnail","7":"category-mundo-futbol"},"acf":[],"_links":{"self":[{"href":"https:\/\/futbolhoy.co\/index.php\/wp-json\/wp\/v2\/posts\/117223","targetHints":{"allow":["GET"]}}],"collection":[{"href":"https:\/\/futbolhoy.co\/index.php\/wp-json\/wp\/v2\/posts"}],"about":[{"href":"https:\/\/futbolhoy.co\/index.php\/wp-json\/wp\/v2\/types\/post"}],"author":[{"embeddable":true,"href":"https:\/\/futbolhoy.co\/index.php\/wp-json\/wp\/v2\/users\/4"}],"replies":[{"embeddable":true,"href":"https:\/\/futbolhoy.co\/index.php\/wp-json\/wp\/v2\/comments?post=117223"}],"version-history":[{"count":1,"href":"https:\/\/futbolhoy.co\/index.php\/wp-json\/wp\/v2\/posts\/117223\/revisions"}],"predecessor-version":[{"id":117225,"href":"https:\/\/futbolhoy.co\/index.php\/wp-json\/wp\/v2\/posts\/117223\/revisions\/117225"}],"wp:featuredmedia":[{"embeddable":true,"href":"https:\/\/futbolhoy.co\/index.php\/wp-json\/wp\/v2\/media\/117224"}],"wp:attachment":[{"href":"https:\/\/futbolhoy.co\/index.php\/wp-json\/wp\/v2\/media?parent=117223"}],"wp:term":[{"taxonomy":"category","embeddable":true,"href":"https:\/\/futbolhoy.co\/index.php\/wp-json\/wp\/v2\/categories?post=117223"},{"taxonomy":"post_tag","embeddable":true,"href":"https:\/\/futbolhoy.co\/index.php\/wp-json\/wp\/v2\/tags?post=117223"}],"curies":[{"name":"wp","href":"https:\/\/api.w.org\/{rel}","templated":true}]}}