{"id":117227,"date":"2025-03-10T17:44:19","date_gmt":"2025-03-10T22:44:19","guid":{"rendered":"https:\/\/futbolhoy.co\/?p=117227"},"modified":"2025-03-11T19:31:34","modified_gmt":"2025-03-12T00:31:34","slug":"volvio-con-todo-doblete-de-jhon-duran-con-al-nassr","status":"publish","type":"post","link":"https:\/\/futbolhoy.co\/index.php\/2025\/03\/10\/volvio-con-todo-doblete-de-jhon-duran-con-al-nassr\/","title":{"rendered":"Volvi\u00f3 con todo: Doblete de Jhon Dur\u00e1n con Al Nassr"},"content":{"rendered":"<p style=\"text-align: justify;\"><span style=\"font-weight: 400; font-family: helvetica, arial, sans-serif;\">Despu\u00e9s de cinco partidos sin marcar gol, <strong>el colombiano Jhon Jader Dur\u00e1n volvi\u00f3 a ver porter\u00eda con Al Nassr,<\/strong> con un doblete este lunes en el duelo de vuelta de los octavos de final de la Champions League de la AFC.<\/span><\/p>\n<p style=\"text-align: justify;\"><span style=\"font-weight: 400; font-family: helvetica, arial, sans-serif;\">Al minuto 9 del partido frente a Esteghlal,<strong> el colombiano aprovech\u00f3 una mala salida del portero<\/strong> rival para encajar la pelota de una manera perfecta, un golazo que fue gritado por la afici\u00f3n de su club por cortar una mala racha en el momento justo.<\/span><\/p>\n<p style=\"text-align: justify;\"><span style=\"font-weight: 400; font-family: helvetica, arial, sans-serif;\"><strong>El siguiente en anotar fue Cristiano Ronaldo,<\/strong> que al minuto 27 de penal encaj\u00f3 el segundo para aumentar la ventaja y dejar casi lista la clasificaci\u00f3n.<\/span><\/p>\n<p style=\"text-align: justify;\"><span style=\"font-weight: 400; font-family: helvetica, arial, sans-serif;\">El doblete de Dur\u00e1n lleg\u00f3 sobre el final, cuando al minuto 84 pint\u00f3 una nueva joya de gol en la porter\u00eda rival para poner el<strong> 3-0 definitivo con el que Al Nassr clasific\u00f3 a la siguiente ronda.<\/strong><\/span><\/p>\n","protected":false},"excerpt":{"rendered":"<p>Despu\u00e9s de cinco partidos sin marcar gol, el colombiano Jhon Jader Dur\u00e1n volvi\u00f3 a ver porter\u00eda con Al Nassr, con un doblete este lunes en el duelo de vuelta de los octavos de final de la Champions League de la AFC. Al minuto 9 del partido frente a Esteghlal, el colombiano aprovech\u00f3 una mala salida [&hellip;]<\/p>\n","protected":false},"author":4,"featured_media":117228,"comment_status":"open","ping_status":"closed","sticky":false,"template":"","format":"standard","meta":{"_acf_changed":false,"footnotes":""},"categories":[152],"tags":[],"class_list":{"0":"post-117227","1":"post","2":"type-post","3":"status-publish","4":"format-standard","5":"has-post-thumbnail","7":"category-mundo-futbol"},"acf":[],"_links":{"self":[{"href":"https:\/\/futbolhoy.co\/index.php\/wp-json\/wp\/v2\/posts\/117227","targetHints":{"allow":["GET"]}}],"collection":[{"href":"https:\/\/futbolhoy.co\/index.php\/wp-json\/wp\/v2\/posts"}],"about":[{"href":"https:\/\/futbolhoy.co\/index.php\/wp-json\/wp\/v2\/types\/post"}],"author":[{"embeddable":true,"href":"https:\/\/futbolhoy.co\/index.php\/wp-json\/wp\/v2\/users\/4"}],"replies":[{"embeddable":true,"href":"https:\/\/futbolhoy.co\/index.php\/wp-json\/wp\/v2\/comments?post=117227"}],"version-history":[{"count":1,"href":"https:\/\/futbolhoy.co\/index.php\/wp-json\/wp\/v2\/posts\/117227\/revisions"}],"predecessor-version":[{"id":117229,"href":"https:\/\/futbolhoy.co\/index.php\/wp-json\/wp\/v2\/posts\/117227\/revisions\/117229"}],"wp:featuredmedia":[{"embeddable":true,"href":"https:\/\/futbolhoy.co\/index.php\/wp-json\/wp\/v2\/media\/117228"}],"wp:attachment":[{"href":"https:\/\/futbolhoy.co\/index.php\/wp-json\/wp\/v2\/media?parent=117227"}],"wp:term":[{"taxonomy":"category","embeddable":true,"href":"https:\/\/futbolhoy.co\/index.php\/wp-json\/wp\/v2\/categories?post=117227"},{"taxonomy":"post_tag","embeddable":true,"href":"https:\/\/futbolhoy.co\/index.php\/wp-json\/wp\/v2\/tags?post=117227"}],"curies":[{"name":"wp","href":"https:\/\/api.w.org\/{rel}","templated":true}]}}