{"id":11749,"date":"2018-01-04T21:02:34","date_gmt":"2018-01-05T02:02:34","guid":{"rendered":"http:\/\/futbolhoy.co\/?p=11749"},"modified":"2018-01-04T21:02:34","modified_gmt":"2018-01-05T02:02:34","slug":"armero-y-arevalo-rios-no-interesan-a-santa-fe-gregorio-perez","status":"publish","type":"post","link":"https:\/\/futbolhoy.co\/index.php\/2018\/01\/04\/armero-y-arevalo-rios-no-interesan-a-santa-fe-gregorio-perez\/","title":{"rendered":"Armero y Ar\u00e9valo R\u00edos no interesan a Santa Fe: Gregorio P\u00e9rez"},"content":{"rendered":"<p style=\"font-weight: 400; text-align: justify;\">Los nombres del defensa <strong>Pablo Armero<\/strong> y el volante uruguayo <strong>Egidio Ar\u00e9valo<\/strong> <strong>R\u00edos<\/strong> como eventuales refuerzos para <strong>Santa Fe<\/strong>, fueron descartados por el t\u00e9cnico <strong>Gregorio P\u00e9rez<\/strong>.<\/p>\n<p style=\"font-weight: 400; text-align: justify;\">\u00a0\u201cTrabajamos con el presidente para que lleguen uno o dos futbolistas m\u00e1s\u2026Necesitamos potenciar al equipo de mitad de cancha hacia adelante\u00bb, sostuvo el entrenador en dialogo con Caracol Radio.<\/p>\n<p style=\"font-weight: 400; text-align: justify;\">Sobre la continuidad de <strong>Omar P\u00e9rez<\/strong>, el estratega asegur\u00f3 que no conoce mucho sobre el tema, situaci\u00f3n que maneja el presidente <strong>C\u00e9sar Pastrana<\/strong>.<\/p>\n<p style=\"font-weight: 400; text-align: justify;\">Santa Fe iniciar\u00e1 su pretemporada el pr\u00f3ximo s\u00e1bado en la sede deportiva de Tenjo, al occidente de Bogot\u00e1.<\/p>\n","protected":false},"excerpt":{"rendered":"<p>Los nombres del defensa Pablo Armero y el volante uruguayo Egidio Ar\u00e9valo R\u00edos como eventuales refuerzos para Santa Fe, fueron descartados por el t\u00e9cnico Gregorio P\u00e9rez. \u00a0\u201cTrabajamos con el presidente para que lleguen uno o dos futbolistas m\u00e1s\u2026Necesitamos potenciar al equipo de mitad de cancha hacia adelante\u00bb, sostuvo el entrenador en dialogo con Caracol Radio. [&hellip;]<\/p>\n","protected":false},"author":5,"featured_media":11750,"comment_status":"open","ping_status":"closed","sticky":false,"template":"","format":"standard","meta":{"_acf_changed":false,"footnotes":""},"categories":[5,7],"tags":[169,145],"class_list":{"0":"post-11749","1":"post","2":"type-post","3":"status-publish","4":"format-standard","5":"has-post-thumbnail","7":"category-destacados","8":"category-liga-betplay","9":"tag-independiente-santa-fe","10":"tag-liga-aguila"},"acf":[],"_links":{"self":[{"href":"https:\/\/futbolhoy.co\/index.php\/wp-json\/wp\/v2\/posts\/11749","targetHints":{"allow":["GET"]}}],"collection":[{"href":"https:\/\/futbolhoy.co\/index.php\/wp-json\/wp\/v2\/posts"}],"about":[{"href":"https:\/\/futbolhoy.co\/index.php\/wp-json\/wp\/v2\/types\/post"}],"author":[{"embeddable":true,"href":"https:\/\/futbolhoy.co\/index.php\/wp-json\/wp\/v2\/users\/5"}],"replies":[{"embeddable":true,"href":"https:\/\/futbolhoy.co\/index.php\/wp-json\/wp\/v2\/comments?post=11749"}],"version-history":[{"count":2,"href":"https:\/\/futbolhoy.co\/index.php\/wp-json\/wp\/v2\/posts\/11749\/revisions"}],"predecessor-version":[{"id":11755,"href":"https:\/\/futbolhoy.co\/index.php\/wp-json\/wp\/v2\/posts\/11749\/revisions\/11755"}],"wp:featuredmedia":[{"embeddable":true,"href":"https:\/\/futbolhoy.co\/index.php\/wp-json\/wp\/v2\/media\/11750"}],"wp:attachment":[{"href":"https:\/\/futbolhoy.co\/index.php\/wp-json\/wp\/v2\/media?parent=11749"}],"wp:term":[{"taxonomy":"category","embeddable":true,"href":"https:\/\/futbolhoy.co\/index.php\/wp-json\/wp\/v2\/categories?post=11749"},{"taxonomy":"post_tag","embeddable":true,"href":"https:\/\/futbolhoy.co\/index.php\/wp-json\/wp\/v2\/tags?post=11749"}],"curies":[{"name":"wp","href":"https:\/\/api.w.org\/{rel}","templated":true}]}}