{"id":117558,"date":"2025-03-21T11:07:38","date_gmt":"2025-03-21T16:07:38","guid":{"rendered":"https:\/\/futbolhoy.co\/?p=117558"},"modified":"2025-03-22T15:37:59","modified_gmt":"2025-03-22T20:37:59","slug":"james-rodriguez-se-queda-sin-mundial-de-clubes","status":"publish","type":"post","link":"https:\/\/futbolhoy.co\/index.php\/2025\/03\/21\/james-rodriguez-se-queda-sin-mundial-de-clubes\/","title":{"rendered":"James Rodr\u00edguez se queda sin Mundial de Clubes"},"content":{"rendered":"<p class=\"p1\" style=\"text-align: justify;\"><span class=\"s1\" style=\"font-family: helvetica, arial, sans-serif;\">Noticia dura para <strong>Le\u00f3n de M\u00e9xico<\/strong>. La FIFA comunic\u00f3 este viernes la determinaci\u00f3n de excluir al conjunto de Guanajuato debido a la copropiedad que tiene con Pachuca, club que hace parte del mismo <strong>Grupo Pachuca.<\/strong><\/span><\/p>\n<p class=\"p1\" style=\"text-align: justify;\"><span class=\"s1\" style=\"font-family: helvetica, arial, sans-serif;\">\u00abTras los procedimientos disciplinarios incoados contra el CF Pachuca y el Club Le\u00f3n, el presidente de la Comisi\u00f3n Disciplinaria de la FIFA opt\u00f3 por trasladar el caso directamente a la Comisi\u00f3n de Apelaci\u00f3n de la FIFA, de conformidad con el art. 56, apdo. 3 del C\u00f3digo Disciplinario de la FIFA\u00bb, anuncia.<\/span><\/p>\n<p class=\"p1\" style=\"text-align: justify;\"><span style=\"font-family: helvetica, arial, sans-serif;\"><span class=\"s1\">\u201cEn virtud del art. 10, apdo. 4 del Reglamento del Mundial de Clubes FIFA 2025\u2122, <\/span><span class=\"s2\">la FIFA ha decidido no admitir al Club Le\u00f3n en la competici\u00f3n y anunciar al club que lo reemplazar\u00e1 a su debido tiempo<\/span><span class=\"s1\">\u201c, complementa el comunicado.<\/span><\/span><\/p>\n<p class=\"p1\" style=\"text-align: justify;\"><span class=\"s1\" style=\"font-family: helvetica, arial, sans-serif;\">De esta manera, salvo una nueva decisi\u00f3n partiendo del TAS, al que acudir\u00e1 Le\u00f3n, James Rodr\u00edguez no podr\u00e1 participar en este certamen, pactado para mediados de a\u00f1o en Estados Unidos.<\/span><\/p>\n<p class=\"p1\" style=\"text-align: justify;\"><span class=\"s1\" style=\"font-family: helvetica, arial, sans-serif;\">Leon comunic\u00f3 que acudir\u00e1 hasta la m\u00e1xima instancia y demostrar\u00e1 las pruebas suficientes para comprobar que el club se maneja de manera aut\u00f3noma.<\/span><\/p>\n<p>&nbsp;<\/p>\n<p>&nbsp;<\/p>\n","protected":false},"excerpt":{"rendered":"<p>Noticia dura para Le\u00f3n de M\u00e9xico. La FIFA comunic\u00f3 este viernes la determinaci\u00f3n de excluir al conjunto de Guanajuato debido a la copropiedad que tiene con Pachuca, club que hace parte del mismo Grupo Pachuca. \u00abTras los procedimientos disciplinarios incoados contra el CF Pachuca y el Club Le\u00f3n, el presidente de la Comisi\u00f3n Disciplinaria de [&hellip;]<\/p>\n","protected":false},"author":4,"featured_media":117559,"comment_status":"open","ping_status":"closed","sticky":false,"template":"","format":"standard","meta":{"_acf_changed":false,"footnotes":""},"categories":[418],"tags":[],"class_list":{"0":"post-117558","1":"post","2":"type-post","3":"status-publish","4":"format-standard","5":"has-post-thumbnail","7":"category-colombia"},"acf":[],"_links":{"self":[{"href":"https:\/\/futbolhoy.co\/index.php\/wp-json\/wp\/v2\/posts\/117558","targetHints":{"allow":["GET"]}}],"collection":[{"href":"https:\/\/futbolhoy.co\/index.php\/wp-json\/wp\/v2\/posts"}],"about":[{"href":"https:\/\/futbolhoy.co\/index.php\/wp-json\/wp\/v2\/types\/post"}],"author":[{"embeddable":true,"href":"https:\/\/futbolhoy.co\/index.php\/wp-json\/wp\/v2\/users\/4"}],"replies":[{"embeddable":true,"href":"https:\/\/futbolhoy.co\/index.php\/wp-json\/wp\/v2\/comments?post=117558"}],"version-history":[{"count":3,"href":"https:\/\/futbolhoy.co\/index.php\/wp-json\/wp\/v2\/posts\/117558\/revisions"}],"predecessor-version":[{"id":117562,"href":"https:\/\/futbolhoy.co\/index.php\/wp-json\/wp\/v2\/posts\/117558\/revisions\/117562"}],"wp:featuredmedia":[{"embeddable":true,"href":"https:\/\/futbolhoy.co\/index.php\/wp-json\/wp\/v2\/media\/117559"}],"wp:attachment":[{"href":"https:\/\/futbolhoy.co\/index.php\/wp-json\/wp\/v2\/media?parent=117558"}],"wp:term":[{"taxonomy":"category","embeddable":true,"href":"https:\/\/futbolhoy.co\/index.php\/wp-json\/wp\/v2\/categories?post=117558"},{"taxonomy":"post_tag","embeddable":true,"href":"https:\/\/futbolhoy.co\/index.php\/wp-json\/wp\/v2\/tags?post=117558"}],"curies":[{"name":"wp","href":"https:\/\/api.w.org\/{rel}","templated":true}]}}