{"id":11756,"date":"2018-01-04T21:40:03","date_gmt":"2018-01-05T02:40:03","guid":{"rendered":"http:\/\/futbolhoy.co\/?p=11756"},"modified":"2018-01-04T21:40:03","modified_gmt":"2018-01-05T02:40:03","slug":"falcao-entre-los-mas-influyentes-del-futbol-en-francia-segun-lequipe","status":"publish","type":"post","link":"https:\/\/futbolhoy.co\/index.php\/2018\/01\/04\/falcao-entre-los-mas-influyentes-del-futbol-en-francia-segun-lequipe\/","title":{"rendered":"Falcao entre los m\u00e1s influyentes del f\u00fatbol en Francia, seg\u00fan L\u2019Equipe"},"content":{"rendered":"<p style=\"font-weight: 400; text-align: justify;\">El delantero colombiano <strong>Radamel Falcao Ga<\/strong>rc\u00eda fue incluido entre los 30 deportistas m\u00e1s influyentes del f\u00fatbol franc\u00e9s, seg\u00fan el diario L\u2019Equipe.<\/p>\n<p style=\"font-weight: 400; text-align: justify;\"><strong>Garc\u00eda<\/strong> ocupa la posici\u00f3n 15 en la clasificaci\u00f3n que lidera el brasile\u00f1o <strong>Neymar<\/strong> del PSG, seguido por el t\u00e9cnico del <strong>Real Madrid, Zinedine Zidane<\/strong>.<\/p>\n<p style=\"font-weight: 400; text-align: justify;\">El juvenil <strong>Kilian Mbapp\u00e9<\/strong>, excompa\u00f1ero de Falcao, aparece en la tercera posici\u00f3n, seguido por el t\u00e9cnico del M\u00f3naco, el portugu\u00e9s Leonardo Jardim<\/p>\n","protected":false},"excerpt":{"rendered":"<p>El delantero colombiano Radamel Falcao Garc\u00eda fue incluido entre los 30 deportistas m\u00e1s influyentes del f\u00fatbol franc\u00e9s, seg\u00fan el diario L\u2019Equipe. Garc\u00eda ocupa la posici\u00f3n 15 en la clasificaci\u00f3n que lidera el brasile\u00f1o Neymar del PSG, seguido por el t\u00e9cnico del Real Madrid, Zinedine Zidane. El juvenil Kilian Mbapp\u00e9, excompa\u00f1ero de Falcao, aparece en la [&hellip;]<\/p>\n","protected":false},"author":5,"featured_media":11751,"comment_status":"open","ping_status":"closed","sticky":false,"template":"","format":"standard","meta":{"_acf_changed":false,"footnotes":""},"categories":[5,153],"tags":[141],"class_list":{"0":"post-11756","1":"post","2":"type-post","3":"status-publish","4":"format-standard","5":"has-post-thumbnail","7":"category-destacados","8":"category-selecion-colombia","9":"tag-falcao-garcia"},"acf":[],"_links":{"self":[{"href":"https:\/\/futbolhoy.co\/index.php\/wp-json\/wp\/v2\/posts\/11756","targetHints":{"allow":["GET"]}}],"collection":[{"href":"https:\/\/futbolhoy.co\/index.php\/wp-json\/wp\/v2\/posts"}],"about":[{"href":"https:\/\/futbolhoy.co\/index.php\/wp-json\/wp\/v2\/types\/post"}],"author":[{"embeddable":true,"href":"https:\/\/futbolhoy.co\/index.php\/wp-json\/wp\/v2\/users\/5"}],"replies":[{"embeddable":true,"href":"https:\/\/futbolhoy.co\/index.php\/wp-json\/wp\/v2\/comments?post=11756"}],"version-history":[{"count":1,"href":"https:\/\/futbolhoy.co\/index.php\/wp-json\/wp\/v2\/posts\/11756\/revisions"}],"predecessor-version":[{"id":11759,"href":"https:\/\/futbolhoy.co\/index.php\/wp-json\/wp\/v2\/posts\/11756\/revisions\/11759"}],"wp:featuredmedia":[{"embeddable":true,"href":"https:\/\/futbolhoy.co\/index.php\/wp-json\/wp\/v2\/media\/11751"}],"wp:attachment":[{"href":"https:\/\/futbolhoy.co\/index.php\/wp-json\/wp\/v2\/media?parent=11756"}],"wp:term":[{"taxonomy":"category","embeddable":true,"href":"https:\/\/futbolhoy.co\/index.php\/wp-json\/wp\/v2\/categories?post=11756"},{"taxonomy":"post_tag","embeddable":true,"href":"https:\/\/futbolhoy.co\/index.php\/wp-json\/wp\/v2\/tags?post=11756"}],"curies":[{"name":"wp","href":"https:\/\/api.w.org\/{rel}","templated":true}]}}