{"id":11758,"date":"2018-01-04T21:41:11","date_gmt":"2018-01-05T02:41:11","guid":{"rendered":"http:\/\/futbolhoy.co\/?p=11758"},"modified":"2018-01-04T21:41:11","modified_gmt":"2018-01-05T02:41:11","slug":"falcao-garcia-descartado-para-copa-de-francia","status":"publish","type":"post","link":"https:\/\/futbolhoy.co\/index.php\/2018\/01\/04\/falcao-garcia-descartado-para-copa-de-francia\/","title":{"rendered":"Falcao Garc\u00eda descartado para Copa de Francia"},"content":{"rendered":"<p style=\"font-weight: 400; text-align: justify;\">El delantero colombiano y capit\u00e1n del M\u00f3naco, <strong>Radamel Falcao Garc\u00eda<\/strong>, no jugar\u00e1 el partido del s\u00e1bado ante el <strong>Yzeure<\/strong> por la <strong>Copa de Francia,<\/strong> confirm\u00f3 su entrenador, el portugu\u00e9s \u00a0<strong>Leonardo Jardim<\/strong>.<\/p>\n<p style=\"font-weight: 400; text-align: justify;\">\u00abFalcao est\u00e1 un poco cansado, no s\u00e9 si estar\u00e1\u2026Creo que no jugar\u00e1\u201d, dijo Jardim en Rueda de prensa.<\/p>\n<p style=\"font-weight: 400; text-align: justify;\"><strong>Jardim<\/strong> espera \u00abun partido trampa\u00bb, ante el <strong>Yzeure<\/strong>, club que ya elimin\u00f3 equipos de la A y la B.<\/p>\n","protected":false},"excerpt":{"rendered":"<p>El delantero colombiano y capit\u00e1n del M\u00f3naco, Radamel Falcao Garc\u00eda, no jugar\u00e1 el partido del s\u00e1bado ante el Yzeure por la Copa de Francia, confirm\u00f3 su entrenador, el portugu\u00e9s \u00a0Leonardo Jardim. \u00abFalcao est\u00e1 un poco cansado, no s\u00e9 si estar\u00e1\u2026Creo que no jugar\u00e1\u201d, dijo Jardim en Rueda de prensa. Jardim espera \u00abun partido trampa\u00bb, ante [&hellip;]<\/p>\n","protected":false},"author":5,"featured_media":11752,"comment_status":"open","ping_status":"closed","sticky":false,"template":"","format":"standard","meta":{"_acf_changed":false,"footnotes":""},"categories":[152],"tags":[225,141],"class_list":{"0":"post-11758","1":"post","2":"type-post","3":"status-publish","4":"format-standard","5":"has-post-thumbnail","7":"category-mundo-futbol","8":"tag-as-monaco","9":"tag-falcao-garcia"},"acf":[],"_links":{"self":[{"href":"https:\/\/futbolhoy.co\/index.php\/wp-json\/wp\/v2\/posts\/11758","targetHints":{"allow":["GET"]}}],"collection":[{"href":"https:\/\/futbolhoy.co\/index.php\/wp-json\/wp\/v2\/posts"}],"about":[{"href":"https:\/\/futbolhoy.co\/index.php\/wp-json\/wp\/v2\/types\/post"}],"author":[{"embeddable":true,"href":"https:\/\/futbolhoy.co\/index.php\/wp-json\/wp\/v2\/users\/5"}],"replies":[{"embeddable":true,"href":"https:\/\/futbolhoy.co\/index.php\/wp-json\/wp\/v2\/comments?post=11758"}],"version-history":[{"count":1,"href":"https:\/\/futbolhoy.co\/index.php\/wp-json\/wp\/v2\/posts\/11758\/revisions"}],"predecessor-version":[{"id":11760,"href":"https:\/\/futbolhoy.co\/index.php\/wp-json\/wp\/v2\/posts\/11758\/revisions\/11760"}],"wp:featuredmedia":[{"embeddable":true,"href":"https:\/\/futbolhoy.co\/index.php\/wp-json\/wp\/v2\/media\/11752"}],"wp:attachment":[{"href":"https:\/\/futbolhoy.co\/index.php\/wp-json\/wp\/v2\/media?parent=11758"}],"wp:term":[{"taxonomy":"category","embeddable":true,"href":"https:\/\/futbolhoy.co\/index.php\/wp-json\/wp\/v2\/categories?post=11758"},{"taxonomy":"post_tag","embeddable":true,"href":"https:\/\/futbolhoy.co\/index.php\/wp-json\/wp\/v2\/tags?post=11758"}],"curies":[{"name":"wp","href":"https:\/\/api.w.org\/{rel}","templated":true}]}}