{"id":117582,"date":"2025-03-22T15:16:44","date_gmt":"2025-03-22T20:16:44","guid":{"rendered":"https:\/\/futbolhoy.co\/?p=117582"},"modified":"2025-03-23T10:03:14","modified_gmt":"2025-03-23T15:03:14","slug":"davinson-sanchez-se-entrena-con-colombia-pero-sigue-en-duda-ante-paraguay","status":"publish","type":"post","link":"https:\/\/futbolhoy.co\/index.php\/2025\/03\/22\/davinson-sanchez-se-entrena-con-colombia-pero-sigue-en-duda-ante-paraguay\/","title":{"rendered":"D\u00e1vinson S\u00e1nchez se entrena con Colombia, pero sigue en duda ante Paraguay"},"content":{"rendered":"<p style=\"text-align: justify;\"><span style=\"font-family: helvetica, arial, sans-serif;\"><strong>D\u00e1vinson S\u00e1nchez<\/strong> vivi\u00f3 un momento que gener\u00f3 gran preocupaci\u00f3n el pasado jueves, durante el partido donde la <strong>Selecci\u00f3n Colombia<\/strong> cay\u00f3 2-1 ante <strong>Brasil.<\/strong> En la etapa complementaria el defensa caucano tuvo un fuerte choque con el portero <strong>Alisson Becker,<\/strong> el cual oblig\u00f3 a ambos a ser sustituidos del compromiso.<\/span><\/p>\n<p style=\"text-align: justify;\"><span style=\"font-family: helvetica, arial, sans-serif;\">Tras lo sucedido en el estadio <strong>Man\u00e9 Garrincha,<\/strong> el jugador del <strong>Galatasaray<\/strong> encendi\u00f3 las alarmas y qued\u00f3 en duda para el juego de este martes frente a <strong>Paraguay.<\/strong> El t\u00e9cnico de la<strong> Selecci\u00f3n, N\u00e9stor Lorenzo,<\/strong> asegur\u00f3 luego del partido que estaba bien y recuper\u00e1ndose.<\/span><\/p>\n<p style=\"text-align: justify;\"><span style=\"font-family: helvetica, arial, sans-serif;\">A su llegada a <strong>Barranquilla,<\/strong> a S\u00e1nchez se le practicaron los respectivos ex\u00e1menes m\u00e9dicos e incluso este s\u00e1bado habr\u00eda trabajado a la par de sus compa\u00f1eros; no obstante, su participaci\u00f3n en el juego del <strong>Metropolitano<\/strong> contin\u00faa en duda.<\/span><\/p>\n<p style=\"text-align: justify;\"><span style=\"font-family: helvetica, arial, sans-serif;\"><strong>Alisson, desconvocado en Brasil<\/strong><\/span><\/p>\n<p style=\"text-align: justify;\"><span style=\"font-family: helvetica, arial, sans-serif;\">M\u00e1s all\u00e1 de tambi\u00e9n encontrarse bien, Brasil desconvoc\u00f3 al portero <strong>Alisson Becker<\/strong> tras el choque con D\u00e1vinson S\u00e1nchez, esto vali\u00e9ndose del protocolo <strong>FIFA.<\/strong> El arquero no tendr\u00eda inconvenientes para actuar el pr\u00f3ximo mi\u00e9rcoles 2 de abril con el <strong>Liverpool.<\/strong><\/span><\/p>\n<p style=\"text-align: justify;\"><span style=\"font-family: helvetica, arial, sans-serif;\">Entretanto, se esperar\u00e1 la evoluci\u00f3n de D\u00e1vinson para determinar si ser\u00e1 tenido en cuenta en el juego frente a Paraguay. El mismo protocolo FIFA recomienda cinco d\u00edas de reposo tras un golpe en la cabeza, dichos d\u00edas se cumplir\u00edan el martes.<\/span><\/p>\n","protected":false},"excerpt":{"rendered":"<p>D\u00e1vinson S\u00e1nchez vivi\u00f3 un momento que gener\u00f3 gran preocupaci\u00f3n el pasado jueves, durante el partido donde la Selecci\u00f3n Colombia cay\u00f3 2-1 ante Brasil. En la etapa complementaria el defensa caucano tuvo un fuerte choque con el portero Alisson Becker, el cual oblig\u00f3 a ambos a ser sustituidos del compromiso. Tras lo sucedido en el estadio [&hellip;]<\/p>\n","protected":false},"author":4,"featured_media":117583,"comment_status":"open","ping_status":"closed","sticky":false,"template":"","format":"standard","meta":{"_acf_changed":false,"footnotes":""},"categories":[418],"tags":[],"class_list":{"0":"post-117582","1":"post","2":"type-post","3":"status-publish","4":"format-standard","5":"has-post-thumbnail","7":"category-colombia"},"acf":[],"_links":{"self":[{"href":"https:\/\/futbolhoy.co\/index.php\/wp-json\/wp\/v2\/posts\/117582","targetHints":{"allow":["GET"]}}],"collection":[{"href":"https:\/\/futbolhoy.co\/index.php\/wp-json\/wp\/v2\/posts"}],"about":[{"href":"https:\/\/futbolhoy.co\/index.php\/wp-json\/wp\/v2\/types\/post"}],"author":[{"embeddable":true,"href":"https:\/\/futbolhoy.co\/index.php\/wp-json\/wp\/v2\/users\/4"}],"replies":[{"embeddable":true,"href":"https:\/\/futbolhoy.co\/index.php\/wp-json\/wp\/v2\/comments?post=117582"}],"version-history":[{"count":1,"href":"https:\/\/futbolhoy.co\/index.php\/wp-json\/wp\/v2\/posts\/117582\/revisions"}],"predecessor-version":[{"id":117584,"href":"https:\/\/futbolhoy.co\/index.php\/wp-json\/wp\/v2\/posts\/117582\/revisions\/117584"}],"wp:featuredmedia":[{"embeddable":true,"href":"https:\/\/futbolhoy.co\/index.php\/wp-json\/wp\/v2\/media\/117583"}],"wp:attachment":[{"href":"https:\/\/futbolhoy.co\/index.php\/wp-json\/wp\/v2\/media?parent=117582"}],"wp:term":[{"taxonomy":"category","embeddable":true,"href":"https:\/\/futbolhoy.co\/index.php\/wp-json\/wp\/v2\/categories?post=117582"},{"taxonomy":"post_tag","embeddable":true,"href":"https:\/\/futbolhoy.co\/index.php\/wp-json\/wp\/v2\/tags?post=117582"}],"curies":[{"name":"wp","href":"https:\/\/api.w.org\/{rel}","templated":true}]}}