{"id":117586,"date":"2025-03-22T15:37:26","date_gmt":"2025-03-22T20:37:26","guid":{"rendered":"https:\/\/futbolhoy.co\/?p=117586"},"modified":"2025-03-23T13:13:16","modified_gmt":"2025-03-23T18:13:16","slug":"leonel-alvarez-volvera-a-dirigir-en-el-futbol-colombiano","status":"publish","type":"post","link":"https:\/\/futbolhoy.co\/index.php\/2025\/03\/22\/leonel-alvarez-volvera-a-dirigir-en-el-futbol-colombiano\/","title":{"rendered":"Leonel \u00c1lvarez volver\u00e1 a dirigir en el f\u00fatbol colombiano"},"content":{"rendered":"<p style=\"text-align: justify;\"><span style=\"font-family: helvetica, arial, sans-serif;\"><strong>Atl\u00e9tico Bucaramanga<\/strong> oficializ\u00f3 la contrataci\u00f3n de <strong>Leonel \u00c1lvarez<\/strong> como su nuevo director t\u00e9cnico. El antioque\u00f1o de 59 a\u00f1os reemplazar\u00e1 al paraguayo <strong>Gustavo Florent\u00edn<\/strong> y estar\u00e1 al frente en la fase de grupos de la Copa Libertadores.<\/span><\/p>\n<p style=\"text-align: justify;\"><span style=\"font-family: helvetica, arial, sans-serif;\">\u00ab\u00a1\ud835\uddec\ud835\uddd4 \ud835\uddd8\ud835\udde6 \ud835\udde2\ud835\uddd9\ud835\udddc\ud835\uddd6\ud835\udddc\ud835\uddd4\ud835\udddf! Leonel \u00c1lvarez llega a comandar al Leopardo para esta hist\u00f3rica traves\u00eda en <strong>Libertadores.<\/strong> Su sello es la entrega, la disciplina y el hambre de gloria \u00a1Bienvenido, Leonel de Jes\u00fas \u00c1lvarez, juntos vamos a rugir en el Continente!\u00bb, anunci\u00f3 el club santandereano en sus redes sociales.<\/span><\/p>\n<blockquote class=\"twitter-tweet\" data-media-max-width=\"560\">\n<p dir=\"ltr\" lang=\"es\" style=\"text-align: justify;\">\ud83e\udd29\u00a1\ud835\uddec\ud835\uddd4 \ud835\uddd8\ud835\udde6 \ud835\udde2\ud835\uddd9\ud835\udddc\ud835\uddd6\ud835\udddc\ud835\uddd4\ud835\udddf! \ud83d\udc68\ud83c\udffb\u200d\ud83c\udfeb Leonel \u00c1lvarez llega a comandar al Leopardo para esta hist\u00f3rica traves\u00eda en Libertadores. Su sello es la entrega, la disciplina y el hambre de gloria\u2b50\ufe0f<\/p>\n<p>\ud83d\udd30\u00a1Bienvenido, Leonel de Jes\u00fas \u00c1lvarez, juntos vamos a rugir en el Continente! <a href=\"https:\/\/t.co\/8d9KG747i0\">pic.twitter.com\/8d9KG747i0<\/a><\/p>\n<p>\u2014 Atl\u00e9tico Bucaramanga (@ABucaramanga) <a href=\"https:\/\/twitter.com\/ABucaramanga\/status\/1903538426986795186?ref_src=twsrc%5Etfw\">March 22, 2025<\/a><\/p><\/blockquote>\n<p style=\"text-align: justify;\"><script async src=\"https:\/\/platform.twitter.com\/widgets.js\" charset=\"utf-8\"><\/script><span style=\"font-family: helvetica, arial, sans-serif;\">Bucaramanga ser\u00e1 el noveno club que dirigir\u00e1 el exjugador de la <strong>Selecci\u00f3n Colombia<\/strong> en su carrera deportiva, quien tambi\u00e9n tuvo un breve paso al frente del combinado nacional en las <strong>Eliminatorias al Mundial del 2014.<\/strong><\/span><\/p>\n<p style=\"text-align: justify;\"><span style=\"font-family: helvetica, arial, sans-serif;\">A nivel local, ser\u00e1 su quinto equipo como entrenador, habiendo pasado ante por el<strong> Medell\u00edn, \u00c1guilas Doradas, Cali y Deportivo Pereira,<\/strong> con el que estuvo durante el primer semestre del 2024.<\/span><\/p>\n<p style=\"text-align: justify;\"><span style=\"font-family: helvetica, arial, sans-serif;\">Su \u00faltimo equipo a la fecha hab\u00eda sido <strong>Emelec<\/strong> de <strong>Ecuador,<\/strong> con quien tuvo un mal paso, terminando en la \u00faltima posici\u00f3n del campeonato y viviendo duros episodios con los directivos del club, debido al retraso en los pagos de su salario.<\/span><\/p>\n","protected":false},"excerpt":{"rendered":"<p>Atl\u00e9tico Bucaramanga oficializ\u00f3 la contrataci\u00f3n de Leonel \u00c1lvarez como su nuevo director t\u00e9cnico. El antioque\u00f1o de 59 a\u00f1os reemplazar\u00e1 al paraguayo Gustavo Florent\u00edn y estar\u00e1 al frente en la fase de grupos de la Copa Libertadores. \u00ab\u00a1\ud835\uddec\ud835\uddd4 \ud835\uddd8\ud835\udde6 \ud835\udde2\ud835\uddd9\ud835\udddc\ud835\uddd6\ud835\udddc\ud835\uddd4\ud835\udddf! Leonel \u00c1lvarez llega a comandar al Leopardo para esta hist\u00f3rica traves\u00eda en Libertadores. Su sello es [&hellip;]<\/p>\n","protected":false},"author":4,"featured_media":5364,"comment_status":"open","ping_status":"closed","sticky":false,"template":"","format":"standard","meta":{"_acf_changed":false,"footnotes":""},"categories":[7],"tags":[],"class_list":{"0":"post-117586","1":"post","2":"type-post","3":"status-publish","4":"format-standard","5":"has-post-thumbnail","7":"category-liga-betplay"},"acf":[],"_links":{"self":[{"href":"https:\/\/futbolhoy.co\/index.php\/wp-json\/wp\/v2\/posts\/117586","targetHints":{"allow":["GET"]}}],"collection":[{"href":"https:\/\/futbolhoy.co\/index.php\/wp-json\/wp\/v2\/posts"}],"about":[{"href":"https:\/\/futbolhoy.co\/index.php\/wp-json\/wp\/v2\/types\/post"}],"author":[{"embeddable":true,"href":"https:\/\/futbolhoy.co\/index.php\/wp-json\/wp\/v2\/users\/4"}],"replies":[{"embeddable":true,"href":"https:\/\/futbolhoy.co\/index.php\/wp-json\/wp\/v2\/comments?post=117586"}],"version-history":[{"count":2,"href":"https:\/\/futbolhoy.co\/index.php\/wp-json\/wp\/v2\/posts\/117586\/revisions"}],"predecessor-version":[{"id":117588,"href":"https:\/\/futbolhoy.co\/index.php\/wp-json\/wp\/v2\/posts\/117586\/revisions\/117588"}],"wp:featuredmedia":[{"embeddable":true,"href":"https:\/\/futbolhoy.co\/index.php\/wp-json\/wp\/v2\/media\/5364"}],"wp:attachment":[{"href":"https:\/\/futbolhoy.co\/index.php\/wp-json\/wp\/v2\/media?parent=117586"}],"wp:term":[{"taxonomy":"category","embeddable":true,"href":"https:\/\/futbolhoy.co\/index.php\/wp-json\/wp\/v2\/categories?post=117586"},{"taxonomy":"post_tag","embeddable":true,"href":"https:\/\/futbolhoy.co\/index.php\/wp-json\/wp\/v2\/tags?post=117586"}],"curies":[{"name":"wp","href":"https:\/\/api.w.org\/{rel}","templated":true}]}}