{"id":117608,"date":"2025-03-23T13:13:42","date_gmt":"2025-03-23T18:13:42","guid":{"rendered":"https:\/\/futbolhoy.co\/?p=117608"},"modified":"2025-03-24T11:16:05","modified_gmt":"2025-03-24T16:16:05","slug":"la-seleccion-colombia-revela-nomina-de-convocados-para-el-sudamericano-sub-17-del-pais","status":"publish","type":"post","link":"https:\/\/futbolhoy.co\/index.php\/2025\/03\/23\/la-seleccion-colombia-revela-nomina-de-convocados-para-el-sudamericano-sub-17-del-pais\/","title":{"rendered":"La Selecci\u00f3n Colombia revela n\u00f3mina de convocados para el Sudamericano Sub-17 del pa\u00eds"},"content":{"rendered":"<p style=\"text-align: justify;\"><span style=\"font-family: helvetica, arial, sans-serif;\"><strong>Freddy Hurtado<\/strong>, director t\u00e9cnico de la <strong>Selecci\u00f3n Colombia Sub-17<\/strong>, dio a conocer los 23 jugadores convocados al <strong>Sudamericano<\/strong> de la categor\u00eda que se disputar\u00e1 en el pa\u00eds entre el 27 de marzo y el 12 de abril.<\/span><\/p>\n<p style=\"text-align: justify;\"><span style=\"font-family: helvetica, arial, sans-serif;\">El certamen se llevar\u00e1 a cabo entre <strong>Cartagena<\/strong> y <strong>Monter\u00eda.<\/strong> Colombia comparte el <strong>Grupo A<\/strong> junto a <strong>Chile, Per\u00fa, Paraguay y Argentina<\/strong>; el otro grupo, por su parte, lo integran <strong>Brasil, Ecuador, Venezuela, Uruguay y Bolivia.<\/strong><\/span><\/p>\n<p style=\"text-align: justify;\"><span style=\"font-family: helvetica, arial, sans-serif;\">La Selecci\u00f3n debutar\u00e1 en el estadio <strong>Jaraguay<\/strong> de Monter\u00eda el pr\u00f3ximo jueves 27 de marzo, cuando se mida a Chile, a partir de las 7:00PM.<\/span><\/p>\n<p style=\"text-align: justify;\"><span style=\"font-family: helvetica, arial, sans-serif;\"><strong>N\u00f3mina de convocados<\/strong><\/span><\/p>\n<p style=\"text-align: justify;\"><span style=\"font-family: helvetica, arial, sans-serif;\"><strong>Arqueros:<\/strong> Santiago Mondrag\u00f3n (Deportivo Cali), Jorman Mendoza (Envigado) y David Rodr\u00edguez (FC Cincinnati &#8211; USA).<\/span><\/p>\n<p style=\"text-align: justify;\"><span style=\"font-family: helvetica, arial, sans-serif;\"><strong>Defensas:<\/strong> Brait Garc\u00eda (Deportivo Cali), Gilberto Saavedra (Real Soacha Cundinamarca), Yeminson Urutia (Orsomarso), Edmilson Herazo (Barranquilla FC), Nilder Zapata (Deportes Tolima) y Criss Mac\u00edas (Millonarios FC).<\/span><\/p>\n<p style=\"text-align: justify;\"><span style=\"font-family: helvetica, arial, sans-serif;\"><strong>Volantes:<\/strong> Sebasti\u00e1n Castro (Internacional FC Palmira), Miguel Ag\u00e1mez (Junior FC), \u00c1ngel Mora (Independiente Santa Fe), Cristian Orozco (I.Y V &#8211; Rojo FC), Jer\u00f3nimo Moreno (CD Estudiantil), Cristian Fl\u00f3rez (Atl\u00e9tico Nacional), Jet Lee Romario Esp\u00edn (Millonarios FC), Deivi Qui\u00f1ones (LDU Quito &#8211; ECU) y Juan Cata\u00f1o (Envigado FC).<\/span><\/p>\n<p style=\"text-align: justify;\"><span style=\"font-family: helvetica, arial, sans-serif;\"><strong>Delanteros<\/strong>: Kevin Angulo (Am\u00e9rica de Cali), Ashley Trujillo (Queens Park Rangers &#8211; ENG), Feder Rivas (Atl\u00e9tico Nacional) y Jhon Sevillano (Atl\u00e9tico Nacional).<\/span><\/p>\n","protected":false},"excerpt":{"rendered":"<p>Freddy Hurtado, director t\u00e9cnico de la Selecci\u00f3n Colombia Sub-17, dio a conocer los 23 jugadores convocados al Sudamericano de la categor\u00eda que se disputar\u00e1 en el pa\u00eds entre el 27 de marzo y el 12 de abril. El certamen se llevar\u00e1 a cabo entre Cartagena y Monter\u00eda. Colombia comparte el Grupo A junto a Chile, [&hellip;]<\/p>\n","protected":false},"author":4,"featured_media":117609,"comment_status":"open","ping_status":"closed","sticky":false,"template":"","format":"standard","meta":{"_acf_changed":false,"footnotes":""},"categories":[418],"tags":[],"class_list":{"0":"post-117608","1":"post","2":"type-post","3":"status-publish","4":"format-standard","5":"has-post-thumbnail","7":"category-colombia"},"acf":[],"_links":{"self":[{"href":"https:\/\/futbolhoy.co\/index.php\/wp-json\/wp\/v2\/posts\/117608","targetHints":{"allow":["GET"]}}],"collection":[{"href":"https:\/\/futbolhoy.co\/index.php\/wp-json\/wp\/v2\/posts"}],"about":[{"href":"https:\/\/futbolhoy.co\/index.php\/wp-json\/wp\/v2\/types\/post"}],"author":[{"embeddable":true,"href":"https:\/\/futbolhoy.co\/index.php\/wp-json\/wp\/v2\/users\/4"}],"replies":[{"embeddable":true,"href":"https:\/\/futbolhoy.co\/index.php\/wp-json\/wp\/v2\/comments?post=117608"}],"version-history":[{"count":1,"href":"https:\/\/futbolhoy.co\/index.php\/wp-json\/wp\/v2\/posts\/117608\/revisions"}],"predecessor-version":[{"id":117610,"href":"https:\/\/futbolhoy.co\/index.php\/wp-json\/wp\/v2\/posts\/117608\/revisions\/117610"}],"wp:featuredmedia":[{"embeddable":true,"href":"https:\/\/futbolhoy.co\/index.php\/wp-json\/wp\/v2\/media\/117609"}],"wp:attachment":[{"href":"https:\/\/futbolhoy.co\/index.php\/wp-json\/wp\/v2\/media?parent=117608"}],"wp:term":[{"taxonomy":"category","embeddable":true,"href":"https:\/\/futbolhoy.co\/index.php\/wp-json\/wp\/v2\/categories?post=117608"},{"taxonomy":"post_tag","embeddable":true,"href":"https:\/\/futbolhoy.co\/index.php\/wp-json\/wp\/v2\/tags?post=117608"}],"curies":[{"name":"wp","href":"https:\/\/api.w.org\/{rel}","templated":true}]}}