{"id":117612,"date":"2025-03-23T14:51:26","date_gmt":"2025-03-23T19:51:26","guid":{"rendered":"https:\/\/futbolhoy.co\/?p=117612"},"modified":"2025-03-24T11:17:21","modified_gmt":"2025-03-24T16:17:21","slug":"gustavo-alfaro-barranquilla-es-una-de-las-visitas-mas-dificiles-de-la-eliminatoria","status":"publish","type":"post","link":"https:\/\/futbolhoy.co\/index.php\/2025\/03\/23\/gustavo-alfaro-barranquilla-es-una-de-las-visitas-mas-dificiles-de-la-eliminatoria\/","title":{"rendered":"Gustavo Alfaro: \u00abBarranquilla es una de las visitas m\u00e1s dif\u00edciles de la Eliminatoria\u00bb"},"content":{"rendered":"<p style=\"text-align: justify;\"><span style=\"font-family: helvetica, arial, sans-serif;\"><strong>Gustavo Alfaro, director t\u00e9cnico de Paraguay<\/strong>, expres\u00f3 su respecto por la Selecci\u00f3n Colombia, su rival en la fecha 14 de las Eliminatorias, con el cual se enfrentar\u00e1 este mares en el estadio Metropolitano Roberto Mel\u00e9ndez de Barranquilla.<\/span><\/p>\n<p style=\"text-align: justify;\"><span style=\"font-family: helvetica, arial, sans-serif;\">Antes de emprender su viaje a la capital del Atl\u00e1ntico, <strong>Alfaro asegur\u00f3 a los medios de comunicaci\u00f3n<\/strong> que Barranquilla es una de las visitas m\u00e1s \u00abdif\u00edciles\u00bb de las Eliminatorias. \u00abYo digo que Barranquilla debe ser de las visitas m\u00e1s dif\u00edciles de esta Eliminatoria, porque <strong>en cuanto al clima es muy parecido a lo que es Asunci\u00f3n<\/strong>\u00ab.<\/span><\/p>\n<p style=\"text-align: justify;\"><span style=\"font-family: helvetica, arial, sans-serif;\">Sobre las condiciones de la ciudad y lo que representa este partido como visitante, lo compar\u00f3 con otros juegos fuera de casa; \u00ab<strong>tiene un poco de Uruguay, tiene un poco de Ecuado<\/strong>r y tiene un poco de Bolivia, con lo de Colombia\u00bb.<\/span><\/p>\n<p style=\"text-align: justify;\"><span style=\"font-family: helvetica, arial, sans-serif;\">Por su parte, del desempe\u00f1o de la Selecci\u00f3n Colombia, asegur\u00f3 que no solo deber\u00e1n<strong> estar al tanto de lo que pueda hacer Luis D\u00edaz<\/strong>, comentando que no hay que dejarse llevar por los resultados recientes.<\/span><\/p>\n<p style=\"text-align: justify;\"><span style=\"font-family: helvetica, arial, sans-serif;\">\u00abNo es \u00fanicamente controlar a un jugador individualmente, <strong>porque un jugador individualmente se lo puede controlar,<\/strong> se le puede doblar la marca (&#8230;), pero ac\u00e1 es como que hay una idea que tiene Colombia que est\u00e1 muy bien plasmada, que viene d\u00e1ndole resultados, m\u00e1s all\u00e1 del accidente de resultados que tuvo en los \u00faltimos tres partidos\u00bb, explic\u00f3.<\/span><\/p>\n<p style=\"text-align: justify;\"><span style=\"font-family: helvetica, arial, sans-serif;\">Finalmente, coment\u00f3 sobre los dirigidos por <strong>N\u00e9stor Lorenzo<\/strong>, a quien tambi\u00e9n destac\u00f3: \u00abpara m\u00ed es uno de los mejores equipos de la eliminatoria, sin lugar a dudas\u00bb.<\/span><\/p>\n<p style=\"text-align: justify;\"><span style=\"font-family: helvetica, arial, sans-serif;\">Paraguay se ubica en la quinta posici\u00f3n de las Eliminatorias con 20 puntos, uno m\u00e1s que la Selecci\u00f3n Colombia, la cual figura en la sexta posici\u00f3n con 19 unidades.<\/span><\/p>\n","protected":false},"excerpt":{"rendered":"<p>Gustavo Alfaro, director t\u00e9cnico de Paraguay, expres\u00f3 su respecto por la Selecci\u00f3n Colombia, su rival en la fecha 14 de las Eliminatorias, con el cual se enfrentar\u00e1 este mares en el estadio Metropolitano Roberto Mel\u00e9ndez de Barranquilla. Antes de emprender su viaje a la capital del Atl\u00e1ntico, Alfaro asegur\u00f3 a los medios de comunicaci\u00f3n que [&hellip;]<\/p>\n","protected":false},"author":4,"featured_media":117613,"comment_status":"open","ping_status":"closed","sticky":false,"template":"","format":"standard","meta":{"_acf_changed":false,"footnotes":""},"categories":[418],"tags":[],"class_list":{"0":"post-117612","1":"post","2":"type-post","3":"status-publish","4":"format-standard","5":"has-post-thumbnail","7":"category-colombia"},"acf":[],"_links":{"self":[{"href":"https:\/\/futbolhoy.co\/index.php\/wp-json\/wp\/v2\/posts\/117612","targetHints":{"allow":["GET"]}}],"collection":[{"href":"https:\/\/futbolhoy.co\/index.php\/wp-json\/wp\/v2\/posts"}],"about":[{"href":"https:\/\/futbolhoy.co\/index.php\/wp-json\/wp\/v2\/types\/post"}],"author":[{"embeddable":true,"href":"https:\/\/futbolhoy.co\/index.php\/wp-json\/wp\/v2\/users\/4"}],"replies":[{"embeddable":true,"href":"https:\/\/futbolhoy.co\/index.php\/wp-json\/wp\/v2\/comments?post=117612"}],"version-history":[{"count":1,"href":"https:\/\/futbolhoy.co\/index.php\/wp-json\/wp\/v2\/posts\/117612\/revisions"}],"predecessor-version":[{"id":117614,"href":"https:\/\/futbolhoy.co\/index.php\/wp-json\/wp\/v2\/posts\/117612\/revisions\/117614"}],"wp:featuredmedia":[{"embeddable":true,"href":"https:\/\/futbolhoy.co\/index.php\/wp-json\/wp\/v2\/media\/117613"}],"wp:attachment":[{"href":"https:\/\/futbolhoy.co\/index.php\/wp-json\/wp\/v2\/media?parent=117612"}],"wp:term":[{"taxonomy":"category","embeddable":true,"href":"https:\/\/futbolhoy.co\/index.php\/wp-json\/wp\/v2\/categories?post=117612"},{"taxonomy":"post_tag","embeddable":true,"href":"https:\/\/futbolhoy.co\/index.php\/wp-json\/wp\/v2\/tags?post=117612"}],"curies":[{"name":"wp","href":"https:\/\/api.w.org\/{rel}","templated":true}]}}