{"id":11763,"date":"2018-01-05T09:13:48","date_gmt":"2018-01-05T14:13:48","guid":{"rendered":"http:\/\/futbolhoy.co\/?p=11763"},"modified":"2018-01-05T09:24:21","modified_gmt":"2018-01-05T14:24:21","slug":"la-hincha-de-nacional-despedira-a-franco-armani","status":"publish","type":"post","link":"https:\/\/futbolhoy.co\/index.php\/2018\/01\/05\/la-hincha-de-nacional-despedira-a-franco-armani\/","title":{"rendered":"La hinchada de Nacional despedir\u00e1 a Franco Armani"},"content":{"rendered":"<p style=\"text-align: justify;\">Los seguidores de <strong>Atl\u00e9tico Nacional<\/strong> despedir\u00e1n al arquero argentino <strong>Franco<\/strong> <strong>Armani<\/strong>, este viernes a las 4:00PM, en el estadio <strong>Atanasio<\/strong> <strong>Girardot<\/strong>. Armani se marcha para <strong>River<\/strong> <strong>Plate<\/strong> luego de convertirse en el jugador m\u00e1s ganador en la historia del club.<\/p>\n<p style=\"text-align: justify;\">Las puertas del escenario deportivo se abrir\u00e1n a las 2:00PM y se cerrar\u00e1n a las 3:45PM, o en el momento que los aficionados colmen el aforo del escenario deportivo.<\/p>\n<p style=\"text-align: justify;\">Armani logr\u00f3 13 t\u00edtulos con Nacional durante sus 7 a\u00f1os de permanencia en el club, entre ellos la <strong>Copa Libertadores 2016.<\/strong><\/p>\n","protected":false},"excerpt":{"rendered":"<p>Los seguidores de Atl\u00e9tico Nacional despedir\u00e1n al arquero argentino Franco Armani, este viernes a las 4:00PM, en el estadio Atanasio Girardot. Armani se marcha para River Plate luego de convertirse en el jugador m\u00e1s ganador en la historia del club. Las puertas del escenario deportivo se abrir\u00e1n a las 2:00PM y se cerrar\u00e1n a las [&hellip;]<\/p>\n","protected":false},"author":5,"featured_media":11716,"comment_status":"open","ping_status":"closed","sticky":false,"template":"","format":"standard","meta":{"_acf_changed":false,"footnotes":""},"categories":[5,152],"tags":[205,530],"class_list":{"0":"post-11763","1":"post","2":"type-post","3":"status-publish","4":"format-standard","5":"has-post-thumbnail","7":"category-destacados","8":"category-mundo-futbol","9":"tag-atletico-nacional","10":"tag-franco-armani"},"acf":[],"_links":{"self":[{"href":"https:\/\/futbolhoy.co\/index.php\/wp-json\/wp\/v2\/posts\/11763","targetHints":{"allow":["GET"]}}],"collection":[{"href":"https:\/\/futbolhoy.co\/index.php\/wp-json\/wp\/v2\/posts"}],"about":[{"href":"https:\/\/futbolhoy.co\/index.php\/wp-json\/wp\/v2\/types\/post"}],"author":[{"embeddable":true,"href":"https:\/\/futbolhoy.co\/index.php\/wp-json\/wp\/v2\/users\/5"}],"replies":[{"embeddable":true,"href":"https:\/\/futbolhoy.co\/index.php\/wp-json\/wp\/v2\/comments?post=11763"}],"version-history":[{"count":2,"href":"https:\/\/futbolhoy.co\/index.php\/wp-json\/wp\/v2\/posts\/11763\/revisions"}],"predecessor-version":[{"id":11766,"href":"https:\/\/futbolhoy.co\/index.php\/wp-json\/wp\/v2\/posts\/11763\/revisions\/11766"}],"wp:featuredmedia":[{"embeddable":true,"href":"https:\/\/futbolhoy.co\/index.php\/wp-json\/wp\/v2\/media\/11716"}],"wp:attachment":[{"href":"https:\/\/futbolhoy.co\/index.php\/wp-json\/wp\/v2\/media?parent=11763"}],"wp:term":[{"taxonomy":"category","embeddable":true,"href":"https:\/\/futbolhoy.co\/index.php\/wp-json\/wp\/v2\/categories?post=11763"},{"taxonomy":"post_tag","embeddable":true,"href":"https:\/\/futbolhoy.co\/index.php\/wp-json\/wp\/v2\/tags?post=11763"}],"curies":[{"name":"wp","href":"https:\/\/api.w.org\/{rel}","templated":true}]}}