{"id":117645,"date":"2025-03-25T07:28:55","date_gmt":"2025-03-25T12:28:55","guid":{"rendered":"https:\/\/futbolhoy.co\/?p=117645"},"modified":"2025-03-25T17:43:33","modified_gmt":"2025-03-25T22:43:33","slug":"david-villa-james-me-gusta-y-tengo-debilidad-por-luis-diaz","status":"publish","type":"post","link":"https:\/\/futbolhoy.co\/index.php\/2025\/03\/25\/david-villa-james-me-gusta-y-tengo-debilidad-por-luis-diaz\/","title":{"rendered":"David Villa: \u00abJames me gusta y tengo debilidad por Luis D\u00edaz\u00bb"},"content":{"rendered":"<p style=\"text-align: justify;\"><span style=\"font-family: helvetica, arial, sans-serif;\">El hist\u00f3rico exfutbolista espa\u00f1ol <strong>David Villa<\/strong> sorprendi\u00f3 a la <strong>Selecci\u00f3n Colombia,<\/strong> en su \u00faltimo entrenamiento previo a su duelo de este martes ante <strong>Paraguay.<\/strong> El campe\u00f3n del mundo en <strong>Sud\u00e1frica 2010<\/strong> estuvo presente en el estadio <strong>Metropolitano Roberto Mel\u00e9ndez.<\/strong><\/span><\/p>\n<p style=\"text-align: justify;\"><span style=\"font-family: helvetica, arial, sans-serif;\">Villa recibi\u00f3 a los jugadores de Colombia en su llegada al escenario deportivo, saludando a todos los integrantes, pero compartiendo un momento especial junto a <strong>James Rodr\u00edguez,<\/strong> con quien habl\u00f3 unos minutos. <\/span><\/p>\n<p style=\"text-align: justify;\"><span style=\"font-family: helvetica, arial, sans-serif;\">Tambi\u00e9n se acercaron a la charla el guajiro<strong> Luis D\u00edaz,<\/strong> el portero <strong>David Ospina<\/strong> y el lateral <strong>Johan Mojica.<\/strong> James le entreg\u00f3 una camiseta de la <strong>Selecci\u00f3n<\/strong> edici\u00f3n especial de los 100 a\u00f1os, la cual luc\u00eda el n\u00famero 7, que us\u00f3 Villa durante su carrera.<\/span><\/p>\n<p style=\"text-align: justify;\"><span style=\"font-family: helvetica, arial, sans-serif;\">En di\u00e1logo con el canal de la <strong>FCF,<\/strong> el exjugador del <strong>Barcelona, Atl\u00e9tico Madrid y Valencia<\/strong>, entre otros, elogi\u00f3 a <strong>D\u00edaz y a James<\/strong>. \u00abJames obvio me gusta, es con el que m\u00e1s he jugado, y\u00a0tambi\u00e9n tengo debilidad por Luis D\u00edaz, un futbolista espectacular y que ocupa una parte en la cancha similar a la que yo ocupaba\u00bb.<\/span><\/p>\n<p style=\"text-align: justify;\"><span style=\"font-family: helvetica, arial, sans-serif;\">David Villa a\u00f1adi\u00f3 que estar\u00e1 algunos d\u00edas en el pa\u00eds. Adem\u00e1s de Barranquilla, donde estar\u00e1 presente en el compromiso, &#8216;El Guaje&#8217; estar\u00e1 visitando otras ciudades del pa\u00eds. \u00abEspero disfrutar del entrenamiento y de estos d\u00edas aqu\u00ed, que voy a estar en diferentes ciudades de Colombia\u00bb.<\/span><\/p>\n","protected":false},"excerpt":{"rendered":"<p>El hist\u00f3rico exfutbolista espa\u00f1ol David Villa sorprendi\u00f3 a la Selecci\u00f3n Colombia, en su \u00faltimo entrenamiento previo a su duelo de este martes ante Paraguay. El campe\u00f3n del mundo en Sud\u00e1frica 2010 estuvo presente en el estadio Metropolitano Roberto Mel\u00e9ndez. Villa recibi\u00f3 a los jugadores de Colombia en su llegada al escenario deportivo, saludando a todos [&hellip;]<\/p>\n","protected":false},"author":4,"featured_media":117646,"comment_status":"open","ping_status":"closed","sticky":false,"template":"","format":"standard","meta":{"_acf_changed":false,"footnotes":""},"categories":[418],"tags":[],"class_list":{"0":"post-117645","1":"post","2":"type-post","3":"status-publish","4":"format-standard","5":"has-post-thumbnail","7":"category-colombia"},"acf":[],"_links":{"self":[{"href":"https:\/\/futbolhoy.co\/index.php\/wp-json\/wp\/v2\/posts\/117645","targetHints":{"allow":["GET"]}}],"collection":[{"href":"https:\/\/futbolhoy.co\/index.php\/wp-json\/wp\/v2\/posts"}],"about":[{"href":"https:\/\/futbolhoy.co\/index.php\/wp-json\/wp\/v2\/types\/post"}],"author":[{"embeddable":true,"href":"https:\/\/futbolhoy.co\/index.php\/wp-json\/wp\/v2\/users\/4"}],"replies":[{"embeddable":true,"href":"https:\/\/futbolhoy.co\/index.php\/wp-json\/wp\/v2\/comments?post=117645"}],"version-history":[{"count":1,"href":"https:\/\/futbolhoy.co\/index.php\/wp-json\/wp\/v2\/posts\/117645\/revisions"}],"predecessor-version":[{"id":117647,"href":"https:\/\/futbolhoy.co\/index.php\/wp-json\/wp\/v2\/posts\/117645\/revisions\/117647"}],"wp:featuredmedia":[{"embeddable":true,"href":"https:\/\/futbolhoy.co\/index.php\/wp-json\/wp\/v2\/media\/117646"}],"wp:attachment":[{"href":"https:\/\/futbolhoy.co\/index.php\/wp-json\/wp\/v2\/media?parent=117645"}],"wp:term":[{"taxonomy":"category","embeddable":true,"href":"https:\/\/futbolhoy.co\/index.php\/wp-json\/wp\/v2\/categories?post=117645"},{"taxonomy":"post_tag","embeddable":true,"href":"https:\/\/futbolhoy.co\/index.php\/wp-json\/wp\/v2\/tags?post=117645"}],"curies":[{"name":"wp","href":"https:\/\/api.w.org\/{rel}","templated":true}]}}