{"id":11765,"date":"2018-01-04T12:44:03","date_gmt":"2018-01-04T17:44:03","guid":{"rendered":"http:\/\/futbolhoy.co\/?p=11765"},"modified":"2018-01-07T08:48:25","modified_gmt":"2018-01-07T13:48:25","slug":"yerry-mina-llegaria-el-lunes-a-barcelona","status":"publish","type":"post","link":"https:\/\/futbolhoy.co\/index.php\/2018\/01\/04\/yerry-mina-llegaria-el-lunes-a-barcelona\/","title":{"rendered":"Yerry Mina llegar\u00eda el lunes a Barcelona"},"content":{"rendered":"<p style=\"text-align: justify;\">El defensa central de la <strong>Selecci\u00f3n Colombia, Yerry Mina,<\/strong> se presenta este viernes a Palmeiras y deber\u00e1 definir su salida del club brasile\u00f1o para estar el lunes en <strong>Barcelona,<\/strong> donde ser\u00e1 sometido a la revisi\u00f3n m\u00e9dica y firmar\u00e1 un contrato de cinco temporadas con el club catal\u00e1n.<\/p>\n<p style=\"text-align: justify;\">Mina, de 23 a\u00f1os, recibir\u00eda 3,7 millones de euros brutos de salario por a\u00f1o y el cuadro espa\u00f1ol pagar\u00e1 al <strong>Palmeiras<\/strong> 9 millones de euros inicialmente y 3 m\u00e1s en variables, seg\u00fan especific\u00f3<strong> Catalunya Radio.<\/strong><\/p>\n<p style=\"text-align: justify;\">Uno de los puntos que falta por acordar es si el jugador se vincula inmediatamente al conjunto &#8216;blaugrana&#8217; o si lo hace despu\u00e9s del <strong>Mundial de Rusia.<\/strong><\/p>\n<p style=\"text-align: justify;\"><strong>Palmeiras<\/strong> ya vincul\u00f3 a su plantilla en la posici\u00f3n de zaguero central a <strong>Emerson Santos<\/strong> de 22 a\u00f1os procedente de <strong>Botafogo<\/strong>.<\/p>\n","protected":false},"excerpt":{"rendered":"<p>El defensa central de la Selecci\u00f3n Colombia, Yerry Mina, se presenta este viernes a Palmeiras y deber\u00e1 definir su salida del club brasile\u00f1o para estar el lunes en Barcelona, donde ser\u00e1 sometido a la revisi\u00f3n m\u00e9dica y firmar\u00e1 un contrato de cinco temporadas con el club catal\u00e1n. Mina, de 23 a\u00f1os, recibir\u00eda 3,7 millones de [&hellip;]<\/p>\n","protected":false},"author":5,"featured_media":11732,"comment_status":"open","ping_status":"closed","sticky":false,"template":"","format":"standard","meta":{"_acf_changed":false,"footnotes":""},"categories":[152],"tags":[83,270,269],"class_list":{"0":"post-11765","1":"post","2":"type-post","3":"status-publish","4":"format-standard","5":"has-post-thumbnail","7":"category-mundo-futbol","8":"tag-fc-barcelona","9":"tag-palmeiras","10":"tag-yerry-mina"},"acf":[],"_links":{"self":[{"href":"https:\/\/futbolhoy.co\/index.php\/wp-json\/wp\/v2\/posts\/11765","targetHints":{"allow":["GET"]}}],"collection":[{"href":"https:\/\/futbolhoy.co\/index.php\/wp-json\/wp\/v2\/posts"}],"about":[{"href":"https:\/\/futbolhoy.co\/index.php\/wp-json\/wp\/v2\/types\/post"}],"author":[{"embeddable":true,"href":"https:\/\/futbolhoy.co\/index.php\/wp-json\/wp\/v2\/users\/5"}],"replies":[{"embeddable":true,"href":"https:\/\/futbolhoy.co\/index.php\/wp-json\/wp\/v2\/comments?post=11765"}],"version-history":[{"count":1,"href":"https:\/\/futbolhoy.co\/index.php\/wp-json\/wp\/v2\/posts\/11765\/revisions"}],"predecessor-version":[{"id":11767,"href":"https:\/\/futbolhoy.co\/index.php\/wp-json\/wp\/v2\/posts\/11765\/revisions\/11767"}],"wp:featuredmedia":[{"embeddable":true,"href":"https:\/\/futbolhoy.co\/index.php\/wp-json\/wp\/v2\/media\/11732"}],"wp:attachment":[{"href":"https:\/\/futbolhoy.co\/index.php\/wp-json\/wp\/v2\/media?parent=11765"}],"wp:term":[{"taxonomy":"category","embeddable":true,"href":"https:\/\/futbolhoy.co\/index.php\/wp-json\/wp\/v2\/categories?post=11765"},{"taxonomy":"post_tag","embeddable":true,"href":"https:\/\/futbolhoy.co\/index.php\/wp-json\/wp\/v2\/tags?post=11765"}],"curies":[{"name":"wp","href":"https:\/\/api.w.org\/{rel}","templated":true}]}}