{"id":117716,"date":"2025-03-26T21:19:26","date_gmt":"2025-03-27T02:19:26","guid":{"rendered":"https:\/\/futbolhoy.co\/?p=117716"},"modified":"2025-03-27T17:41:52","modified_gmt":"2025-03-27T22:41:52","slug":"carlos-mario-zuluaga-ya-hay-acuerdos-sobre-la-huelga-de-futbolistas","status":"publish","type":"post","link":"https:\/\/futbolhoy.co\/index.php\/2025\/03\/26\/carlos-mario-zuluaga-ya-hay-acuerdos-sobre-la-huelga-de-futbolistas\/","title":{"rendered":"Carlos Mario Zuluaga: \u201cYa hay un acuerdo sobre la huelga de futbolistas\u201d"},"content":{"rendered":"<p style=\"text-align: justify;\"><span style=\"font-weight: 400; font-family: helvetica, arial, sans-serif;\"><strong>El nuevo presidente de la Dimayor, Carlos Mario Zuluaga<\/strong>, entreg\u00f3 sus primeras declaraciones como el m\u00e1ximo dirigente de la Divisi\u00f3n Mayor y dej\u00f3 claro que uno de sus objetivos es devolver la unidad entre los clubes profesionales.\u00a0<\/span><\/p>\n<p style=\"text-align: justify;\"><span style=\"font-weight: 400; font-family: helvetica, arial, sans-serif;\"><strong>Sobre la anunciada huelga de jugadores de Acolfutpro,<\/strong> el nuevo presidente de la Dimayor destac\u00f3 que ya iniciaron conversaciones con la Asociaci\u00f3n y van por buen camino,<\/span><\/p>\n<p style=\"text-align: justify;\"><span style=\"font-weight: 400; font-family: helvetica, arial, sans-serif;\">\u201cLlegamos a un acuerdo con la asociaci\u00f3n donde nos sentaremos a mirar los puntos que faltan. Ya hay acuerdos, muy buenos avances para los jugadores, pero aqu\u00ed tenemos que identificar en que hoy no existe un sindicato de jugadores, <strong>en que el derecho a la huelga es un derecho \u00fanico<\/strong> y exclusivamente de las personas sindicalizadas; las asociaciones pueden llegar a acuerdos, pero no tienen el derecho a la huelga, que una huelga perjudicar\u00eda mucho m\u00e1s a los jugadores y a los equipos que supuestamente no son los que est\u00e1n en el conflicto. Tenemos una reuni\u00f3n programada para el 2 de abril\u201d, asever\u00f3.<\/span><\/p>\n<p style=\"text-align: justify;\"><span style=\"font-weight: 400; font-family: helvetica, arial, sans-serif;\">El expresidente de La Equidad, con amplia trayectoria en el f\u00fatbol colombiano, asegur\u00f3 que buscar\u00e1 mejorar la situaci\u00f3n actual alrededor de la seguridad en los estadios, sobre todo en un tiempo donde los <strong>disturbios entre hinchas han vuelto a tomar protagonismo.<\/strong><\/span><\/p>\n<p style=\"text-align: justify;\"><span style=\"font-weight: 400; font-family: helvetica, arial, sans-serif;\">\u201cTenemos que colaborar, pero definitivamente las autoridades son las que nos deben que colaborar en este sentido. Hoy los clubes est\u00e1n haciendo un gran esfuerzo por lo que es la log\u00edstica que manejamos, <strong>que se convierte en una seguridad privada,<\/strong> pero nosotros tenemos que llegar a acuerdos con las autoridades para que realmente se castigue a las personas\u201d, dijo.<\/span><\/p>\n<p style=\"text-align: justify;\"><span style=\"font-weight: 400; font-family: helvetica, arial, sans-serif;\">Uno de los temas que tomar\u00e1 <strong>relevancia pr\u00f3ximamente es la venta de derechos de televisi\u00f3n,<\/strong> que actualmente le pertenecen a Win Sports hasta 2026.<\/span><\/p>\n<p style=\"text-align: justify;\"><span style=\"font-weight: 400; font-family: helvetica, arial, sans-serif;\">\u201cPor tradici\u00f3n hemos venido empaquetando una serie de activos que no tiene ninguna l\u00f3gica. Todas las ligas y la copa y<strong> el torneo tiene un mismo nombre, estamos cobrando por uno.<\/strong> Eso definitivamente no le conviene al f\u00fatbol. Hay que definir que cada competencia, como debe ser, tenga su propio patrocinador y l\u00f3gicamente los ingresos ser\u00e1n distintos y se distribuir\u00e1n dentro de la liga correspondiente que genere esos ingresos, y ah\u00ed comienza a cambiar un poquito la forma de distribuci\u00f3n\u201d, afirm\u00f3.<\/span><\/p>\n<p style=\"text-align: justify;\"><span style=\"font-weight: 400; font-family: helvetica, arial, sans-serif;\">\u201cOtra cosa importante es que hoy estamos hablando de TV, <strong>pero cada d\u00eda hay productos muy distintos en el mercado:<\/strong> el streaming, los eGames y much\u00edsimas otras cosas que hay que entrar a valorar y mirar posibles clientes u oferentes para ese tipo de productos. Eso cambia totalmente qui\u00e9nes ser\u00edan los oferentes, estamos trabajando y creo que se har\u00e1 de esa forma. Tenemos un tiempo suficiente porque el actual contrato se vence en diciembre del 2026\u2033, a\u00f1adi\u00f3.<\/span><\/p>\n<p style=\"text-align: justify;\"><span style=\"font-weight: 400; font-family: helvetica, arial, sans-serif;\">As\u00ed mismo, <strong>Zuluaga destac\u00f3 la necesidad de que el nivel<\/strong> de los clubes colombianos a nivel internacional mejore.<\/span><\/p>\n<p style=\"text-align: justify;\"><span style=\"font-weight: 400; font-family: helvetica, arial, sans-serif;\">\u201cSi yo tengo una empresa, que es un equipo de f\u00fatbol, y quiero que sea exitosa, necesito ingresos. Y si necesita ingresos, tiene que ser consciente que una parte muy importante de los ingresos en el f\u00fatbol <strong>los produce la participaci\u00f3n en copas internacionales<\/strong>. Por consiguiente hay que mejorar los equipos, hay que invertir un poco para poder ir en b\u00fasqueda de esos grandes ingresos\u201d, dijo.<\/span><\/p>\n","protected":false},"excerpt":{"rendered":"<p>El nuevo presidente de la Dimayor, Carlos Mario Zuluaga, entreg\u00f3 sus primeras declaraciones como el m\u00e1ximo dirigente de la Divisi\u00f3n Mayor y dej\u00f3 claro que uno de sus objetivos es devolver la unidad entre los clubes profesionales.\u00a0 Sobre la anunciada huelga de jugadores de Acolfutpro, el nuevo presidente de la Dimayor destac\u00f3 que ya iniciaron [&hellip;]<\/p>\n","protected":false},"author":4,"featured_media":117717,"comment_status":"open","ping_status":"open","sticky":false,"template":"","format":"standard","meta":{"_acf_changed":false,"footnotes":""},"categories":[7],"tags":[],"class_list":{"0":"post-117716","1":"post","2":"type-post","3":"status-publish","4":"format-standard","5":"has-post-thumbnail","7":"category-liga-betplay"},"acf":[],"yoast_head":"<!-- This site is optimized with the Yoast SEO plugin v26.8 - https:\/\/yoast.com\/product\/yoast-seo-wordpress\/ -->\n<title>Carlos Mario Zuluaga: \u201cYa hay un acuerdo sobre la huelga de futbolistas\u201d -<\/title>\n<meta name=\"robots\" content=\"index, follow, max-snippet:-1, max-image-preview:large, max-video-preview:-1\" \/>\n<link rel=\"canonical\" href=\"https:\/\/futbolhoy.co\/index.php\/2025\/03\/26\/carlos-mario-zuluaga-ya-hay-acuerdos-sobre-la-huelga-de-futbolistas\/\" \/>\n<meta property=\"og:locale\" content=\"es_ES\" \/>\n<meta property=\"og:type\" content=\"article\" \/>\n<meta property=\"og:title\" content=\"Carlos Mario Zuluaga: \u201cYa hay un acuerdo sobre la huelga de futbolistas\u201d -\" \/>\n<meta property=\"og:description\" content=\"El nuevo presidente de la Dimayor, Carlos Mario Zuluaga, entreg\u00f3 sus primeras declaraciones como el m\u00e1ximo dirigente de la Divisi\u00f3n Mayor y dej\u00f3 claro que uno de sus objetivos es devolver la unidad entre los clubes profesionales.\u00a0 Sobre la anunciada huelga de jugadores de Acolfutpro, el nuevo presidente de la Dimayor destac\u00f3 que ya iniciaron [&hellip;]\" \/>\n<meta property=\"og:url\" content=\"https:\/\/futbolhoy.co\/index.php\/2025\/03\/26\/carlos-mario-zuluaga-ya-hay-acuerdos-sobre-la-huelga-de-futbolistas\/\" \/>\n<meta property=\"article:publisher\" content=\"https:\/\/www.facebook.com\/FutbolHoyCol\/\" \/>\n<meta property=\"article:published_time\" content=\"2025-03-27T02:19:26+00:00\" \/>\n<meta property=\"article:modified_time\" content=\"2025-03-27T22:41:52+00:00\" \/>\n<meta property=\"og:image\" content=\"https:\/\/futbolhoy.co\/wp-content\/uploads\/2025\/03\/Captura-de-pantalla-2025-03-26-a-las-9.18.49\u202fp.-m-1024x695.png\" \/>\n\t<meta property=\"og:image:width\" content=\"1024\" \/>\n\t<meta property=\"og:image:height\" content=\"695\" \/>\n\t<meta property=\"og:image:type\" content=\"image\/png\" \/>\n<meta name=\"author\" content=\"contenido\" \/>\n<meta name=\"twitter:card\" content=\"summary_large_image\" \/>\n<meta name=\"twitter:creator\" content=\"@FutbolHoyCol\" \/>\n<meta name=\"twitter:site\" content=\"@FutbolHoyCol\" \/>\n<meta name=\"twitter:label1\" content=\"Escrito por\" \/>\n\t<meta name=\"twitter:data1\" content=\"contenido\" \/>\n\t<meta name=\"twitter:label2\" content=\"Tiempo de lectura\" \/>\n\t<meta name=\"twitter:data2\" content=\"3 minutos\" \/>\n<script type=\"application\/ld+json\" class=\"yoast-schema-graph\">{\"@context\":\"https:\/\/schema.org\",\"@graph\":[{\"@type\":\"Article\",\"@id\":\"https:\/\/futbolhoy.co\/index.php\/2025\/03\/26\/carlos-mario-zuluaga-ya-hay-acuerdos-sobre-la-huelga-de-futbolistas\/#article\",\"isPartOf\":{\"@id\":\"https:\/\/futbolhoy.co\/index.php\/2025\/03\/26\/carlos-mario-zuluaga-ya-hay-acuerdos-sobre-la-huelga-de-futbolistas\/\"},\"author\":{\"name\":\"contenido\",\"@id\":\"https:\/\/futbolhoy.co\/#\/schema\/person\/1721b69355b6623eaff15ac7b92d4cc3\"},\"headline\":\"Carlos Mario Zuluaga: \u201cYa hay un acuerdo sobre la huelga de futbolistas\u201d\",\"datePublished\":\"2025-03-27T02:19:26+00:00\",\"dateModified\":\"2025-03-27T22:41:52+00:00\",\"mainEntityOfPage\":{\"@id\":\"https:\/\/futbolhoy.co\/index.php\/2025\/03\/26\/carlos-mario-zuluaga-ya-hay-acuerdos-sobre-la-huelga-de-futbolistas\/\"},\"wordCount\":572,\"commentCount\":0,\"publisher\":{\"@id\":\"https:\/\/futbolhoy.co\/#organization\"},\"image\":{\"@id\":\"https:\/\/futbolhoy.co\/index.php\/2025\/03\/26\/carlos-mario-zuluaga-ya-hay-acuerdos-sobre-la-huelga-de-futbolistas\/#primaryimage\"},\"thumbnailUrl\":\"https:\/\/futbolhoy.co\/wp-content\/uploads\/2025\/03\/Captura-de-pantalla-2025-03-26-a-las-9.18.49\u202fp.-m.png\",\"articleSection\":[\"Liga BetPlay\"],\"inLanguage\":\"es\",\"potentialAction\":[{\"@type\":\"CommentAction\",\"name\":\"Comment\",\"target\":[\"https:\/\/futbolhoy.co\/index.php\/2025\/03\/26\/carlos-mario-zuluaga-ya-hay-acuerdos-sobre-la-huelga-de-futbolistas\/#respond\"]}]},{\"@type\":\"WebPage\",\"@id\":\"https:\/\/futbolhoy.co\/index.php\/2025\/03\/26\/carlos-mario-zuluaga-ya-hay-acuerdos-sobre-la-huelga-de-futbolistas\/\",\"url\":\"https:\/\/futbolhoy.co\/index.php\/2025\/03\/26\/carlos-mario-zuluaga-ya-hay-acuerdos-sobre-la-huelga-de-futbolistas\/\",\"name\":\"Carlos Mario Zuluaga: \u201cYa hay un acuerdo sobre la huelga de futbolistas\u201d -\",\"isPartOf\":{\"@id\":\"https:\/\/futbolhoy.co\/#website\"},\"primaryImageOfPage\":{\"@id\":\"https:\/\/futbolhoy.co\/index.php\/2025\/03\/26\/carlos-mario-zuluaga-ya-hay-acuerdos-sobre-la-huelga-de-futbolistas\/#primaryimage\"},\"image\":{\"@id\":\"https:\/\/futbolhoy.co\/index.php\/2025\/03\/26\/carlos-mario-zuluaga-ya-hay-acuerdos-sobre-la-huelga-de-futbolistas\/#primaryimage\"},\"thumbnailUrl\":\"https:\/\/futbolhoy.co\/wp-content\/uploads\/2025\/03\/Captura-de-pantalla-2025-03-26-a-las-9.18.49\u202fp.-m.png\",\"datePublished\":\"2025-03-27T02:19:26+00:00\",\"dateModified\":\"2025-03-27T22:41:52+00:00\",\"breadcrumb\":{\"@id\":\"https:\/\/futbolhoy.co\/index.php\/2025\/03\/26\/carlos-mario-zuluaga-ya-hay-acuerdos-sobre-la-huelga-de-futbolistas\/#breadcrumb\"},\"inLanguage\":\"es\",\"potentialAction\":[{\"@type\":\"ReadAction\",\"target\":[\"https:\/\/futbolhoy.co\/index.php\/2025\/03\/26\/carlos-mario-zuluaga-ya-hay-acuerdos-sobre-la-huelga-de-futbolistas\/\"]}]},{\"@type\":\"ImageObject\",\"inLanguage\":\"es\",\"@id\":\"https:\/\/futbolhoy.co\/index.php\/2025\/03\/26\/carlos-mario-zuluaga-ya-hay-acuerdos-sobre-la-huelga-de-futbolistas\/#primaryimage\",\"url\":\"https:\/\/futbolhoy.co\/wp-content\/uploads\/2025\/03\/Captura-de-pantalla-2025-03-26-a-las-9.18.49\u202fp.-m.png\",\"contentUrl\":\"https:\/\/futbolhoy.co\/wp-content\/uploads\/2025\/03\/Captura-de-pantalla-2025-03-26-a-las-9.18.49\u202fp.-m.png\",\"width\":1784,\"height\":1210},{\"@type\":\"BreadcrumbList\",\"@id\":\"https:\/\/futbolhoy.co\/index.php\/2025\/03\/26\/carlos-mario-zuluaga-ya-hay-acuerdos-sobre-la-huelga-de-futbolistas\/#breadcrumb\",\"itemListElement\":[{\"@type\":\"ListItem\",\"position\":1,\"name\":\"Portada\",\"item\":\"https:\/\/futbolhoy.co\/\"},{\"@type\":\"ListItem\",\"position\":2,\"name\":\"Carlos Mario Zuluaga: \u201cYa hay un acuerdo sobre la huelga de futbolistas\u201d\"}]},{\"@type\":\"WebSite\",\"@id\":\"https:\/\/futbolhoy.co\/#website\",\"url\":\"https:\/\/futbolhoy.co\/\",\"name\":\"FutbolHoy\",\"description\":\"\",\"publisher\":{\"@id\":\"https:\/\/futbolhoy.co\/#organization\"},\"potentialAction\":[{\"@type\":\"SearchAction\",\"target\":{\"@type\":\"EntryPoint\",\"urlTemplate\":\"https:\/\/futbolhoy.co\/?s={search_term_string}\"},\"query-input\":{\"@type\":\"PropertyValueSpecification\",\"valueRequired\":true,\"valueName\":\"search_term_string\"}}],\"inLanguage\":\"es\"},{\"@type\":\"Organization\",\"@id\":\"https:\/\/futbolhoy.co\/#organization\",\"name\":\"Futbolhoy.co\",\"url\":\"https:\/\/futbolhoy.co\/\",\"logo\":{\"@type\":\"ImageObject\",\"inLanguage\":\"es\",\"@id\":\"https:\/\/futbolhoy.co\/#\/schema\/logo\/image\/\",\"url\":\"https:\/\/futbolhoy.co\/wp-content\/uploads\/2018\/08\/17426380_1906371736249227_6326180412931521141_n.jpg\",\"contentUrl\":\"https:\/\/futbolhoy.co\/wp-content\/uploads\/2018\/08\/17426380_1906371736249227_6326180412931521141_n.jpg\",\"width\":960,\"height\":960,\"caption\":\"Futbolhoy.co\"},\"image\":{\"@id\":\"https:\/\/futbolhoy.co\/#\/schema\/logo\/image\/\"},\"sameAs\":[\"https:\/\/www.facebook.com\/FutbolHoyCol\/\",\"https:\/\/x.com\/FutbolHoyCol\",\"https:\/\/www.instagram.com\/futbolhoycol\/\"]},{\"@type\":\"Person\",\"@id\":\"https:\/\/futbolhoy.co\/#\/schema\/person\/1721b69355b6623eaff15ac7b92d4cc3\",\"name\":\"contenido\",\"image\":{\"@type\":\"ImageObject\",\"inLanguage\":\"es\",\"@id\":\"https:\/\/futbolhoy.co\/#\/schema\/person\/image\/\",\"url\":\"https:\/\/secure.gravatar.com\/avatar\/4f656d3256f5134f466206e7c3941518?s=96&d=mm&r=g\",\"contentUrl\":\"https:\/\/secure.gravatar.com\/avatar\/4f656d3256f5134f466206e7c3941518?s=96&d=mm&r=g\",\"caption\":\"contenido\"}}]}<\/script>\n<!-- \/ Yoast SEO plugin. -->","yoast_head_json":{"title":"Carlos Mario Zuluaga: \u201cYa hay un acuerdo sobre la huelga de futbolistas\u201d -","robots":{"index":"index","follow":"follow","max-snippet":"max-snippet:-1","max-image-preview":"max-image-preview:large","max-video-preview":"max-video-preview:-1"},"canonical":"https:\/\/futbolhoy.co\/index.php\/2025\/03\/26\/carlos-mario-zuluaga-ya-hay-acuerdos-sobre-la-huelga-de-futbolistas\/","og_locale":"es_ES","og_type":"article","og_title":"Carlos Mario Zuluaga: \u201cYa hay un acuerdo sobre la huelga de futbolistas\u201d -","og_description":"El nuevo presidente de la Dimayor, Carlos Mario Zuluaga, entreg\u00f3 sus primeras declaraciones como el m\u00e1ximo dirigente de la Divisi\u00f3n Mayor y dej\u00f3 claro que uno de sus objetivos es devolver la unidad entre los clubes profesionales.\u00a0 Sobre la anunciada huelga de jugadores de Acolfutpro, el nuevo presidente de la Dimayor destac\u00f3 que ya iniciaron [&hellip;]","og_url":"https:\/\/futbolhoy.co\/index.php\/2025\/03\/26\/carlos-mario-zuluaga-ya-hay-acuerdos-sobre-la-huelga-de-futbolistas\/","article_publisher":"https:\/\/www.facebook.com\/FutbolHoyCol\/","article_published_time":"2025-03-27T02:19:26+00:00","article_modified_time":"2025-03-27T22:41:52+00:00","og_image":[{"width":1024,"height":695,"url":"https:\/\/futbolhoy.co\/wp-content\/uploads\/2025\/03\/Captura-de-pantalla-2025-03-26-a-las-9.18.49\u202fp.-m-1024x695.png","type":"image\/png"}],"author":"contenido","twitter_card":"summary_large_image","twitter_creator":"@FutbolHoyCol","twitter_site":"@FutbolHoyCol","twitter_misc":{"Escrito por":"contenido","Tiempo de lectura":"3 minutos"},"schema":{"@context":"https:\/\/schema.org","@graph":[{"@type":"Article","@id":"https:\/\/futbolhoy.co\/index.php\/2025\/03\/26\/carlos-mario-zuluaga-ya-hay-acuerdos-sobre-la-huelga-de-futbolistas\/#article","isPartOf":{"@id":"https:\/\/futbolhoy.co\/index.php\/2025\/03\/26\/carlos-mario-zuluaga-ya-hay-acuerdos-sobre-la-huelga-de-futbolistas\/"},"author":{"name":"contenido","@id":"https:\/\/futbolhoy.co\/#\/schema\/person\/1721b69355b6623eaff15ac7b92d4cc3"},"headline":"Carlos Mario Zuluaga: \u201cYa hay un acuerdo sobre la huelga de futbolistas\u201d","datePublished":"2025-03-27T02:19:26+00:00","dateModified":"2025-03-27T22:41:52+00:00","mainEntityOfPage":{"@id":"https:\/\/futbolhoy.co\/index.php\/2025\/03\/26\/carlos-mario-zuluaga-ya-hay-acuerdos-sobre-la-huelga-de-futbolistas\/"},"wordCount":572,"commentCount":0,"publisher":{"@id":"https:\/\/futbolhoy.co\/#organization"},"image":{"@id":"https:\/\/futbolhoy.co\/index.php\/2025\/03\/26\/carlos-mario-zuluaga-ya-hay-acuerdos-sobre-la-huelga-de-futbolistas\/#primaryimage"},"thumbnailUrl":"https:\/\/futbolhoy.co\/wp-content\/uploads\/2025\/03\/Captura-de-pantalla-2025-03-26-a-las-9.18.49\u202fp.-m.png","articleSection":["Liga BetPlay"],"inLanguage":"es","potentialAction":[{"@type":"CommentAction","name":"Comment","target":["https:\/\/futbolhoy.co\/index.php\/2025\/03\/26\/carlos-mario-zuluaga-ya-hay-acuerdos-sobre-la-huelga-de-futbolistas\/#respond"]}]},{"@type":"WebPage","@id":"https:\/\/futbolhoy.co\/index.php\/2025\/03\/26\/carlos-mario-zuluaga-ya-hay-acuerdos-sobre-la-huelga-de-futbolistas\/","url":"https:\/\/futbolhoy.co\/index.php\/2025\/03\/26\/carlos-mario-zuluaga-ya-hay-acuerdos-sobre-la-huelga-de-futbolistas\/","name":"Carlos Mario Zuluaga: \u201cYa hay un acuerdo sobre la huelga de futbolistas\u201d -","isPartOf":{"@id":"https:\/\/futbolhoy.co\/#website"},"primaryImageOfPage":{"@id":"https:\/\/futbolhoy.co\/index.php\/2025\/03\/26\/carlos-mario-zuluaga-ya-hay-acuerdos-sobre-la-huelga-de-futbolistas\/#primaryimage"},"image":{"@id":"https:\/\/futbolhoy.co\/index.php\/2025\/03\/26\/carlos-mario-zuluaga-ya-hay-acuerdos-sobre-la-huelga-de-futbolistas\/#primaryimage"},"thumbnailUrl":"https:\/\/futbolhoy.co\/wp-content\/uploads\/2025\/03\/Captura-de-pantalla-2025-03-26-a-las-9.18.49\u202fp.-m.png","datePublished":"2025-03-27T02:19:26+00:00","dateModified":"2025-03-27T22:41:52+00:00","breadcrumb":{"@id":"https:\/\/futbolhoy.co\/index.php\/2025\/03\/26\/carlos-mario-zuluaga-ya-hay-acuerdos-sobre-la-huelga-de-futbolistas\/#breadcrumb"},"inLanguage":"es","potentialAction":[{"@type":"ReadAction","target":["https:\/\/futbolhoy.co\/index.php\/2025\/03\/26\/carlos-mario-zuluaga-ya-hay-acuerdos-sobre-la-huelga-de-futbolistas\/"]}]},{"@type":"ImageObject","inLanguage":"es","@id":"https:\/\/futbolhoy.co\/index.php\/2025\/03\/26\/carlos-mario-zuluaga-ya-hay-acuerdos-sobre-la-huelga-de-futbolistas\/#primaryimage","url":"https:\/\/futbolhoy.co\/wp-content\/uploads\/2025\/03\/Captura-de-pantalla-2025-03-26-a-las-9.18.49\u202fp.-m.png","contentUrl":"https:\/\/futbolhoy.co\/wp-content\/uploads\/2025\/03\/Captura-de-pantalla-2025-03-26-a-las-9.18.49\u202fp.-m.png","width":1784,"height":1210},{"@type":"BreadcrumbList","@id":"https:\/\/futbolhoy.co\/index.php\/2025\/03\/26\/carlos-mario-zuluaga-ya-hay-acuerdos-sobre-la-huelga-de-futbolistas\/#breadcrumb","itemListElement":[{"@type":"ListItem","position":1,"name":"Portada","item":"https:\/\/futbolhoy.co\/"},{"@type":"ListItem","position":2,"name":"Carlos Mario Zuluaga: \u201cYa hay un acuerdo sobre la huelga de futbolistas\u201d"}]},{"@type":"WebSite","@id":"https:\/\/futbolhoy.co\/#website","url":"https:\/\/futbolhoy.co\/","name":"FutbolHoy","description":"","publisher":{"@id":"https:\/\/futbolhoy.co\/#organization"},"potentialAction":[{"@type":"SearchAction","target":{"@type":"EntryPoint","urlTemplate":"https:\/\/futbolhoy.co\/?s={search_term_string}"},"query-input":{"@type":"PropertyValueSpecification","valueRequired":true,"valueName":"search_term_string"}}],"inLanguage":"es"},{"@type":"Organization","@id":"https:\/\/futbolhoy.co\/#organization","name":"Futbolhoy.co","url":"https:\/\/futbolhoy.co\/","logo":{"@type":"ImageObject","inLanguage":"es","@id":"https:\/\/futbolhoy.co\/#\/schema\/logo\/image\/","url":"https:\/\/futbolhoy.co\/wp-content\/uploads\/2018\/08\/17426380_1906371736249227_6326180412931521141_n.jpg","contentUrl":"https:\/\/futbolhoy.co\/wp-content\/uploads\/2018\/08\/17426380_1906371736249227_6326180412931521141_n.jpg","width":960,"height":960,"caption":"Futbolhoy.co"},"image":{"@id":"https:\/\/futbolhoy.co\/#\/schema\/logo\/image\/"},"sameAs":["https:\/\/www.facebook.com\/FutbolHoyCol\/","https:\/\/x.com\/FutbolHoyCol","https:\/\/www.instagram.com\/futbolhoycol\/"]},{"@type":"Person","@id":"https:\/\/futbolhoy.co\/#\/schema\/person\/1721b69355b6623eaff15ac7b92d4cc3","name":"contenido","image":{"@type":"ImageObject","inLanguage":"es","@id":"https:\/\/futbolhoy.co\/#\/schema\/person\/image\/","url":"https:\/\/secure.gravatar.com\/avatar\/4f656d3256f5134f466206e7c3941518?s=96&d=mm&r=g","contentUrl":"https:\/\/secure.gravatar.com\/avatar\/4f656d3256f5134f466206e7c3941518?s=96&d=mm&r=g","caption":"contenido"}}]}},"publishpress_future_action":{"enabled":false,"date":"2026-05-05 06:03:36","action":"change-status","newStatus":"draft","terms":[],"taxonomy":"category","extraData":[]},"publishpress_future_workflow_manual_trigger":{"enabledWorkflows":[]},"_links":{"self":[{"href":"https:\/\/futbolhoy.co\/index.php\/wp-json\/wp\/v2\/posts\/117716","targetHints":{"allow":["GET"]}}],"collection":[{"href":"https:\/\/futbolhoy.co\/index.php\/wp-json\/wp\/v2\/posts"}],"about":[{"href":"https:\/\/futbolhoy.co\/index.php\/wp-json\/wp\/v2\/types\/post"}],"author":[{"embeddable":true,"href":"https:\/\/futbolhoy.co\/index.php\/wp-json\/wp\/v2\/users\/4"}],"replies":[{"embeddable":true,"href":"https:\/\/futbolhoy.co\/index.php\/wp-json\/wp\/v2\/comments?post=117716"}],"version-history":[{"count":2,"href":"https:\/\/futbolhoy.co\/index.php\/wp-json\/wp\/v2\/posts\/117716\/revisions"}],"predecessor-version":[{"id":117719,"href":"https:\/\/futbolhoy.co\/index.php\/wp-json\/wp\/v2\/posts\/117716\/revisions\/117719"}],"wp:featuredmedia":[{"embeddable":true,"href":"https:\/\/futbolhoy.co\/index.php\/wp-json\/wp\/v2\/media\/117717"}],"wp:attachment":[{"href":"https:\/\/futbolhoy.co\/index.php\/wp-json\/wp\/v2\/media?parent=117716"}],"wp:term":[{"taxonomy":"category","embeddable":true,"href":"https:\/\/futbolhoy.co\/index.php\/wp-json\/wp\/v2\/categories?post=117716"},{"taxonomy":"post_tag","embeddable":true,"href":"https:\/\/futbolhoy.co\/index.php\/wp-json\/wp\/v2\/tags?post=117716"}],"curies":[{"name":"wp","href":"https:\/\/api.w.org\/{rel}","templated":true}]}}